{"id":252729,"date":"2025-07-17T01:46:14","date_gmt":"2025-07-17T01:46:14","guid":{"rendered":"https:\/\/www.europesays.com\/fr\/252729\/"},"modified":"2025-07-17T01:46:14","modified_gmt":"2025-07-17T01:46:14","slug":"monetiser-la-5e-semaine-de-conge-lidee-a-haut-risque-du-gouvernement","status":"publish","type":"post","link":"https:\/\/www.europesays.com\/fr\/252729\/","title":{"rendered":"mon\u00e9tiser la 5e semaine de cong\u00e9, l\u2019id\u00e9e \u00e0 haut risque du gouvernement"},"content":{"rendered":"<p><strong>D\u00c9CRYPTAGE<\/strong> &#8211; Annonc\u00e9e par Astrid Panosyan-Bouvet lors de la pr\u00e9sentation des orientations budg\u00e9taires pour 2026, la piste n\u2019est pas acceptable pour les syndicats.<\/p>\n<p class=\"fig-paragraph\">Dans\u00a0<a href=\"http:\/\/www.lefigaro.fr\/conjoncture\/impots-retraites-annee-blanche-jours-feries-ce-qu-il-faut-retenir-des-annonces-de-francois-bayrou-sur-le-budget-2026-20250715\" data-fig-type=\"NewsFlash\" data-gtm-custom-categorie=\"navigation\" data-gtm-custom-action=\"crossclick\" data-gtm-custom-label=\"Contextuel\" data-gtm-event=\"customEventSPE\" data-fig-domain=\"LEFIGARO\" rel=\"nofollow noopener\" target=\"_blank\">la longue liste de mesures avanc\u00e9es<\/a>\u00a0ce mardi 15\u00a0juillet par le gouvernement pour redresser les comptes de la France, la mon\u00e9tisation de la cinqui\u00e8me semaine de cong\u00e9s pay\u00e9s est presque pass\u00e9e inaper\u00e7ue. Contrairement \u00e0 la\u00a0<a href=\"http:\/\/www.lefigaro.fr\/conjoncture\/francois-bayrou-propose-la-suppression-de-deux-jours-feries-citant-en-exemples-le-lundi-de-paques-et-le-8-mai-20250715\" target=\"_blank\" data-fig-type=\"NewsFlash\" rel=\"noopener nofollow\" data-gtm-custom-categorie=\"navigation\" data-gtm-custom-action=\"crossclick\" data-gtm-custom-label=\"Contextuel\" data-gtm-event=\"customEventSPE\" data-fig-domain=\"LEFIGARO\">suppression de deux jours f\u00e9ri\u00e9s<\/a>, le non-renouvellement de 3000 fonctionnaires, ou la mise en place d\u2019une \u00ab\u00a0ann\u00e9e blanche\u00a0\u00bb, Fran\u00e7ois Bayrou a choisi de ne pas \u00e9voquer cette piste, laissant le soin \u00e0\u00a0<a href=\"http:\/\/www.lefigaro.fr\/social\/retraites-astrid-panosyan-bouvet-juge-necessaire-de-travailler-plus-longtemps-20250223\" target=\"_blank\" data-fig-type=\"NewsFlash\" rel=\"noopener nofollow\" data-gtm-custom-categorie=\"navigation\" data-gtm-custom-action=\"crossclick\" data-gtm-custom-label=\"Contextuel\" data-gtm-event=\"customEventSPE\" data-fig-domain=\"LEFIGARO\">Astrid Panosyan-Bouvet<\/a>\u00a0de l\u2019annoncer elle-m\u00eame.<\/p>\n<p class=\"fig-paragraph\">\u00ab\u00a0Nous voulons rechercher (\u2026) un objectif d\u2019incitation \u00e0 augmenter le temps de travail, dans un contexte o\u00f9 d\u00e9j\u00e0 quatre salari\u00e9s sur dix font des heures suppl\u00e9mentaires, avec par exemple la possibilit\u00e9 de mon\u00e9tiser la cinqui\u00e8me semaine de cong\u00e9s pay\u00e9s\u00a0\u00bb, a d\u00e9taill\u00e9 la ministre du Travail en aval du discours du premier ministre. Selon l\u2019ex\u00e9cutif, la mesure s\u2019inscrit dans un plan plus large qui doit permettre aux employ\u00e9s de \u00ab\u00a0travailler plus nombreux, davantage et mieux\u00a0\u00bb.\u00a0<\/p>\n<p class=\"fig-body-link\">\n            \u00c0 lire aussi<br \/>\n        <a class=\"fig-body-link__link fig-premium-mark\" href=\"http:\/\/www.lefigaro.fr\/decideurs\/vie-bureau\/comment-vous-faire-payer-ces-rtt-que-vous-n-avez-pas-prises-20230524\" data-fig-type=\"Article\" data-gtm-custom-categorie=\"navigation\" data-gtm-custom-action=\"crossclick\" data-gtm-custom-label=\"Contextuel\" data-gtm-event=\"customEventSPE\" data-fig-domain=\"LEFIGARO\" rel=\"nofollow noopener\" target=\"_blank\">Comment vous faire payer ces RTT que vous n&rsquo;avez pas prises\u00a0?<br \/>\n    <\/a>\n<\/p>\n<p>\u00abUn coup de canif contre les 35\u00a0heures\u00a0\u00bb<\/p>\n<p class=\"fig-paragraph\">Pour le moment, ses contours restent\u2026<\/p>\n<p class=\"fig-premium-paywall__infos\">\n        Cet article est r\u00e9serv\u00e9 aux abonn\u00e9s.        Il vous reste 72% \u00e0 d\u00e9couvrir.\n    <\/p>\n<p>                <img  data- alt=\"Le Figaro\" class=\"fig-img--complete fig-img\"\/><\/p>\n<p class=\"fig-premium-paywall__title\">Vous avez envie de lire la suite ?<\/p>\n<p class=\"fig-premium-paywall__subtitle\">D\u00e9bloquez tous les articles imm\u00e9diatement.<\/p>\n<p class=\"fig-premium-paywall__connect\">\n                D\u00e9j\u00e0 abonn\u00e9\u00a0?                <a class=\"fig-premium-paywall__connect-link\" href=\"https:\/\/connect.lefigaro.fr\/login?client=horizon_web&amp;type=main&amp;redirect_uri=https%3A%2F%2Fwww.lefigaro.fr%2Fsocial%2Fbudget-2026-monetiser-la-5e-semaine-de-conge-l-idee-a-haut-risque-du-gouvernement-20250716\" data-js-gtm=\"{&quot;customCategorie&quot;: &quot;conversion&quot;, &quot;customAction&quot;: &quot;before_Landing_Connexion_paywall_auto&quot;, &quot;customLabel&quot;: &quot;bGVmaWdhcm8uZnJfXzFmMDYyMWZhLWY5Y2YtNjVmNC1iN2ZmLWQ1MGE2NDk0NTdhNF9fTmV3c0ZsYXNo_Budget 2026\u00a0: mon\u00e9tiser la 5&lt;sup&gt;e&lt;\/sup&gt; semaine de cong\u00e9, l\u2019id\u00e9e \u00e0 haut risque du gouvernement_34&quot;, &quot;customIDSPE&quot;: &quot;bGVmaWdhcm8uZnJfXzFmMDYyMWZhLWY5Y2YtNjVmNC1iN2ZmLWQ1MGE2NDk0NTdhNF9fTmV3c0ZsYXNo&quot;, &quot;event&quot;: &quot;customEventSPE&quot;}\" rel=\"nofollow noopener\" target=\"_blank\"><br \/>\n                    Connectez-vous<br \/>\n                <\/a>\n            <\/p>\n","protected":false},"excerpt":{"rendered":"D\u00c9CRYPTAGE &#8211; Annonc\u00e9e par Astrid Panosyan-Bouvet lors de la pr\u00e9sentation des orientations budg\u00e9taires pour 2026, la piste n\u2019est&hellip;\n","protected":false},"author":2,"featured_media":252730,"comment_status":"","ping_status":"","sticky":false,"template":"","format":"standard","meta":{"footnotes":""},"categories":[2],"tags":[11,1003,39302,1011,27,12,25],"class_list":{"0":"post-252729","1":"post","2":"type-post","3":"status-publish","4":"format-standard","5":"has-post-thumbnail","7":"category-actualites","8":"tag-actualites","9":"tag-budget","10":"tag-conges-payes","11":"tag-fr","12":"tag-france","13":"tag-news","14":"tag-republique-francaise"},"share_on_mastodon":{"url":"https:\/\/pubeurope.com\/@fr\/114866053695507023","error":""},"_links":{"self":[{"href":"https:\/\/www.europesays.com\/fr\/wp-json\/wp\/v2\/posts\/252729","targetHints":{"allow":["GET"]}}],"collection":[{"href":"https:\/\/www.europesays.com\/fr\/wp-json\/wp\/v2\/posts"}],"about":[{"href":"https:\/\/www.europesays.com\/fr\/wp-json\/wp\/v2\/types\/post"}],"author":[{"embeddable":true,"href":"https:\/\/www.europesays.com\/fr\/wp-json\/wp\/v2\/users\/2"}],"replies":[{"embeddable":true,"href":"https:\/\/www.europesays.com\/fr\/wp-json\/wp\/v2\/comments?post=252729"}],"version-history":[{"count":0,"href":"https:\/\/www.europesays.com\/fr\/wp-json\/wp\/v2\/posts\/252729\/revisions"}],"wp:featuredmedia":[{"embeddable":true,"href":"https:\/\/www.europesays.com\/fr\/wp-json\/wp\/v2\/media\/252730"}],"wp:attachment":[{"href":"https:\/\/www.europesays.com\/fr\/wp-json\/wp\/v2\/media?parent=252729"}],"wp:term":[{"taxonomy":"category","embeddable":true,"href":"https:\/\/www.europesays.com\/fr\/wp-json\/wp\/v2\/categories?post=252729"},{"taxonomy":"post_tag","embeddable":true,"href":"https:\/\/www.europesays.com\/fr\/wp-json\/wp\/v2\/tags?post=252729"}],"curies":[{"name":"wp","href":"https:\/\/api.w.org\/{rel}","templated":true}]}}