{"id":252737,"date":"2025-07-17T01:51:08","date_gmt":"2025-07-17T01:51:08","guid":{"rendered":"https:\/\/www.europesays.com\/fr\/252737\/"},"modified":"2025-07-17T01:51:08","modified_gmt":"2025-07-17T01:51:08","slug":"stade-francais-montauban-en-ouverture-du-top-14-le-6-septembre-a-13-heures-clermont-toulouse-le-7-septembre-a-21h05-lequipe","status":"publish","type":"post","link":"https:\/\/www.europesays.com\/fr\/252737\/","title":{"rendered":"Stade Fran\u00e7ais-Montauban en ouverture du Top 14 le 6 septembre \u00e0 13 heures, Clermont-Toulouse le 7 septembre \u00e0 21h05 &#8211; L&#039;\u00c9quipe"},"content":{"rendered":"<ol>\n<li><a href=\"https:\/\/news.google.com\/rss\/articles\/CBMi9gFBVV95cUxPejdoQ2VBTUVIX3NOMHlhc2pRZWRfdVBSZVdUb29IYTcweDN5bGdRd0VNQVV6N2hiY0haZXpKdGZUUE84eHNMUDA4MV94cDFzMDlxSjlTVk1QMy1YdkM3elhMNndwUXJsaEVGUi1CdE5KRlBpU0E0ekNYa0FjMzlxZ1VJMlpXWWNQVGJjRWtTOEMybjBVQi1PT3NRb3pscjBIYThmNDFwSEV2TVA2R0J0SXZpdU5SNjFVOEJOSHpUMVBCQnJTMGY5QlNCeVpkdG9Yc0NOdWlkZUlHbDVRM0NhUDVKLVpqMnVJU2VYc0FsYVM2UndKaFE?oc=5\" target=\"_blank\" rel=\"nofollow noopener\">Stade Fran\u00e7ais-Montauban en ouverture du Top 14 le 6 septembre \u00e0 13 heures, Clermont-Toulouse le 7 septembre \u00e0 21h05<\/a>&nbsp;&nbsp;L&rsquo;\u00c9quipe<\/li>\n<li><a href=\"https:\/\/news.google.com\/rss\/articles\/CBMi5wFBVV95cUxPNklGRHZZUmZRSFJWWHJ6azZqT2FUaHpfT2g3RUxBdk9SUXB0RlBDN2E2a21BSE5yZHAzamltM0tWZ21JMDdVYndCQXRJeE9WaVRUYlhVVVJPSmk3aTQ0aERoU2t0anphUm1ibWdrdm5xSVBBWGNUcllsVjQ0Mm5yQkFRSHdvVlA2OFpHWW5xR0I0UUFsVVNOTGZDWnhxazlZT2RMYjFYS1RPUnUzanBDdUhNeTRqR1RwaE1vQ3VadEQ4a1Q3eG02aWxLUTk0NUYzODJSMi11MTJkNUsyd0QzRjYtVmEzWEU?oc=5\" target=\"_blank\" rel=\"nofollow noopener\">Des horaires sp\u00e9ciaux, Stade fran\u00e7ais &#8211; Montauban au premier match : la programmation de la 1e journ\u00e9e<\/a>&nbsp;&nbsp;Rugbyrama<\/li>\n<li><a href=\"https:\/\/news.google.com\/rss\/articles\/CBMilAFBVV95cUxNZ0QtdU0yY1p0MTVad3RuNXlTRGhqMUhRYU80bUZUaDIwaDBaTWRSbGRMSnhzMGQ1RjExaDdjVFM5TzBVWm9lZTcxYzRDS20xR3p3b2h3MkloNklOYTVUNTVyUHZ2ZUhGa1prdWJhRXNrZFQzTUdNMjJuV1dPdjhwNWk5WE1vODFLRUZCdHJ5Zm5PeVo3?oc=5\" target=\"_blank\" rel=\"nofollow noopener\">Les quatre premi\u00e8res rencontres programm\u00e9es !<\/a>&nbsp;&nbsp;Stade Rochelais<\/li>\n<li><a href=\"https:\/\/news.google.com\/rss\/articles\/CBMihAJBVV95cUxNUmllWDZEWlZvNlEwX0lVSjAxenp4d29MakFJbFNqdjBmUGhjeWxGb2ZZYU9SM2QyTEdkWDc2MmtYT2E3ckgtUWxnZzlvc2ZfVjZCZ2txTUV1ZzF1LWI1ZWJFeElRbmV2TkF6Q3RQdEJ6cE9pT1FReUlmdzRwMWNFcXB2V3JDME1KdjRNY3JjLW5Xd2p1NUM4Z3pSWjNkR2FQY1FzOWlTTFZma09ORVlab0NTRGtqM3VxeDhabGo1d3dWNHExd1BmeHhZOF9HQUEydjFJYnF4cU1yd285YWdaNlZWTnVDT0hrSVN5Y3lnZFl3WnZBT0o0cnBDbHZKNnFMVDJiVw?oc=5\" target=\"_blank\" rel=\"nofollow noopener\">Un prime time pour commencer : l&rsquo;ASM Clermont conna\u00eet la programmation de ses quatre premiers matchs de Top 14<\/a>&nbsp;&nbsp;La Montagne<\/li>\n<li><a href=\"https:\/\/news.google.com\/rss\/articles\/CBMigAFBVV95cUxQUUUyQXFuZm9zbWsyel9HNmhoZWk3ODh4UDB6SDNTOEtjMVVCa1RFbkFNRWxyS3JOYjNBN0tmUy1fSVVXUEhQVFVTYUpaVU1GRlRXMnd6ZEQwQW1LR3hGWGNjZFI2MDRQcXM1M1hsVW56Vmg4U3RsR2xiMjRWRzBqTA?oc=5\" target=\"_blank\" rel=\"nofollow noopener\">TOP 14 : Le calendrier des 4 premi\u00e8res journ\u00e9es d\u00e9voil\u00e9<\/a>&nbsp;&nbsp;RCT<\/li>\n<\/ol>\n","protected":false},"excerpt":{"rendered":"Stade Fran\u00e7ais-Montauban en ouverture du Top 14 le 6 septembre \u00e0 13 heures, Clermont-Toulouse le 7 septembre \u00e0&hellip;\n","protected":false},"author":2,"featured_media":252738,"comment_status":"","ping_status":"","sticky":false,"template":"","format":"standard","meta":{"footnotes":""},"categories":[1416],"tags":[1011,27,479,1468,60],"class_list":{"0":"post-252737","1":"post","2":"type-post","3":"status-publish","4":"format-standard","5":"has-post-thumbnail","7":"category-rugby","8":"tag-fr","9":"tag-france","10":"tag-rugby","11":"tag-rugby-football","12":"tag-sports"},"share_on_mastodon":{"url":"https:\/\/pubeurope.com\/@fr\/114866073396244566","error":""},"_links":{"self":[{"href":"https:\/\/www.europesays.com\/fr\/wp-json\/wp\/v2\/posts\/252737","targetHints":{"allow":["GET"]}}],"collection":[{"href":"https:\/\/www.europesays.com\/fr\/wp-json\/wp\/v2\/posts"}],"about":[{"href":"https:\/\/www.europesays.com\/fr\/wp-json\/wp\/v2\/types\/post"}],"author":[{"embeddable":true,"href":"https:\/\/www.europesays.com\/fr\/wp-json\/wp\/v2\/users\/2"}],"replies":[{"embeddable":true,"href":"https:\/\/www.europesays.com\/fr\/wp-json\/wp\/v2\/comments?post=252737"}],"version-history":[{"count":0,"href":"https:\/\/www.europesays.com\/fr\/wp-json\/wp\/v2\/posts\/252737\/revisions"}],"wp:featuredmedia":[{"embeddable":true,"href":"https:\/\/www.europesays.com\/fr\/wp-json\/wp\/v2\/media\/252738"}],"wp:attachment":[{"href":"https:\/\/www.europesays.com\/fr\/wp-json\/wp\/v2\/media?parent=252737"}],"wp:term":[{"taxonomy":"category","embeddable":true,"href":"https:\/\/www.europesays.com\/fr\/wp-json\/wp\/v2\/categories?post=252737"},{"taxonomy":"post_tag","embeddable":true,"href":"https:\/\/www.europesays.com\/fr\/wp-json\/wp\/v2\/tags?post=252737"}],"curies":[{"name":"wp","href":"https:\/\/api.w.org\/{rel}","templated":true}]}}