{"id":252741,"date":"2025-07-17T01:53:20","date_gmt":"2025-07-17T01:53:20","guid":{"rendered":"https:\/\/www.europesays.com\/fr\/252741\/"},"modified":"2025-07-17T01:53:20","modified_gmt":"2025-07-17T01:53:20","slug":"un-plateau-releve-pour-lasvel","status":"publish","type":"post","link":"https:\/\/www.europesays.com\/fr\/252741\/","title":{"rendered":"Un plateau relev\u00e9 pour l&rsquo;ASVEL"},"content":{"rendered":"<p>                            <img decoding=\"async\" class=\"img-fluid thumbnail__news\" src=\"https:\/\/www.europesays.com\/fr\/wp-content\/uploads\/2025\/07\/594edf73-77f0-42ee-9355-0d323075d3bc.jpg\" alt=\"Un plateau relev\u00e9 pour l'ASVEL\"\/><\/p>\n<p>Bellenger\/IS\/FFBB<\/p>\n<p>                                                        Finaliste de la comp\u00e9tition en 2024, l&rsquo;ASVEL a h\u00e9rit\u00e9 d&rsquo;un plateau 16e, 8e de finale plut\u00f4t relev\u00e9 avec quatre \u00e9quipe de niveau national. Le samedi 16 f\u00e9vrier, Appolinaire Loussavouvou et ses partenaires devront se d\u00e9faire d&rsquo;Oullins Sainte Foy avant de retrouver le lendemain le vainqueur du match Blois &#8211; Paris Basket.<\/p>\n<p><strong>Programme des 16e et huiti\u00e8mes de finale<\/strong><br \/><strong>Plateau n\u00b01 : Antibes (06)<\/strong><br \/>Samedi 15 f\u00e9vrier 2025<br \/>17h15 : Venelles BC (R\u00e9gional, +7) &#8211; IE CTC Marseille M\u00e9tropole &#8211; SMUC (National)<br \/>20h00 : Olympique Antibes (National) &#8211; AS Monaco (National)<\/p>\n<p>Dimanche 16 f\u00e9vrier 2025<br \/>Vainiqueur match 1 &#8211; Vainqueur match 2<\/p>\n<p><strong>Plateau n\u00b02 : Talence (33)<\/strong><br \/>Samedi 15 f\u00e9vrier 2025<br \/>17h15 : Boulazac BD (National) &#8211; Limoges CSP (National)<br \/>20h00 : EB Pau-Lacq-Orthez (National) &#8211; JSA Bordeaux (National)<\/p>\n<p>Dimanche 16 f\u00e9vrier 2025<br \/>Vainiqueur match 1 &#8211; Vainqueur match 2<\/p>\n<p><strong>Plateau n\u00b03 : Ploudalmezeau (29)<\/strong><br \/>Samedi 15 f\u00e9vrier 2025<br \/>17h15 : Cholet Basket (National) &#8211; Etoile Angers Basket (National)<br \/>20h00 : IE-CTC Rance Estuaire Basket (R\u00e9gional, +7) &#8211; Le Mans SCM (National)<\/p>\n<p>Dimanche 16 f\u00e9vrier 2025<br \/>Vainiqueur match 1 &#8211; Vainqueur match 2<\/p>\n<p><strong>Plateau n\u00b04 : Ifs (14)<\/strong><br \/>Samedi 15 f\u00e9vrier 2025<br \/>17h15 : Levallois SCB (R\u00e9gional, +7) &#8211; JSF Nanterre (National)<br \/>20h00 : STB Le Havre (National) &#8211; Rouen Metropole Basket (National)<\/p>\n<p>Dimanche 16 f\u00e9vrier 2025<br \/>Vainiqueur match 1 &#8211; Vainqueur match 2<\/p>\n<p><strong>Plateau n\u00b05 : Pontoise (95)<\/strong><br \/>Samedi 15 f\u00e9vrier 2025<br \/>15h00 : ADA Blois (National) &#8211; Paris Basketball (National)<br \/>17h15 : IE &#8211; Oullins Ste Foy BB (National) &#8211; ASVEL Basket (National)<\/p>\n<p>Dimanche 16 f\u00e9vrier 2025<br \/>Vainiqueur match 1 &#8211; Vainqueur match 2<\/p>\n<p><strong>Plateau n\u00b06 : Saint Quentin (02)<\/strong><br \/>Samedi 15 f\u00e9vrier 2025<br \/>17h15 : BCM Gravelines (National) &#8211; SLUC Nancy BA (National)<br \/>20h00 : IE-CTC Ozoir Val d&rsquo;Europe (R\u00e9gional, +7) &#8211; Saint Quention BB (National)<\/p>\n<p>Dimanche 16 f\u00e9vrier 2025<br \/>Vainiqueur match 1 &#8211; Vainqueur match 2<\/p>\n<p><strong>Plateau n\u00b07 : Gries (67)<\/strong><br \/>Samedi 15 f\u00e9vrier 2025<br \/>17h15 : JDA Dijon (National) &#8211; JL Bourg-en-Bresse (National)<br \/>20h00 : Bask Furdenheim (R\u00e9gional, +7) &#8211; SIG Strasbourg (National)<\/p>\n<p>Dimanche 16 f\u00e9vrier 2025<br \/>Vainiqueur match 1 &#8211; Vainqueur match 2<\/p>\n<p><strong>Plateau n\u00b08 : Cournon d&rsquo;Auvergne (63)<\/strong><br \/>Samedi 15 f\u00e9vrier 2025<br \/>17h15 : Vaulx en Velin BC (R\u00e9gional, +7) &#8211; Chorale Roanne (National)<br \/>20h00 : IE-CTC Basket Centre Is\u00e8re &#8211; BC Bavonne (R\u00e9gional, +7) &#8211; Saint Chamons BVG (National)<\/p>\n<p>Dimanche 16 f\u00e9vrier 2025<br \/>Vainiqueur match 1 &#8211; Vainqueur match 2<\/p>\n","protected":false},"excerpt":{"rendered":"Bellenger\/IS\/FFBB Finaliste de la comp\u00e9tition en 2024, l&rsquo;ASVEL a h\u00e9rit\u00e9 d&rsquo;un plateau 16e, 8e de finale plut\u00f4t relev\u00e9&hellip;\n","protected":false},"author":2,"featured_media":252742,"comment_status":"","ping_status":"","sticky":false,"template":"","format":"standard","meta":{"footnotes":""},"categories":[1414],"tags":[1465,1464,1011,27,60],"class_list":{"0":"post-252741","1":"post","2":"type-post","3":"status-publish","4":"format-standard","5":"has-post-thumbnail","7":"category-basket","8":"tag-basket","9":"tag-basketball","10":"tag-fr","11":"tag-france","12":"tag-sports"},"share_on_mastodon":{"url":"https:\/\/pubeurope.com\/@fr\/114866081259184620","error":""},"_links":{"self":[{"href":"https:\/\/www.europesays.com\/fr\/wp-json\/wp\/v2\/posts\/252741","targetHints":{"allow":["GET"]}}],"collection":[{"href":"https:\/\/www.europesays.com\/fr\/wp-json\/wp\/v2\/posts"}],"about":[{"href":"https:\/\/www.europesays.com\/fr\/wp-json\/wp\/v2\/types\/post"}],"author":[{"embeddable":true,"href":"https:\/\/www.europesays.com\/fr\/wp-json\/wp\/v2\/users\/2"}],"replies":[{"embeddable":true,"href":"https:\/\/www.europesays.com\/fr\/wp-json\/wp\/v2\/comments?post=252741"}],"version-history":[{"count":0,"href":"https:\/\/www.europesays.com\/fr\/wp-json\/wp\/v2\/posts\/252741\/revisions"}],"wp:featuredmedia":[{"embeddable":true,"href":"https:\/\/www.europesays.com\/fr\/wp-json\/wp\/v2\/media\/252742"}],"wp:attachment":[{"href":"https:\/\/www.europesays.com\/fr\/wp-json\/wp\/v2\/media?parent=252741"}],"wp:term":[{"taxonomy":"category","embeddable":true,"href":"https:\/\/www.europesays.com\/fr\/wp-json\/wp\/v2\/categories?post=252741"},{"taxonomy":"post_tag","embeddable":true,"href":"https:\/\/www.europesays.com\/fr\/wp-json\/wp\/v2\/tags?post=252741"}],"curies":[{"name":"wp","href":"https:\/\/api.w.org\/{rel}","templated":true}]}}