{"id":252743,"date":"2025-07-17T01:54:09","date_gmt":"2025-07-17T01:54:09","guid":{"rendered":"https:\/\/www.europesays.com\/fr\/252743\/"},"modified":"2025-07-17T01:54:09","modified_gmt":"2025-07-17T01:54:09","slug":"p-espargaro-remplacera-vinales-a-brno","status":"publish","type":"post","link":"https:\/\/www.europesays.com\/fr\/252743\/","title":{"rendered":"P.Espargar\u00f3 remplacera Vi\u00f1ales \u00e0 Brno"},"content":{"rendered":"<p>Pol Espargar\u00f3 sera de retour ce week-end pour remplacer Maverick Vi\u00f1ales (Red Bull KTM Tech3) chez Tech3. Le pilote d&rsquo;essai s&rsquo;appr\u00eate \u00e0 disputer son premier Grand Prix de la saison 2025.<\/p>\n<p>Maverick Vi\u00f1ales s&rsquo;est bless\u00e9 \u00e0 l&rsquo;\u00e9paule dans une chute en Q2 samedi dernier et ne participera pas au GP de R\u00e9publique tch\u00e8que.<\/p>\n<p><strong>Pol Espargar\u00f3 : <\/strong>\u00ab \u00c9videmment, ce n&rsquo;est jamais une bonne chose de participer \u00e0 un GP parce que vous devez remplacer un pilote bless\u00e9. Je tiens donc tout d&rsquo;abord \u00e0 souhaiter un prompt r\u00e9tablissement \u00e0 Maverick. Je vais essayer de faire de mon mieux ce week-end et d&rsquo;aider autant que possible mes co\u00e9quipiers et les m\u00e9caniciens. \u00c7a fait longtemps qu&rsquo;on n&rsquo;est pas all\u00e9s \u00e0 Brno, qui est un circuit fantastique. La derni\u00e8re fois qu&rsquo;on a roul\u00e9 ici, je me sentais super bien et j&rsquo;\u00e9tais dans ma meilleure p\u00e9riode avec KTM, alors voyons ce qu&rsquo;il en est avec le nouveau rev\u00eatement. Je n&rsquo;ai pas d&rsquo;autres attentes que de profiter du week-end et d&rsquo;avoir des journ\u00e9es productives pour notre projet \u00bb.<\/p>\n","protected":false},"excerpt":{"rendered":"Pol Espargar\u00f3 sera de retour ce week-end pour remplacer Maverick Vi\u00f1ales (Red Bull KTM Tech3) chez Tech3. Le&hellip;\n","protected":false},"author":2,"featured_media":252744,"comment_status":"","ping_status":"","sticky":false,"template":"","format":"standard","meta":{"footnotes":""},"categories":[1413],"tags":[1011,27,1457,1456,60,2032],"class_list":{"0":"post-252743","1":"post","2":"type-post","3":"status-publish","4":"format-standard","5":"has-post-thumbnail","7":"category-moto","8":"tag-fr","9":"tag-france","10":"tag-moto","11":"tag-motocycle","12":"tag-sports","13":"tag-text"},"share_on_mastodon":{"url":"https:\/\/pubeurope.com\/@fr\/114866085188384103","error":""},"_links":{"self":[{"href":"https:\/\/www.europesays.com\/fr\/wp-json\/wp\/v2\/posts\/252743","targetHints":{"allow":["GET"]}}],"collection":[{"href":"https:\/\/www.europesays.com\/fr\/wp-json\/wp\/v2\/posts"}],"about":[{"href":"https:\/\/www.europesays.com\/fr\/wp-json\/wp\/v2\/types\/post"}],"author":[{"embeddable":true,"href":"https:\/\/www.europesays.com\/fr\/wp-json\/wp\/v2\/users\/2"}],"replies":[{"embeddable":true,"href":"https:\/\/www.europesays.com\/fr\/wp-json\/wp\/v2\/comments?post=252743"}],"version-history":[{"count":0,"href":"https:\/\/www.europesays.com\/fr\/wp-json\/wp\/v2\/posts\/252743\/revisions"}],"wp:featuredmedia":[{"embeddable":true,"href":"https:\/\/www.europesays.com\/fr\/wp-json\/wp\/v2\/media\/252744"}],"wp:attachment":[{"href":"https:\/\/www.europesays.com\/fr\/wp-json\/wp\/v2\/media?parent=252743"}],"wp:term":[{"taxonomy":"category","embeddable":true,"href":"https:\/\/www.europesays.com\/fr\/wp-json\/wp\/v2\/categories?post=252743"},{"taxonomy":"post_tag","embeddable":true,"href":"https:\/\/www.europesays.com\/fr\/wp-json\/wp\/v2\/tags?post=252743"}],"curies":[{"name":"wp","href":"https:\/\/api.w.org\/{rel}","templated":true}]}}