{"id":252747,"date":"2025-07-17T01:56:10","date_gmt":"2025-07-17T01:56:10","guid":{"rendered":"https:\/\/www.europesays.com\/fr\/252747\/"},"modified":"2025-07-17T01:56:10","modified_gmt":"2025-07-17T01:56:10","slug":"tdf-tour-de-france-marc-madiot-on-a-couru-a-lenvers-les-jours-defilent","status":"publish","type":"post","link":"https:\/\/www.europesays.com\/fr\/252747\/","title":{"rendered":"TDF. Tour de France &#8211; Marc Madiot : \u00abOn a couru \u00e0 l&rsquo;envers&#8230; les jours d\u00e9filent\u00bb"},"content":{"rendered":"<p>Si le d\u00e9but de <strong><a href=\"https:\/\/www.cyclismactu.net\/..\/news-tdf-route-tour-de-france-jonas-abrahamsen-s-offre-11e-etape-tadej-pogacar-a-chute-88987.html\" target=\"_blank\" rel=\"nofollow noopener\">Tour de France<\/a> <\/strong>\u00e9tait extr\u00eamement satisfaisant, c&rsquo;est beaucoup plus compliqu\u00e9 depuis quelques jours pour la <strong>Groupama-FDJ<\/strong>. Cette 11e \u00e9tape ne d\u00e9roge pas \u00e0 la r\u00e8gle puisque la formation fran\u00e7aise a loup\u00e9 le coche et n&rsquo;\u00e9tait pas du tout pr\u00e9sente \u00e0 l&rsquo;avant de la course, de quoi d\u00e9cevoir l&#8217;embl\u00e9matique patron de l&rsquo;\u00e9quipe, <strong><a href=\"https:\/\/www.cyclismactu.net\/..\/news-tour-de-france-route-marc-madiot-les-gros-ne-laissent-rien-passer-complique-88911.html\" target=\"_blank\" rel=\"nofollow noopener\">Marc Madiot<\/a><\/strong>. Au micro d&rsquo;<a href=\"https:\/\/www.eurosport.fr\/cyclisme\/tour-de-france\/2025\/tour-de-france-11e-etape-marc-madiot-groupama-fdj-on-a-couru-a-lenvers_vid60018343\/video.shtml\" target=\"_blank\" rel=\"nofollow noopener\">Eurosport<\/a>, le directeur de la <strong>Groupama-FDJ <\/strong>a expliqu\u00e9 que ses coureurs avaient \u00ab\u00a0couru \u00e0 l&rsquo;envers\u00a0\u00bb.\u00a0<\/p>\n<p>Vid\u00e9o &#8211; Romain Gr\u00e9goire a rat\u00e9 son rendez-vous \u00e0 Toulouse Lire la suite de l&rsquo;article&#13;<\/p>\n<p>\u00a0<\/p>\n<p>&#13;<br \/>\n\u00ab\u00a0Il y avait moyen de faire mieux\u00a0\u00bb&#13;<\/p>\n<p>\u00ab\u00a0Il y avait moyen de faire mieux. On a couru \u00e0 l&rsquo;envers.\u00a0\u00bb Cela r\u00e9sume assez bien la vision de <strong>Marc Madiot <\/strong>\u00e0 l&rsquo;issue de la 11e du <strong>Tour de France<\/strong>, qui a finalement sacr\u00e9 les \u00e9chapp\u00e9s : \u00ab\u00a0Quand on prend le d\u00e9but de l&rsquo;\u00e9tape \u00e0 l&rsquo;envers, on l&#8217;emm\u00e8ne jusqu&rsquo;\u00e0 l&rsquo;arriv\u00e9e. Ceux qui ont pris le manche d&rsquo;entr\u00e9e de jeu l&rsquo;ont gard\u00e9 jusqu&rsquo;\u00e0 la ligne d&rsquo;arriv\u00e9e. Il ne faut pas avoir un temps de r\u00e9action trop tardif.\u00a0M\u00eame des gars comme Van der Poel (3e) ne comblent pas avec un temps de retard, donc il faut \u00eatre dans le timing de la course sans en sortir. Il ne faut pas \u00eatre en poursuiteur. On a \u00e9t\u00e9 en chasse-patate en permanence, ce qui fait qu&rsquo;on n&rsquo;est pas dedans. Les jours d\u00e9filent, il ne faut jamais laisser passer les occasions qui se pr\u00e9sentent. On en a laiss\u00e9 passer une.\u00a0\u00bb<\/p>\n<p>Tour de France &#8211; Classement de la 11\u00e8 \u00e9tape Tour de France &#8211; Classement g\u00e9n\u00e9ral provisoire apr\u00e8s la 11\u00e8 \u00e9tape<\/p>\n","protected":false},"excerpt":{"rendered":"Si le d\u00e9but de Tour de France \u00e9tait extr\u00eamement satisfaisant, c&rsquo;est beaucoup plus compliqu\u00e9 depuis quelques jours pour&hellip;\n","protected":false},"author":2,"featured_media":252748,"comment_status":"","ping_status":"","sticky":false,"template":"","format":"standard","meta":{"footnotes":""},"categories":[1411],"tags":[1154,207,211,1011,27,209,60,210,212,208,213],"class_list":{"0":"post-252747","1":"post","2":"type-post","3":"status-publish","4":"format-standard","5":"has-post-thumbnail","7":"category-cyclisme","8":"tag-cycling","9":"tag-cyclisme","10":"tag-ffc","11":"tag-fr","12":"tag-france","13":"tag-route","14":"tag-sports","15":"tag-tour-de-france","16":"tag-uci","17":"tag-velo","18":"tag-world-tour"},"share_on_mastodon":{"url":"https:\/\/pubeurope.com\/@fr\/114866093007006303","error":""},"_links":{"self":[{"href":"https:\/\/www.europesays.com\/fr\/wp-json\/wp\/v2\/posts\/252747","targetHints":{"allow":["GET"]}}],"collection":[{"href":"https:\/\/www.europesays.com\/fr\/wp-json\/wp\/v2\/posts"}],"about":[{"href":"https:\/\/www.europesays.com\/fr\/wp-json\/wp\/v2\/types\/post"}],"author":[{"embeddable":true,"href":"https:\/\/www.europesays.com\/fr\/wp-json\/wp\/v2\/users\/2"}],"replies":[{"embeddable":true,"href":"https:\/\/www.europesays.com\/fr\/wp-json\/wp\/v2\/comments?post=252747"}],"version-history":[{"count":0,"href":"https:\/\/www.europesays.com\/fr\/wp-json\/wp\/v2\/posts\/252747\/revisions"}],"wp:featuredmedia":[{"embeddable":true,"href":"https:\/\/www.europesays.com\/fr\/wp-json\/wp\/v2\/media\/252748"}],"wp:attachment":[{"href":"https:\/\/www.europesays.com\/fr\/wp-json\/wp\/v2\/media?parent=252747"}],"wp:term":[{"taxonomy":"category","embeddable":true,"href":"https:\/\/www.europesays.com\/fr\/wp-json\/wp\/v2\/categories?post=252747"},{"taxonomy":"post_tag","embeddable":true,"href":"https:\/\/www.europesays.com\/fr\/wp-json\/wp\/v2\/tags?post=252747"}],"curies":[{"name":"wp","href":"https:\/\/api.w.org\/{rel}","templated":true}]}}