{"id":252753,"date":"2025-07-17T01:59:40","date_gmt":"2025-07-17T01:59:40","guid":{"rendered":"https:\/\/www.europesays.com\/fr\/252753\/"},"modified":"2025-07-17T01:59:40","modified_gmt":"2025-07-17T01:59:40","slug":"saclay-la-ville-qui-ne-sera-jamais","status":"publish","type":"post","link":"https:\/\/www.europesays.com\/fr\/252753\/","title":{"rendered":"Saclay, la ville qui ne sera jamais !"},"content":{"rendered":"<p><a href=\"https:\/\/www.europesays.com\/fr\/wp-content\/uploads\/2025\/07\/01-Paris-Saclay-Zac-du-Moulon-maison-de-lingenieur-@Dominique-Chatelet.jpg\"><img loading=\"lazy\" decoding=\"async\" width=\"1024\" height=\"382\" src=\"https:\/\/www.europesays.com\/fr\/wp-content\/uploads\/2025\/07\/01-Paris-Saclay-Zac-du-Moulon-maison-de-lingenieur-@Dominique-Chatelet.jpg\" alt=\" Paris-Saclay Zac du Moulon\" class=\"wp-image-79174\"  \/><\/a> Zac du Moulon maison de l\u2019ing\u00e9nieur @Dominique Ch\u00e2telet<\/p>\n<p><strong>C\u2019est un fait, sur le plateau de Saclay, la ville n\u2019a pas eu lieu. Ce qui est advenu ressemble \u00e0 une jungle o\u00f9 les grands fauves seraient les b\u00e2timents et o\u00f9 les architectes seraient coupables et victimes \u00e0 la fois\u2026 Dernier article de la trilogie.*<\/strong><\/p>\n<p>Il existe un document de mai 2016 intitul\u00e9 \u00ab\u00a0Contrat de d\u00e9veloppement territorial Paris-Saclay Territoires Sud\u00a0\u00bb. \u00c0 la page 9, il est \u00e9crit\u00a0: \u00ab\u00a0L\u2019objectif est de tirer tout le parti possible de la qualit\u00e9\u0301 des espaces naturels et agricoles du plateau en optimisant leur int\u00e9gration dans le fonctionnement du cluster\u00a0\u00bb. (1) L\u2019ambition d\u00e9finie n\u2019est pas de faire Ville mais de constituer un \u00ab\u00a0p\u00f4le de l\u2019innovation de rang mondial\u00a0\u00bb.<\/p>\n<p>Les trois pr\u00e9occupations cl\u00e9s y sont longuement d\u00e9crites \u2013 un \u00e9co-territoire mod\u00e8le sanctifi\u00e9 par la loi (2), le rapprochement entre les \u00e9tablissements d\u2019enseignement sup\u00e9rieur et de recherche, et le d\u00e9veloppement des partenariats entre la recherche publique et la recherche priv\u00e9e, de mani\u00e8re \u00e0 faciliter le passage de la connaissance \u00e0 l\u2019innovation.<\/p>\n<p>Page 36, le mot ville appara\u00eet pour la premi\u00e8re fois\u00a0: \u00ab\u00a0Priorit\u00e9 E : veiller \u00e0 l\u2019\u00e9quilibre et l\u2019int\u00e9gration entre les dimensions universitaire, industrielle et territoriale du projet. Objectif \u2013 D\u00e9velopper des nouveaux quartiers vivants et attractifs, \u00e0 travers des polarit\u00e9s de proximit\u00e9 int\u00e9grant commerces, services et \u00e9quipements publics\u00a0\u00bb.<\/p>\n<p>Michel Desvigne, urbaniste et paysagiste, intervenu \u00e0 l\u2019\u00e9chelle du territoire \u2013 7\u00a0700\u00a0ha \u2013 en tant que conseil d\u00e8s 2008, ne dit pas autre chose\u00a0: \u00ab\u00a0Autour d\u2019un vaste espace ouvert prot\u00e9g\u00e9, agricole et naturel, un ensemble remarquable d\u2019activit\u00e9s en termes d\u2019enseignement sup\u00e9rieur, de recherche publique et priv\u00e9e (15\u00a0% du potentiel national), de patrimoine culturel et national\u00a0: l\u2019enjeu est de faire en sorte que cet ensemble prenne conscience de sa force\u00a0\u00bb.<\/p>\n<p>Selon lui, la coh\u00e9rence devait passer par l\u2019amplification g\u00e9ographique\u00a0: \u00ab\u00a0L\u2019amplification des pr\u00e9sences bois\u00e9es est l\u2019\u00e9l\u00e9ment physique qui peut donner la coh\u00e9rence \u00e0 un ensemble pr\u00e9existant de lieux de recherche dispers\u00e9s. Ce sont les coteaux bois\u00e9s qui construisent l\u2019adossement, la ligne d\u2019horizon\u2026\u00a0\u00bb. La \u00ab\u00a0lisi\u00e8re\u00a0\u00bb est un syst\u00e8me de parcs sur un cadrage de 7\u00a0km cens\u00e9 assurer la coh\u00e9rence entre tous ces quartiers \u2013 un espace de transition paysag\u00e8re entre les terres agricoles et les diff\u00e9rents quartiers des campus \u2013 et un passage en douceur de l\u2019\u00e9cosyst\u00e8me ferm\u00e9 de la for\u00eat \u00e0 un \u00e9cosyst\u00e8me ouvert \u2013 le campus urbain min\u00e9ral. En th\u00e9orie, c\u2019est parfait, cela aurait d\u00fb fonctionner.<\/p>\n<p>Et pourtant, non. Quelque chose emp\u00eache, bloque et la rencontre s\u2019arr\u00eate pr\u00e9cis\u00e9ment l\u00e0 o\u00f9 commence le b\u00e2ti. La vraie question n\u2019est donc pas la coh\u00e9sion mais ce qui se joue dans l\u2019espace b\u00e2ti, qui a rendu impossible, ou illisible, la rencontre entre la nature et un projet de ville. Pourquoi\u00a0?<\/p>\n<p>L\u2019une des r\u00e9ponses se trouve peut-\u00eatre dans l\u2019absence de charte architecturale, sinon des hauteurs, des espaces et alignements bien d\u00e9crits dans le PLU. Sans oublier les 30\u00a0% d\u2019espaces perm\u00e9ables impos\u00e9s pour 70\u00a0% d\u2019espaces construits (3). Pour autant, ce ne peut pas \u00eatre la seule.<\/p>\n<p>Petit retour \u00e0 Paris. La Cit\u00e9 internationale Universitaire est un vaste campus en pleine ville, entre le boulevard Jourdan et le p\u00e9riph\u00e9rique d\u2019aujourd\u2019hui (4), 43 pavillons dans un parc paysager, un par pays, tous tr\u00e8s proches et pourtant de style et d\u2019esprit aussi \u00e9clectiques que la Fondation Deutsch de la Meurthe, un n\u00e9o Tudor 1925 inspir\u00e9 par les coll\u00e8ges anglais par Lucien Bechmann, la Fondation suisse sur pilotis avec toit terrasse par Le Corbusier et Jeanneret 1933, la Maison des Provinces des Pays-Bas par Dudok 1938, une composition rigoureuse en L, la maison de l\u2019Iran 1969 par Claude Parent et les iraniens Ghiai et Fouroughi, et son escalier h\u00e9lico\u00efdal ext\u00e9rieur en porte \u00e0 faux devenu mythique, jusqu\u2019\u00e0 2013, la Maison de l\u2019\u00cele-de-France par Nicolas Michelin, un bardage m\u00e9tallique \u00e0 facettes formant mosa\u00efque, ouverte cette ann\u00e9e\u2026<\/p>\n<p>Or cette collection d\u2019architectures pourtant aussi h\u00e9t\u00e9roclite que possible, ayant pour vocation de recevoir les \u00e9tudiants, tout comme le cluster de Saclay, fait bien office de microville et offre un r\u00e9cit commun. Humaniste \u2013 et c\u2019est bien le propos apr\u00e8s le choc immense des deux guerres \u2013 l\u2019enjeu est de faire se rencontrer les \u00e9tudiants du monde, recr\u00e9er de la bienveillance et de l\u2019harmonie. S\u2019y promener aujourd\u2019hui est un d\u00e9lice hors du temps.<\/p>\n<p>Ce n\u2019est pas l\u2019impression que procure la promenade \u00e0 travers le plateau de Saclay. Pourquoi\u00a0? Ce ne peut pas \u00eatre seulement le chacun pour soi des b\u00e2timents puisque c\u2019est aussi le cas \u00e0 la Cit\u00e9 internationale\u2026 Alors qui ou que faut-il accuser\u00a0? La \u2018\u2019dilation\u2019\u2019, le hors d\u2019\u00e9chelle\u00a0? C\u2019est une r\u00e9ponse\u2026 et encore une fois sans doute pas la seule\u2026<\/p>\n<p>Retour \u00e0 Saclay donc\u2026 Il faut tout de m\u00eame 15 minutes, marche comprise, pour avec la ligne 18 relier la ZAC quartier \u00c9cole polytechnique \u00e0 L\u2019\u00c9cole normale sup\u00e9rieure (ENS), ZAC de Moulon.<\/p>\n<p><a href=\"https:\/\/www.europesays.com\/fr\/wp-content\/uploads\/2025\/07\/02-Ecole-normale-superieure-ENS-@-Renzo-Piano.jpg\"><img loading=\"lazy\" decoding=\"async\" width=\"1024\" height=\"571\" src=\"https:\/\/www.europesays.com\/fr\/wp-content\/uploads\/2025\/07\/02-Ecole-normale-superieure-ENS-@-Renzo-Piano.jpg\" alt=\"\u00c9cole normale sup\u00e9rieure (ENS)\" class=\"wp-image-79175\"  \/><\/a>\u00c9cole normale sup\u00e9rieure (ENS) @ Renzo Piano<\/p>\n<p><a href=\"https:\/\/www.europesays.com\/fr\/wp-content\/uploads\/2025\/07\/03-Ecole-normale-superieure-ENS-Maquette-@-Renzo-Piano.jpg\"><img loading=\"lazy\" decoding=\"async\" width=\"750\" height=\"436\" src=\"https:\/\/www.europesays.com\/fr\/wp-content\/uploads\/2025\/07\/03-Ecole-normale-superieure-ENS-Maquette-@-Renzo-Piano.jpg\" alt=\"\u00c9cole normale sup\u00e9rieure (ENS) \" class=\"wp-image-79176\"  \/><\/a>\u00c9cole normale sup\u00e9rieure (ENS) Maquette @ Renzo Piano<\/p>\n<p>L\u2019ENS de Renzo Piano (2021, 62\u00a0500\u00a0m\u00b2), (5) est un b\u00e2timent b\u00e9ton et verre, aride, ordonn\u00e9, sur trois hectares, fractionn\u00e9 en cinq unit\u00e9s architecturales rectangulaires dont la fa\u00e7ade sur la rue. Le plan s\u2019organise autour d\u2019un clo\u00eetre monumental \u2013 plus d\u2019un hectare \u2013 \u00ab\u00a0un jardin extraordinaire\u00a0constituant le c\u0153ur dynamique du projet\u00a0\u00bb (6) dessin\u00e9 par Pascal Cribier, et r\u00e9serv\u00e9 aux initi\u00e9s. Une architecture compacte qui ne nous dit pas tout mais rejoue en priv\u00e9 le principe des strates de lisi\u00e8re \u2013 hommage \u00e0 Desvigne \u2013 passer de l\u2019\u00e9cosyst\u00e8me d\u2019un espace ferm\u00e9 \u00e0 l\u2019\u00e9cosyst\u00e8me ouvert de la cour. Un b\u00e2timent comme un secret. Peut-\u00eatre un peu trop discret pour \u00eatre \u00e9patant\u2026 mais impeccable. \u00ab\u00a0Rendre le monde meilleur n\u2019est pas ais\u00e9 (Making world better is not easy)\u00bb, dit Renzo Piano<\/p>\n<p>Il ne peut \u00eatre ici question de produire une liste des b\u00e2timents de Saclay\u2026 du pire et du meilleur, mais de relater quelques arr\u00eats au fil de ma promenade.<\/p>\n<p>Il faut peut-\u00eatre avant de continuer relire Camillo Sitte, 1898, d\u00e9j\u00e0 nostalgique face \u00e0 la nouvelle ville industrielle. Ce pourrait \u00eatre une cl\u00e9, m\u00eame ancienne\u2026 Ce serait donc un vieux probl\u00e8me\u00a0! \u00ab\u00a0Ils ont tous, chacun pour soi, travaill\u00e9 dans le m\u00eame esprit, car c\u2019\u00e9tait l\u00e0 la seule fa\u00e7on de construire conforme \u00e0 la nature. Ils n\u2019avaient aucun mal \u00e0 trouver cette solution naturelle, puisqu\u2019ils jugeaient sur place du v\u00e9ritable effet de leurs \u0153uvres et les agen\u00e7aient en cons\u00e9quence\u00a0\u00bb. (7)<\/p>\n<p>Or \u00e0 Saclay, malgr\u00e9 tout l\u2019art de Michel Desvigne, dont la trame serait peut-\u00eatre trop dilat\u00e9e \u2013 une raison parmi beaucoup d\u2019autres \u2013 j\u2019ai du mal \u00e0 comprendre comment et pourquoi personne n\u2019a regard\u00e9 l\u2019autre, ni m\u00eame pris conscience de l\u2019existence de l\u2019autre. Comment la fine fleur de l\u2019architecture \u2013 OMA, Dominique Lyon, Gigon-Guyer, Bernard Tschumi, David Chipperfield, Bruther, Marc Mimram, Grafton architects, Muoto, Duthilleul, liste non exhaustive \u2013 a-t-elle d\u00e9cid\u00e9 de produire des gestes d\u00e9sincarn\u00e9s, sans lien ni ancrage\u00a0? Comment dans un site po\u00e9tiquement dot\u00e9 par la nature et si ardemment prot\u00e9g\u00e9 n\u2019ont-ils rien commis de mieux qu\u2019une suite d\u2019objets c\u00e9libataires n\u2019orchestrant qu\u2019une cacophonie triste, voire une guerre intestine\u2026<\/p>\n<p>C\u2019est un fait, sur le plateau de Saclay, la ville n\u2019a pas eu lieu. Ce qui est advenu ressemble \u00e0 une jungle o\u00f9 les grands fauves seraient les b\u00e2timents et o\u00f9 les architectes seraient coupables et victimes \u00e0 la fois\u2026<\/p>\n<p><a href=\"https:\/\/chroniques-architecture.com\/wp-content\/uploads\/2025\/07\/04-LAB-CITY-par-OMA-@Dominique-Chatelet.jpg\" target=\"_blank\" rel=\"noopener\"><img loading=\"lazy\" decoding=\"async\" width=\"903\" height=\"750\" src=\"https:\/\/chroniques-architecture.com\/wp-content\/uploads\/2025\/07\/04-LAB-CITY-par-OMA-@Dominique-Chatelet.jpg\" alt=\" LAB CITY par OMA\" class=\"wp-image-79177\"  \/><\/a> LAB CITY par OMA @Dominique Ch\u00e2telet<\/p>\n<p>Le site d\u2019OMA donne une r\u00e9ponse sans d\u00e9tour\u00a0: \u00ab\u00a0A l\u2019\u00e8re de la privatisation, les villes sont confront\u00e9es \u00e0 un d\u00e9fi majeur\u00a0: l\u2019investissement dans le domaine public d\u00e9pend de plus en plus du secteur priv\u00e9. Cons\u00e9quence de cette red\u00e9finition de la convention collective, le r\u00f4le de l\u2019architecture est souvent r\u00e9duit \u00e0 l\u2019impact visuel de sa forme et de sa surface, au lieu de contribuer \u00e0 une nouvelle dimension \u00e9ducative, sociale et civique\u00a0\u00bb.<\/p>\n<p>Aucune am\u00e9nit\u00e9 architecturale, les parcelles comme autant de morceaux\u00a0: bienvenue au Zoo\u00a0! Pas moins d\u2019une cinquantaine de b\u00e2timents depuis le d\u00e9but de ce si\u00e8cle dans les deux zones de Moulon et Polytechnique\u2026 et ce n\u2019est qu\u2019un d\u00e9but\u2026<\/p>\n<p>Lumen par Beaudouin Architectes n\u2019est ni sp\u00e9cialement beau ni sp\u00e9cialement remarquable mais le premier b\u00e2timent en vue, accueillant et lumineux, en arrivant par la gare Universit\u00e9-Paris Saclay. Il s\u2019agit d\u2019une biblioth\u00e8que universitaire, install\u00e9e sur une parcelle triangulaire, qui suit la courbe du viaduc. Le site de l\u2019agence en fait une description moins banale et pour le moins troublante\u00a0: \u00ab\u00a0un volume envelopp\u00e9 d\u2019une jupe soulev\u00e9e en aluminium blanc qui s\u2019\u00e9carte au sud pour accueillir un jardin int\u00e9rieur\u00a0\u00bb L\u2019ann\u00e9e 2023 n\u2019\u00e9tait certes pas r\u00e9pertori\u00e9e comme ann\u00e9e \u00e9rotique\u2026 Il n\u2019y a pas que l\u2019architecture qui tue. Les mots aussi\u2026 Et \u00e7a ne date pas d\u2019hier\u2026 De quoi \u00eatre bien d\u00e9\u00e7ue. \u00ab\u00a0On n\u2019imagine pas combien il faut d\u2019esprit pour n\u2019\u00eatre pas ridicule\u00a0\u00bb. (8)<\/p>\n<p><a href=\"https:\/\/www.europesays.com\/fr\/wp-content\/uploads\/2025\/07\/05-Paris-Saclay-Batiment-Bernard-Tschumi-@Dominique-Chatelet.jpg\"><img loading=\"lazy\" decoding=\"async\" width=\"1024\" height=\"768\" src=\"https:\/\/www.europesays.com\/fr\/wp-content\/uploads\/2025\/07\/05-Paris-Saclay-Batiment-Bernard-Tschumi-@Dominique-Chatelet.jpg\" alt=\" Paris-Saclay\" class=\"wp-image-79178\"  \/><\/a> B\u00e2timent Bernard Tschumi @Dominique Ch\u00e2telet<\/p>\n<p>En face de la gare, l\u2019incontournable et gigantesque (74\u00a0000 m\u00b2) ensemble Biologie-Pharmacie-Chimie livr\u00e9 par Bernard Tschumi urbanistes Architectes en 2022 avec Groupe 6 pour les laboratoires. Une machine kafka\u00efenne, gigantesque, qui fait frissonner malgr\u00e9 la blancheur et une peau vitr\u00e9e revendiqu\u00e9e comme une fa\u00e7ade vitrine sur l\u2019avenue des sciences. Je l\u2019ai photographi\u00e9e, histoire de voir, \u00e0 midi, en juin. On devine \u00e0 peine que quelque chose se passe \u00e0 l\u2019int\u00e9rieur. Ce que l\u2019on voit sur l\u2019image est la gare en reflet. Obsc\u00e8ne. Derri\u00e8re la sc\u00e8ne. Du latin obscenus qui signifie \u00ab\u00a0de mauvais augure\u00a0\u00bb et aussi \u00ab\u00a0inacceptable pour le regard public\u00a0\u00bb.<\/p>\n<p>Rem Koolhaas a rebaptis\u00e9 l\u2019\u00e9cole CentraleSup\u00e9lec en LAB CITY. Une fa\u00e7on de situer son r\u00f4le dans une autre dimension \u2013 un enseignement propos\u00e9 dans une ville laboratoire sign\u00e9e OMA \u2013 pas un b\u00e2timent mais un ensemble de bo\u00eetes d\u2019enseignement et de recherche pos\u00e9es sur une grille \u2013 40\u00a0000 m\u00b2, livr\u00e9s en 2017 \u2013 un prototype de ville comme une maquette, form\u00e9 d\u2019\u00eelots et de rues, de droites et de diagonales sous un abri de structures gonflables translucides. \u00ab\u00a0Un d\u00e9sordre cr\u00e9atif encadr\u00e9 sous un squelette structurel\u00a0\u00bb, \u00e9crit OMA, qui poursuit\u00a0: \u00ab\u00a0Autour de cette colonne vert\u00e9brale urbaine, le programme est r\u00e9parti dans diff\u00e9rents b\u00e2timents de diff\u00e9rentes typologies et taille, organis\u00e9s sur un r\u00e9seau urbain\u00a0\u00bb. Ext\u00e9rieurement, le complexe est \u00e9nigmatique, sans commentaire ni explication. Comme toujours chez OMA, la diagonale d\u00e9montre sa puissance, brise la logique orthogonale et organise l\u2019irr\u00e9versible et le r\u00e9versible. Les fa\u00e7ades des trois bo\u00eetes noires de b\u00e9ton sont coffr\u00e9es dans des moules rainur\u00e9s avec la r\u00e9servation des ouvertures \u2013 les fen\u00eatres rectangulaires engouffrent le noir et assument la dramaturgie. Une machine urbaine rod\u00e9e et assum\u00e9e. Tout cela est d\u00e9routant, extr\u00eamement beau et extr\u00eamement fun\u00e8bre.<\/p>\n<p><a href=\"https:\/\/www.europesays.com\/fr\/wp-content\/uploads\/2025\/07\/06-Logements-Serendicity-par-LAN-@Dominique-Chatelet.jpg\"><img loading=\"lazy\" decoding=\"async\" width=\"898\" height=\"750\" src=\"https:\/\/www.europesays.com\/fr\/wp-content\/uploads\/2025\/07\/06-Logements-Serendicity-par-LAN-@Dominique-Chatelet.jpg\" alt=\"Logements Serendicity par LAN\" class=\"wp-image-79179\"  \/><\/a>Logements Serendicity par LAN @Dominique Ch\u00e2telet<\/p>\n<p><a href=\"https:\/\/www.europesays.com\/fr\/wp-content\/uploads\/2025\/07\/07-Paris-Saclay-Logements-Athena-par-Koz-@Dominique-Chatelet.jpg\"><img loading=\"lazy\" decoding=\"async\" width=\"491\" height=\"750\" src=\"https:\/\/www.europesays.com\/fr\/wp-content\/uploads\/2025\/07\/07-Paris-Saclay-Logements-Athena-par-Koz-@Dominique-Chatelet.jpg\" alt=\"Paris-Saclay \" class=\"wp-image-79180\"  \/><\/a>Logements Athena par Koz @Dominique Ch\u00e2telet<\/p>\n<p>J\u2019ai encore visit\u00e9 deux habitats que je m\u2019en voudrais d\u2019oublier de citer. Serendicity (9) \u2013 comme un hasard et une n\u00e9cessit\u00e9 \u2013 par LAN et Cl\u00e9ment Vergely, 900 logements livr\u00e9s en 2017, huit b\u00e2timents dont cinq circulaires en b\u00e9ton photograv\u00e9, carr\u00e9ment chics, un peu silos, un peu Choux de Grandval (10), 500 m\u00b2 de loggias, au c\u0153ur du parc paysage. Et Athena, au sein du quartier Moulon \u00e0 proximit\u00e9 du b\u00e2timent d\u2019OMA, 312 logements par KOZ, (11) avec des terrasses-plongeoir dans un jardin. Une structure bois et dalle b\u00e9ton, une perc\u00e9e joyeuse dans la for\u00eat, une ouverture sur l\u2019ext\u00e9rieur et un statut de patio. Une bienveillance qui m\u2019a rappel\u00e9 Louvain et Lucien Kroll (12). Ce n\u2019est pas rien\u2026<\/p>\n<p>Il faut bien une fin et ma promenade s\u2019ach\u00e8ve avec EDF LAB de Francis Soler. 2015. (13) La demande \u00e9tait pour un b\u00e2timent, il en a donn\u00e9 quatre\u00a0: quatre cercles dans un jardin, plus ou moins grands, plus ou moins hauts. \u00ab\u00a0Penser l\u2019ouvrage comme un vaste paysage\u00a0\u00bb, explique l\u2019architecte. C\u2019est un projet fort et diaphane, n\u00e9 dans un champ de ma\u00efs, entre science et nature. Une structure m\u00e9tallique et du verre. Pr\u00e9cise et pr\u00e9cieuse, une \u0153uvre arachn\u00e9enne, translucide, technique, un manifeste qui dit que la mode, on s\u2019en fout\u2026<\/p>\n<p>\u00ab\u00a0La science est une m\u00e9canique de pr\u00e9cision et l\u2019engrenage des m\u00e9canismes horlogers en est la traduction instantan\u00e9e\u00a0\u00bb, poursuit Francis Soler. Vus du ciel justement, des engrenages scientifiques et une coh\u00e9rence de rouages chor\u00e9graphi\u00e9s qui \u00e9voquent la derni\u00e8re montre de Marie-Antoinette (14).<\/p>\n<p><a href=\"https:\/\/www.europesays.com\/fr\/wp-content\/uploads\/2025\/07\/01-@-Francis-Soler.jpg\"><img loading=\"lazy\" decoding=\"async\" width=\"988\" height=\"625\" src=\"https:\/\/www.europesays.com\/fr\/wp-content\/uploads\/2025\/07\/01-@-Francis-Soler.jpg\" alt=\"EDF Lab Paris-Saclay \" class=\"wp-image-12270\"  \/><\/a>EDF Lab Paris-Saclay @ Francis Soler<\/p>\n<p>Avec l\u2019incomparable Pascal Cribier, il a enfoui les \u00e9difices dans un jardin des f\u00e9es \u00ab\u00a0\u00e0 c\u00f4t\u00e9 des \u00e9toiles d\u2019eau et des tritons \u00e0 cr\u00eate dor\u00e9e qui avaient colonis\u00e9 les sols fertiles de Palaiseau\u00a0\u00bb. Un jardin de rigoles, de caniveaux, de bassins et de douves, propice \u00e0 la nature humide du sol.<\/p>\n<p><strong>Tina Bloch<\/strong><\/p>\n<p>Lire Paris-Saclay en trois volets\u00a0;<br \/>\u2013\u00a0<a href=\"https:\/\/chroniques-architecture.com\/saclay-la-ville-qui-existera-peut-etre-preludes\/\" target=\"_blank\" rel=\"noopener\">Saclay, la ville qui existera peut-\u00eatre ? Pr\u00e9ludes<\/a>\u00a0(1\/3)<br \/>\u2013\u00a0<a href=\"https:\/\/chroniques-architecture.com\/saclay-une-ville-sinon-rien\/\" target=\"_blank\" rel=\"noopener\">Saclay, une ville sinon rien\u00a0?<\/a>\u00a0(2\/3)<br \/>\u2013 <a href=\"https:\/\/chroniques-architecture.com\/saclay-la-ville-qui-ne-sera-jamais\/\" target=\"_blank\" rel=\"noopener\">Saclay, la ville qui ne sera jamais\u00a0!<\/a> (3\/3)<\/p>\n<p>(1) L\u2019EPA Paris-Saclay pr\u00e9cise\u00a0: \u00ab\u00a0Unique en France, ce dispositif pr\u00e9serve les exploitations agricoles et concilie agriculture et respect de l\u2019environnement en mettant en place une gestion optimis\u00e9e des espaces bois\u00e9s et naturels du paysage. 4115 ha prot\u00e9g\u00e9s dont 2469 consacr\u00e9s exclusivement aux activit\u00e9s agricoles et 1646 ha compos\u00e9s de for\u00eats, cours d\u2019eau, espaces naturels et rigoles\u00a0\u00bb.<br \/>(2) La loi du 3 juin 2010 relative au Grand Paris cr\u00e9e une zone de protection naturelle, agricole, et foresti\u00e8re (ZPNAF) \u00e0 Paris-Saclay, rendant \u00ab\u00a0non-urbanisables les espaces naturels et agricoles\u00a0\u00bb qui la composent..\u00a0\u00bb<br \/>(3) PLU chapitre 2 Zones UX2a \u00ab\u00a0L\u2019emprise au sol est fix\u00e9e \u00e0 70 % de la superficie de l\u2019assiette du terrain\u00a0\u00bb<br \/>(4) Le boulevard p\u00e9riph\u00e9rique install\u00e9 sur la barri\u00e8re des Fermiers G\u00e9n\u00e9raux \u2013 35 km \u2013 fut inaugur\u00e9 le 25 avril 1973 par Pierre Messmer apr\u00e8s 17 ans de travaux. Il traverse une partie du terrain de la Cit\u00e9 Universitaire \u2013 la Maison des Arts et M\u00e9tiers se retrouve ainsi de l\u2019autre c\u00f4t\u00e9 du p\u00e9riph\u00e9rique.<br \/>(5) Lire la pr\u00e9sentation <a href=\"https:\/\/chroniques-architecture.com\/ens-paris-saclay-nouveau-batiment-signe-renzo-piano\/\" target=\"_blank\" rel=\"noopener\">Un nouveau b\u00e2timent pour l\u2019ENS Paris-Saclay sign\u00e9 Renzo Piano<\/a><br \/>(6) RPBW\u00a0:\u00a0\u00ab\u00a0Un b\u00e2timent rassembl\u00e9 autour d\u2019un parc\u00a0\u00bb<br \/>(7) Camillo Sitte \u00ab\u00a0L\u2019art de b\u00e2tir les villes\u00a0\u00bb 1889. \u00c9ditions du Seuil, mai 1996<br \/>(8) Nicolas Chamfort 1740-1794, po\u00e8te, journaliste et moraliste, \u00e9lu au fauteuil 6 de l\u2019Acad\u00e9mie fran\u00e7aise en 1781<br \/>(9) Lire la pr\u00e9sentation <a href=\"https:\/\/chroniques-architecture.com\/residence-des-eleves-de-centralesupelec-a-saclay-signee-lan\/\" target=\"_blank\" rel=\"noopener\">R\u00e9sidence des \u00e9l\u00e8ves de CentraleSup\u00e9lec, \u00e0 Saclay, sign\u00e9e LAN<\/a><br \/>(10) Dix tours cylindriques en b\u00e9ton, \u00e0 Cr\u00e9teil, r\u00e9alis\u00e9es par G\u00e9rard Grandval entre 1969 et 1974 labellis\u00e9es Patrimoine du XX si\u00e8cle en 2008.<br \/>(11) Lire la pr\u00e9sentation <a href=\"https:\/\/chroniques-architecture.com\/epa-paris-saclay-residence-homes-koz\/\" target=\"_blank\" rel=\"noopener\">L\u2019EPA Paris-Saclay @ \u00ab HOMES \u00bb en toute connaissance de KOZ<\/a><br \/>(12) Lucien Kroll, architecte belge 1927- 2022. Avec sa femme Simone Kroll, il est consid\u00e9r\u00e9 comme le fondateur de l\u2019architecture participative. Il est l\u2019auteur d\u2019une partie du campus de l\u2019universit\u00e9 catholique de Louvain.<br \/>(13) Lire l\u2019article <a href=\"https:\/\/chroniques-architecture.com\/edf-lab-paris-saclay-batiment-eclaire\/\" target=\"_blank\" rel=\"noopener\">EDF Lab Paris-Saclay, un b\u00e2timent \u00e9clair\u00e9<\/a><br \/>(14) Command\u00e9e anonymement en 1783 pour la Reine, cette montre fut con\u00e7ue par Breguet pour contenir tout ce que le g\u00e9nie et la science savait faire \u00e0 cette \u00e9poque. Elle est devenue un objet de l\u00e9gende.<\/p>\n","protected":false},"excerpt":{"rendered":"Zac du Moulon maison de l\u2019ing\u00e9nieur @Dominique Ch\u00e2telet C\u2019est un fait, sur le plateau de Saclay, la ville&hellip;\n","protected":false},"author":2,"featured_media":252754,"comment_status":"","ping_status":"","sticky":false,"template":"","format":"standard","meta":{"footnotes":""},"categories":[1358],"tags":[1348,1384,1385,1386,58,59,1011,27,937,19894],"class_list":{"0":"post-252753","1":"post","2":"type-post","3":"status-publish","4":"format-standard","5":"has-post-thumbnail","7":"category-arts-et-design","8":"tag-arts","9":"tag-arts-and-design","10":"tag-arts-et-design","11":"tag-design","12":"tag-divertissement","13":"tag-entertainment","14":"tag-fr","15":"tag-france","16":"tag-histoire","17":"tag-paris-saclay"},"share_on_mastodon":{"url":"https:\/\/pubeurope.com\/@fr\/114866105217585841","error":""},"_links":{"self":[{"href":"https:\/\/www.europesays.com\/fr\/wp-json\/wp\/v2\/posts\/252753","targetHints":{"allow":["GET"]}}],"collection":[{"href":"https:\/\/www.europesays.com\/fr\/wp-json\/wp\/v2\/posts"}],"about":[{"href":"https:\/\/www.europesays.com\/fr\/wp-json\/wp\/v2\/types\/post"}],"author":[{"embeddable":true,"href":"https:\/\/www.europesays.com\/fr\/wp-json\/wp\/v2\/users\/2"}],"replies":[{"embeddable":true,"href":"https:\/\/www.europesays.com\/fr\/wp-json\/wp\/v2\/comments?post=252753"}],"version-history":[{"count":0,"href":"https:\/\/www.europesays.com\/fr\/wp-json\/wp\/v2\/posts\/252753\/revisions"}],"wp:featuredmedia":[{"embeddable":true,"href":"https:\/\/www.europesays.com\/fr\/wp-json\/wp\/v2\/media\/252754"}],"wp:attachment":[{"href":"https:\/\/www.europesays.com\/fr\/wp-json\/wp\/v2\/media?parent=252753"}],"wp:term":[{"taxonomy":"category","embeddable":true,"href":"https:\/\/www.europesays.com\/fr\/wp-json\/wp\/v2\/categories?post=252753"},{"taxonomy":"post_tag","embeddable":true,"href":"https:\/\/www.europesays.com\/fr\/wp-json\/wp\/v2\/tags?post=252753"}],"curies":[{"name":"wp","href":"https:\/\/api.w.org\/{rel}","templated":true}]}}