{"id":252757,"date":"2025-07-17T02:01:27","date_gmt":"2025-07-17T02:01:27","guid":{"rendered":"https:\/\/www.europesays.com\/fr\/252757\/"},"modified":"2025-07-17T02:01:27","modified_gmt":"2025-07-17T02:01:27","slug":"quand-sortent-les-prochains-episodes-le-calendrier-de-diffusion","status":"publish","type":"post","link":"https:\/\/www.europesays.com\/fr\/252757\/","title":{"rendered":"Quand sortent les prochains \u00e9pisodes ? Le calendrier de diffusion"},"content":{"rendered":"<p>La saison 3 de la s\u00e9rie L&rsquo;\u00e9t\u00e9 o\u00f9 je suis devenue jolie est d\u00e9sormais disponible sur Prime Video. Enfin, pas dans son int\u00e9gralit\u00e9&#8230; Les \u00e9pisodes de l&rsquo;ultime saison arriveront compte-gouttes sur la plateforme de streaming. Voici le calendrier de diffusion des \u00e9pisodes.<\/p>\n<p>Sur les diff\u00e9rentes plateformes de streaming, il y a des s\u00e9ries qui sont attendues plus que d&rsquo;autres. Du c\u00f4t\u00e9 de Netflix, c&rsquo;est le cas de <a href=\"https:\/\/www.programme-tv.net\/news\/series-tv\/303715-stranger-things-saison-5-netflix-date-de-sortie-synopsis-casting-toutes-les-infos-sur-la-saison-a-venir\/\" data-api-deeplink=\"teleloisirs:\/\/news\/303715\" rel=\"nofollow noopener\" target=\"_blank\">la saison 5 de Stranger Things<\/a>, dont la pr\u00e9c\u00e9dente salve a vu le jour en 2022. M\u00eame constat en ce qui concerne <a href=\"https:\/\/www.programme-tv.net\/news\/series-tv\/318475-mercredi-saison-2-netflix-date-de-sortie-casting-intrigue-premieres-informations-sur-la-nouvelle-saison\/\" data-api-deeplink=\"teleloisirs:\/\/news\/318475\" rel=\"nofollow noopener\" target=\"_blank\">la saison 2 de Mercredi<\/a>, qui va enfin revenir sur Netflix d\u00e8s le 6 ao\u00fbt prochain. Du c\u00f4t\u00e9 de Prime Video, c&rsquo;est la s\u00e9rie<a href=\"https:\/\/www.programme-tv.net\/news\/series-tv\/333941-lete-ou-je-suis-devenue-jolie-saison-3-casting-intrigues-les-premieres-infos-sur-la-suite-de-la-serie-prime-video\/\" data-api-deeplink=\"teleloisirs:\/\/news\/333941\" rel=\"nofollow noopener\" target=\"_blank\"> L&rsquo;\u00e9t\u00e9 o\u00f9 je suis devenue jolie<\/a> qui est attendue avec une tr\u00e8s grande impatience par les fans, qui veulent absolument conna\u00eetre le choix de Belly en ce qui concerne sa vie amoureuse. <a href=\"https:\/\/www.programme-tv.net\/news\/series-tv\/382267-l-ete-ou-je-suis-devenue-jolie-conrad-ou-jeremiah-je-pense-deja-avoir-decouvert-la-fin-et-voici-pourquoi\/\" data-api-deeplink=\"teleloisirs:\/\/news\/382267\" rel=\"nofollow noopener\" target=\"_blank\">Va-t-elle continuer son histoire avec Jeremiah ou va-t-elle retourner vers Conrad ?<\/a> Nous allons enfin d\u00e9couvrir la r\u00e9ponse : depuis ce mercredi 16 juillet 2025, les deux premiers \u00e9pisodes de la troisi\u00e8me salve ont \u00e9t\u00e9 mis en ligne sur la plateforme de streaming. Pour d\u00e9couvrir la suite de la s\u00e9rie, il faudra attendre chaque mercredi, o\u00f9 un nouvel \u00e9pisode sera ajout\u00e9 d\u00e8s 9 heures en France. <a href=\"https:\/\/www.programme-tv.net\/news\/series-tv\/382173-l-ete-ou-je-suis-devenue-jolie-combien-d-episodes-compte-la-saison-3\/\" data-api-deeplink=\"teleloisirs:\/\/news\/382173\" rel=\"nofollow noopener\" target=\"_blank\">Au total, la troisi\u00e8me saison de L&rsquo;\u00e9t\u00e9 o\u00f9 je suis devenue jolie est compos\u00e9e de onze \u00e9pisodes.<\/a> Il faudra donc attendre le 17 septembre prochain pour d\u00e9couvrir le final de la s\u00e9rie.<\/p>\n<ul>\n<li>\u00c9pisode 1 : d\u00e9j\u00e0 disponible<\/li>\n<li>\u00c9pisode 2 : d\u00e9j\u00e0 disponible<\/li>\n<li>\u00c9pisode 3 : 23 juillet<\/li>\n<li>\u00c9pisode 4 : 30 juillet<\/li>\n<li>\u00c9pisode 5 : 6 ao\u00fbt<\/li>\n<li>\u00c9pisode 6 : 13 ao\u00fbt<\/li>\n<li>\u00c9pisode 7 : 20 ao\u00fbt<\/li>\n<li>\u00c9pisode 8 : 27 ao\u00fbt<\/li>\n<li>\u00c9pisode 9 : 3 septembre<\/li>\n<li>\u00c9pisode 10 : 10 septembre<\/li>\n<li>\u00c9pisode 11 (final) : 17 septembre<\/li>\n<\/ul>\n<p>Une saison 4 de L&rsquo;\u00e9t\u00e9 o\u00f9 je suis devenue jolie a failli voir le jour<\/p>\n<p>Adapt\u00e9e des romans \u00e9ponymes \u00e9crits par Jenny Han, la s\u00e9rie Prime Video a \u00e9t\u00e9 con\u00e7ue pour trois saisons. Mais <a href=\"https:\/\/www.programme-tv.net\/news\/series-tv\/379394-l-ete-ou-je-suis-devenue-jolie-la-serie-a-failli-avoir-une-saison-4\/\" data-api-deeplink=\"teleloisirs:\/\/news\/379394\" rel=\"nofollow noopener\" target=\"_blank\">l&rsquo;id\u00e9e d&rsquo;une quatri\u00e8me a tout de m\u00eame \u00e9t\u00e9 envisag\u00e9e<\/a>. Au cours d&rsquo;une interview pour Entertainment Weekly, Jenny Han a r\u00e9v\u00e9l\u00e9 :<b> <\/b>\u00ab\u00a0Ma pr\u00e9f\u00e9rence allait \u00e0 trois saisons, mais je voulais aussi laisser de la place \u00e0 la narration au cas o\u00f9 j&rsquo;aurais besoin de plus de temps\u00a0\u00bb<b>.<\/b> L&rsquo;autrice a alors envisag\u00e9 de s\u00e9parer son troisi\u00e8me tome de roman en deux saisons sur Prime : \u00ab\u00a0Il y a beaucoup d&rsquo;histoire, et cela couvre une grande \u00e9tendue de temps.\u00a0\u00bb<\/p>\n<p>Finalement, le projet de diviser ce troisi\u00e8me tome en deux saisons a \u00e9t\u00e9 abandonn\u00e9. \u00ab\u00a0Il nous fallait plus de mati\u00e8re pour l&rsquo;histoire, c&rsquo;est ainsi que nous avons fini avec 11 \u00e9pisodes. Mais oui, trois livres, trois saisons. \u00c7a me convient\u00a0\u00bb, a r\u00e9v\u00e9l\u00e9 Jenny Han. Le 17 septembre prochain, Belly, Jeremiah et Conrad feront donc leur derni\u00e8re apparition sur Prime Video.<\/p>\n<p>Article \u00e9crit avec la collaboration de 6m\u00e9dias.<\/p>\n","protected":false},"excerpt":{"rendered":"La saison 3 de la s\u00e9rie L&rsquo;\u00e9t\u00e9 o\u00f9 je suis devenue jolie est d\u00e9sormais disponible sur Prime Video.&hellip;\n","protected":false},"author":2,"featured_media":252758,"comment_status":"","ping_status":"","sticky":false,"template":"","format":"standard","meta":{"footnotes":""},"categories":[1356],"tags":[4225,244,58,59,1011,27,39319,39318,39321,39320,4224,129,252,1364],"class_list":{"0":"post-252757","1":"post","2":"type-post","3":"status-publish","4":"format-standard","5":"has-post-thumbnail","7":"category-television","8":"tag-amazon-prime-vidu00e9o","9":"tag-commentaire","10":"tag-divertissement","11":"tag-entertainment","12":"tag-fr","13":"tag-france","14":"tag-gavin-casalegno","15":"tag-lola-tung","16":"tag-lu00e9tu00e9-ou00f9-je-suis-devenue-jolie-saison-3-52189792","17":"tag-lu00e9tu00e9-ou00f9-je-suis-devenue-jolie-su00e9rie-51993195","18":"tag-pub-streaming-prime-video","19":"tag-svod","20":"tag-television","21":"tag-tv"},"share_on_mastodon":{"url":"https:\/\/pubeurope.com\/@fr\/114866112651043192","error":""},"_links":{"self":[{"href":"https:\/\/www.europesays.com\/fr\/wp-json\/wp\/v2\/posts\/252757","targetHints":{"allow":["GET"]}}],"collection":[{"href":"https:\/\/www.europesays.com\/fr\/wp-json\/wp\/v2\/posts"}],"about":[{"href":"https:\/\/www.europesays.com\/fr\/wp-json\/wp\/v2\/types\/post"}],"author":[{"embeddable":true,"href":"https:\/\/www.europesays.com\/fr\/wp-json\/wp\/v2\/users\/2"}],"replies":[{"embeddable":true,"href":"https:\/\/www.europesays.com\/fr\/wp-json\/wp\/v2\/comments?post=252757"}],"version-history":[{"count":0,"href":"https:\/\/www.europesays.com\/fr\/wp-json\/wp\/v2\/posts\/252757\/revisions"}],"wp:featuredmedia":[{"embeddable":true,"href":"https:\/\/www.europesays.com\/fr\/wp-json\/wp\/v2\/media\/252758"}],"wp:attachment":[{"href":"https:\/\/www.europesays.com\/fr\/wp-json\/wp\/v2\/media?parent=252757"}],"wp:term":[{"taxonomy":"category","embeddable":true,"href":"https:\/\/www.europesays.com\/fr\/wp-json\/wp\/v2\/categories?post=252757"},{"taxonomy":"post_tag","embeddable":true,"href":"https:\/\/www.europesays.com\/fr\/wp-json\/wp\/v2\/tags?post=252757"}],"curies":[{"name":"wp","href":"https:\/\/api.w.org\/{rel}","templated":true}]}}