{"id":252761,"date":"2025-07-17T02:03:19","date_gmt":"2025-07-17T02:03:19","guid":{"rendered":"https:\/\/www.europesays.com\/fr\/252761\/"},"modified":"2025-07-17T02:03:19","modified_gmt":"2025-07-17T02:03:19","slug":"debut-du-tournage-de-la-serie-harry-potter-avec-lacteur-ecossais-dominic-mclaughlin-rts-ch","status":"publish","type":"post","link":"https:\/\/www.europesays.com\/fr\/252761\/","title":{"rendered":"D\u00e9but du tournage de la s\u00e9rie Harry Potter avec l&rsquo;acteur \u00e9cossais Dominic McLaughlin &#8211; rts.ch"},"content":{"rendered":"<p>Un nouveau Harry Potter&#8230; sans Daniel Radcliffe. Le groupe Warner Bros. Discovery a d\u00e9voil\u00e9 lundi les premi\u00e8res images du tournage de sa s\u00e9rie adapt\u00e9e du roman de l&rsquo;autrice J. K. Rowling, avec en vedette principale un gamin \u00e0 lunettes incarn\u00e9 par l&rsquo;acteur \u00e9cossais Dominic McLaughlin.<\/p>\n<p>Le g\u00e9ant am\u00e9ricain des m\u00e9dias et du divertissement Warner Bros. Discovery avait promis il y a deux ans de lancer une s\u00e9rie, qui sera diffus\u00e9e sur \u00ab\u00a0dix ans\u00a0\u00bb, d&rsquo;Harry Potter avec son auteure J.K. Rowling comme productrice ex\u00e9cutive. Le tournage a d\u00e9but\u00e9 lundi dans les studios Leavesden, au Royaume-Uni, pour une diffusion en 2027 sur les plateformes HBO et HBO Max.<\/p>\n<p><strong class=\"inline-title\">&gt;&gt; Lire \u00e9galement\u00a0: <\/strong><a href=\"https:\/\/www.rts.ch\/info\/culture\/series\/13939670-la-serie-basee-sur-lunivers-harry-potter-est-confirmee.html\" data-item-id=\"richtext_link\" rel=\"nofollow noopener\" target=\"_blank\">La s\u00e9rie bas\u00e9e sur l&rsquo;univers Harry Potter est confirm\u00e9e<\/a><\/p>\n<p>Daniel Radcliffe avait emprunt\u00e9 le costume du jeune sorcier dans le premier volet des films d\u00e9clin\u00e9s des romans de J.K. Rowling, \u00ab\u00a0Harry Potter \u00e0 l&rsquo;\u00e9cole des sorciers\u00a0\u00bb, au point de devenir le visage de la franchise.<\/p>\n<p>Lundi, Warner Bros. Discovery a pr\u00e9sent\u00e9 Dominic McLaughlin, qui a sensiblement le m\u00eame \u00e2ge que Radcliffe \u00e0 ses d\u00e9buts, comme la nouvelle incarnation du personnage phare en diffusant une photo du jeune acteur avec entre ses mains un clap de tournage affichant la sc\u00e8ne 1 en date du 14 juillet 2025.<\/p>\n<p> <img decoding=\"async\" src=\"https:\/\/www.europesays.com\/fr\/wp-content\/uploads\/2025\/07\/jq30iy-28943608.image\" alt=\"Dominic McLaughlin est le nouveau visage de Harry Potter pour la s\u00e9rie r\u00e9alis\u00e9e par Mark Mylod. [AP - Aidan Monaghan]\" title=\"Dominic McLaughlin est le nouveau visage de Harry Potter pour la s\u00e9rie r\u00e9alis\u00e9e par Mark Mylod. [AP - Aidan Monaghan]\" loading=\"lazy\"\/>  Dominic McLaughlin est le nouveau visage de Harry Potter pour la s\u00e9rie r\u00e9alis\u00e9e par Mark Mylod. [AP &#8211; Aidan Monaghan] Francesca Gardiner \u00e0 la sc\u00e9narisation<\/p>\n<p>La r\u00e9alisation de la s\u00e9rie a \u00e9t\u00e9 confi\u00e9e au r\u00e9alisateur britannique Mark Mylod, derri\u00e8re la cam\u00e9ra de la com\u00e9die \u00ab\u00a0Sex List\u00a0\u00bb (2011), et plus r\u00e9cemment du film d&rsquo;horreur \u00ab\u00a0Le Menu\u00a0\u00bb (2022). Entre les deux, il a r\u00e9alis\u00e9 des \u00e9pisodes de \u00ab\u00a0Game of Thrones\u00a0\u00bb.<\/p>\n<p>La sc\u00e9narisation ne sera pas l&rsquo;oeuvre de J.K. Rowling, mais de Francesca Gardiner, fille du c\u00e9l\u00e8bre chef d&rsquo;orchestre britannique John Eliot Gardiner, qui avait \u00e9crit l&rsquo;adaptation de \u00ab\u00a0A la crois\u00e9e des mondes\u00a0\u00bb (\u00ab\u00a0His Dark materials\u00a0\u00bb), r\u00e9cit all\u00e9gorique du passage d&rsquo;adolescents \u00e0 l&rsquo;\u00e2ge adulte de Philip Pullman.<\/p>\n<p class=\"sources\">ats\/ld<\/p>\n","protected":false},"excerpt":{"rendered":"Un nouveau Harry Potter&#8230; sans Daniel Radcliffe. Le groupe Warner Bros. Discovery a d\u00e9voil\u00e9 lundi les premi\u00e8res images&hellip;\n","protected":false},"author":2,"featured_media":252762,"comment_status":"","ping_status":"","sticky":false,"template":"","format":"standard","meta":{"footnotes":""},"categories":[1354],"tags":[253,1693,650,22137,58,6359,59,1346,1011,27,6610,39322,39323,500,1360,2004,521,1314,39324,6265,5523],"class_list":{"0":"post-252761","1":"post","2":"type-post","3":"status-publish","4":"format-standard","5":"has-post-thumbnail","7":"category-films","8":"tag-acteur","9":"tag-arts-et-divertissement","10":"tag-cinema","11":"tag-daniel-radcliffe","12":"tag-divertissement","13":"tag-economie-et-finances","14":"tag-entertainment","15":"tag-films","16":"tag-fr","17":"tag-france","18":"tag-harry-potter","19":"tag-industrie-cinematographique","20":"tag-industrie-videoludique","21":"tag-medias","22":"tag-movies","23":"tag-roman","24":"tag-serie","25":"tag-series","26":"tag-star-trek-discovery","27":"tag-tournage","28":"tag-warner-bros"},"share_on_mastodon":{"url":"https:\/\/pubeurope.com\/@fr\/114866120537274848","error":""},"_links":{"self":[{"href":"https:\/\/www.europesays.com\/fr\/wp-json\/wp\/v2\/posts\/252761","targetHints":{"allow":["GET"]}}],"collection":[{"href":"https:\/\/www.europesays.com\/fr\/wp-json\/wp\/v2\/posts"}],"about":[{"href":"https:\/\/www.europesays.com\/fr\/wp-json\/wp\/v2\/types\/post"}],"author":[{"embeddable":true,"href":"https:\/\/www.europesays.com\/fr\/wp-json\/wp\/v2\/users\/2"}],"replies":[{"embeddable":true,"href":"https:\/\/www.europesays.com\/fr\/wp-json\/wp\/v2\/comments?post=252761"}],"version-history":[{"count":0,"href":"https:\/\/www.europesays.com\/fr\/wp-json\/wp\/v2\/posts\/252761\/revisions"}],"wp:featuredmedia":[{"embeddable":true,"href":"https:\/\/www.europesays.com\/fr\/wp-json\/wp\/v2\/media\/252762"}],"wp:attachment":[{"href":"https:\/\/www.europesays.com\/fr\/wp-json\/wp\/v2\/media?parent=252761"}],"wp:term":[{"taxonomy":"category","embeddable":true,"href":"https:\/\/www.europesays.com\/fr\/wp-json\/wp\/v2\/categories?post=252761"},{"taxonomy":"post_tag","embeddable":true,"href":"https:\/\/www.europesays.com\/fr\/wp-json\/wp\/v2\/tags?post=252761"}],"curies":[{"name":"wp","href":"https:\/\/api.w.org\/{rel}","templated":true}]}}