{"id":252766,"date":"2025-07-17T02:06:16","date_gmt":"2025-07-17T02:06:16","guid":{"rendered":"https:\/\/www.europesays.com\/fr\/252766\/"},"modified":"2025-07-17T02:06:16","modified_gmt":"2025-07-17T02:06:16","slug":"emma-watson-privee-de-permis-pour-six-mois-apres-un-exces-de-vitesse-de-13-km-h","status":"publish","type":"post","link":"https:\/\/www.europesays.com\/fr\/252766\/","title":{"rendered":"Emma Watson priv\u00e9e de permis pour six mois apr\u00e8s un exc\u00e8s de vitesse de 13 km\/h"},"content":{"rendered":"<p>Outre la suspension de permis, l\u2019actrice de 35 ans devra s\u2019acquitter d\u2019une amende de 1\u00a0044 livres sterling.<\/p>\n<p class=\"fig-paragraph\">Son balai magique est all\u00e9 trop vite. L&rsquo;actrice\u00a0<a href=\"http:\/\/www.lefigaro.fr\/cinema\/daniel-radcliffe-emma-watson-gary-oldman-la-famille-harry-potter-rend-hommage-a-maggie-smith-20240928\" data-fig-type=\"Article\" data-gtm-custom-categorie=\"navigation\" data-gtm-custom-action=\"crossclick\" data-gtm-custom-label=\"Contextuel\" data-gtm-event=\"customEventSPE\" data-fig-domain=\"LEFIGARO\" rel=\"nofollow noopener\" target=\"_blank\">Emma Watson<\/a>\u00a0est interdite de conduire pour six mois, a jug\u00e9 mercredi 16 juillet un tribunal britannique, apr\u00e8s que la star de la saga\u00a0<a href=\"http:\/\/www.lefigaro.fr\/cinema\/harry-potter-tom-felton-reprend-son-role-de-drago-malefoy-a-broadway-20250609\" data-fig-type=\"Article\" data-gtm-custom-categorie=\"navigation\" data-gtm-custom-action=\"crossclick\" data-gtm-custom-label=\"Contextuel\" data-gtm-event=\"customEventSPE\" data-fig-domain=\"LEFIGARO\" rel=\"nofollow noopener\" target=\"_blank\">Harry Potter<\/a> \u00a0a \u00e9t\u00e9 contr\u00f4l\u00e9e en exc\u00e8s de vitesse. La com\u00e9dienne, principalement connue pour avoir jou\u00e9 Hermione Granger, l&rsquo;amie de Harry, a \u00e9t\u00e9 contr\u00f4l\u00e9e le 31 juillet 2024 alors qu&rsquo;elle roulait \u00e0 61 km\/h (38 miles par heure) dans une zone limit\u00e9e \u00e0 48 km\/h (30 miles par heure) \u00e0\u00a0<a href=\"http:\/\/www.lefigaro.fr\/flash-actu\/oxford-des-universitaires-buvaient-dans-un-crane-humain-jusqu-en-2015-20250422\" data-fig-type=\"NewsFlash\" data-gtm-custom-categorie=\"navigation\" data-gtm-custom-action=\"crossclick\" data-gtm-custom-label=\"Contextuel\" data-gtm-event=\"customEventSPE\" data-fig-domain=\"LEFIGARO\" rel=\"nofollow noopener\" target=\"_blank\">Oxford<\/a>, \u00e0 l&rsquo;ouest de Londres.<\/p>\n<p class=\"fig-paragraph\">L&rsquo;actrice de 35 ans, qui avait d\u00e9j\u00e0 eu des contraventions (son v\u00e9hicule avait \u00e9t\u00e9 emmen\u00e9 \u00e0 la<a href=\"https:\/\/soirmag.lesoir.be\/567074\/article\/2024-02-08\/emma-watson-retrouve-sa-voiture-la-fourriere-apres-une-sortie-dans-un-pub\" target=\"_blank\" rel=\"sponsored noopener nofollow\" data-gtm-custom-categorie=\"navigation\" data-gtm-custom-action=\"crossclick\" data-gtm-custom-label=\"Contextuel\" data-gtm-event=\"customEventSPE\">\u00a0fourri\u00e8re en f\u00e9vrier 2024<\/a>), est priv\u00e9e de son permis de conduire pour six mois et va devoir payer une amende de 1\u00a0044 livres sterling (1\u00a0205 euros), a tranch\u00e9 le tribunal de High Wycombe, situ\u00e9 entre\u00a0<a href=\"http:\/\/www.lefigaro.fr\/voyages\/dossier\/londres\" data-fig-type=\"Topic\" data-gtm-custom-categorie=\"navigation\" data-gtm-custom-action=\"crossclick\" data-gtm-custom-label=\"Contextuel\" data-gtm-event=\"customEventSPE\" data-fig-domain=\"LEFIGARO\" rel=\"nofollow noopener\" target=\"_blank\">Londres<\/a>\u00a0et Oxford. Elle n&rsquo;\u00e9tait pas pr\u00e9sente \u00e0 l&rsquo;audience.<\/p>\n<p>                                    <a class=\"fig-a11y-skip a11y-hidden\" href=\"#fig-a11y-skip-main-inarticle\"><br \/>\n        Passer la publicit\u00e9<br \/>\n    <\/a><\/p>\n<p class=\"fig-paragraph\">Emma Watson, qui a pass\u00e9 son enfance et son adolescence \u00e0 tourner Harry Potter, est \u00e9tudiante depuis 2023 \u00e0 la prestigieuse universit\u00e9 d&rsquo;Oxford. Elle a obtenu un master en \u00e9criture cr\u00e9ative et suivrait actuellement un doctorat en philosophie.<\/p>\n<p>Une actrice engag\u00e9e<\/p>\n<p class=\"fig-paragraph\">Elle est devenue c\u00e9l\u00e8bre en 2001, avec la sortie de Harry Potter et l&rsquo;\u00e9cole des sorciers, aux c\u00f4t\u00e9s de<a href=\"http:\/\/www.lefigaro.fr\/culture\/ariana-grande-daniel-radcliffe-dua-lipa-se-mobilisent-pour-la-protection-des-jeunes-lgbt-face-a-donald-trump-20250603\" data-fig-type=\"Article\" data-gtm-custom-categorie=\"navigation\" data-gtm-custom-action=\"crossclick\" data-gtm-custom-label=\"Contextuel\" data-gtm-event=\"customEventSPE\" data-fig-domain=\"LEFIGARO\" rel=\"nofollow noopener\" target=\"_blank\">\u00a0Daniel Radcliffe<\/a>\u00a0et<a href=\"https:\/\/www.lefigaro.fr\/cinema\/harry-potter-rupert-grint-et-tom-felton-de-retour-dans-la-saga-20190620\" data-fig-type=\"Article\" data-gtm-custom-categorie=\"navigation\" data-gtm-custom-action=\"crossclick\" data-gtm-custom-label=\"Contextuel\" data-gtm-event=\"customEventSPE\" data-fig-domain=\"LEFIGARO\" rel=\"nofollow noopener\" target=\"_blank\">\u00a0Rupert Grint<\/a>. Emma Watson a jou\u00e9 dans les huit films de la saga, le dernier \u00e9tant Harry Potter et les Reliques de la Mort &#8211; partie 2, sorti en 2011.<\/p>\n<p class=\"fig-paragraph\">Depuis, l\u2019artiste a jou\u00e9 dans les films No\u00e9 de Darren Aronofsky en 2014, La Belle et la B\u00eate de Bill Condon en 2017, et Les Filles du docteur March de la cin\u00e9aste\u00a0<a href=\"https:\/\/www.lefigaro.fr\/festival-de-cannes\/greta-gerwig-aux-etats-unis-metoo-a-entraine-de-nombreux-changements-concrets-20240514\" data-fig-type=\"Article\" data-gtm-custom-categorie=\"navigation\" data-gtm-custom-action=\"crossclick\" data-gtm-custom-label=\"Contextuel\" data-gtm-event=\"customEventSPE\" data-fig-domain=\"LEFIGARO\" rel=\"nofollow noopener\" target=\"_blank\">Greta Gerwig<\/a>\u00a0en 2019. En dehors du cin\u00e9ma, Emma Watson s\u2019est impliqu\u00e9e dans plusieurs causes comme l\u2019environnement ou la lutte contre le harc\u00e8lement sexuel.<\/p>\n","protected":false},"excerpt":{"rendered":"Outre la suspension de permis, l\u2019actrice de 35 ans devra s\u2019acquitter d\u2019une amende de 1\u00a0044 livres sterling. Son&hellip;\n","protected":false},"author":2,"featured_media":252767,"comment_status":"","ping_status":"","sticky":false,"template":"","format":"standard","meta":{"footnotes":""},"categories":[8],"tags":[58,39325,59,6017,1011,27,6610],"class_list":{"0":"post-252766","1":"post","2":"type-post","3":"status-publish","4":"format-standard","5":"has-post-thumbnail","7":"category-divertissement","8":"tag-divertissement","9":"tag-emma-watson","10":"tag-entertainment","11":"tag-fait-divers","12":"tag-fr","13":"tag-france","14":"tag-harry-potter"},"share_on_mastodon":{"url":"https:\/\/pubeurope.com\/@fr\/114866132366382760","error":""},"_links":{"self":[{"href":"https:\/\/www.europesays.com\/fr\/wp-json\/wp\/v2\/posts\/252766","targetHints":{"allow":["GET"]}}],"collection":[{"href":"https:\/\/www.europesays.com\/fr\/wp-json\/wp\/v2\/posts"}],"about":[{"href":"https:\/\/www.europesays.com\/fr\/wp-json\/wp\/v2\/types\/post"}],"author":[{"embeddable":true,"href":"https:\/\/www.europesays.com\/fr\/wp-json\/wp\/v2\/users\/2"}],"replies":[{"embeddable":true,"href":"https:\/\/www.europesays.com\/fr\/wp-json\/wp\/v2\/comments?post=252766"}],"version-history":[{"count":0,"href":"https:\/\/www.europesays.com\/fr\/wp-json\/wp\/v2\/posts\/252766\/revisions"}],"wp:featuredmedia":[{"embeddable":true,"href":"https:\/\/www.europesays.com\/fr\/wp-json\/wp\/v2\/media\/252767"}],"wp:attachment":[{"href":"https:\/\/www.europesays.com\/fr\/wp-json\/wp\/v2\/media?parent=252766"}],"wp:term":[{"taxonomy":"category","embeddable":true,"href":"https:\/\/www.europesays.com\/fr\/wp-json\/wp\/v2\/categories?post=252766"},{"taxonomy":"post_tag","embeddable":true,"href":"https:\/\/www.europesays.com\/fr\/wp-json\/wp\/v2\/tags?post=252766"}],"curies":[{"name":"wp","href":"https:\/\/api.w.org\/{rel}","templated":true}]}}