{"id":252770,"date":"2025-07-17T02:08:15","date_gmt":"2025-07-17T02:08:15","guid":{"rendered":"https:\/\/www.europesays.com\/fr\/252770\/"},"modified":"2025-07-17T02:08:15","modified_gmt":"2025-07-17T02:08:15","slug":"drone-volt-drone-volt-confirme-la-pertinence-de-sa-strategie-vers-les-activites-a-haute-valeur-ajoutee-16-07-2025-a-1800","status":"publish","type":"post","link":"https:\/\/www.europesays.com\/fr\/252770\/","title":{"rendered":"DRONE VOLT : DRONE VOLT confirme la pertinence de sa strat\u00e9gie vers les activit\u00e9s \u00e0 haute valeur ajout\u00e9e &#8211; 16\/07\/2025 \u00e0 18:00"},"content":{"rendered":"<p>  Villepinte, le 16 juillet 2025<\/p>\n<ul class=\"c-news-detail__content-list\">\n<li>\n  <strong><br \/>\n   Chiffre d&rsquo;affaires de 4,1 M\u20ac, refl\u00e9tant l&rsquo;orientation du Groupe vers ses activit\u00e9s \u00e0 forte marge, en croissance de +87% ;<br \/>\n  <\/strong>\n <\/li>\n<li>\n  <strong><br \/>\n   Taux de marge brute record \u00e0 44%, multipli\u00e9 par plus de 4 sur un an ;<br \/>\n  <\/strong>\n <\/li>\n<li>\n  <strong><br \/>\n   Forte dynamique commerciale, port\u00e9e par les ventes \u00e0 l&rsquo;international ;<br \/>\n  <\/strong>\n <\/li>\n<li>\n  <strong><br \/>\n   Confirmation de l&rsquo;objectif d&rsquo;atteindre un EBITDA positif en 2025 gr\u00e2ce au succ\u00e8s de la strat\u00e9gie commerciale et au plan d&rsquo;\u00e9conomies ;<br \/>\n  <\/strong>\n <\/li>\n<li>\n  <strong><br \/>\n   Horizon financier d\u00e9gag\u00e9 gr\u00e2ce au produit de la derni\u00e8re lev\u00e9e de fonds.<br \/>\n  <\/strong>\n <\/li>\n<\/ul>\n<p>\n <strong><br \/>\n  DRONE VOLT, constructeur de drones civils professionnels et expert en solutions embarqu\u00e9es, pr\u00e9sente son chiffre d&rsquo;affaires et sa marge brute non audit\u00e9s du 1<\/p>\n<p>   er<\/p>\n<p>  semestre 2025.<br \/>\n <\/strong>\n<\/p>\n<tr>\n<td>\n<p>     Donn\u00e9es non audit\u00e9es en keuros \u2013 Normes IFRS<\/p>\n<\/td>\n<td>\n    <strong><br \/>\n     S1 2024<br \/>\n    <\/strong>\n   <\/td>\n<td>\n    <strong><br \/>\n     S1 2025<br \/>\n    <\/strong>\n   <\/td>\n<td>\n    <strong><br \/>\n     Variation<br \/>\n    <\/strong>\n   <\/td>\n<\/tr>\n<tr>\n<td>\n    <strong><br \/>\n     Chiffre d&rsquo;affaires<br \/>\n    <\/strong>\n   <\/td>\n<td>\n   <\/td>\n<td>\n   <\/td>\n<td>\n   <\/td>\n<\/tr>\n<tr>\n<td>\n<p>     dont DRONE VOLT FACTORY, SERVICES &amp; ACADEMY<\/p>\n<\/td>\n<td>\n    1 532\n   <\/td>\n<td>\n    2 865\n   <\/td>\n<td>\n    +87%\n   <\/td>\n<\/tr>\n<tr>\n<td>\n<p>     dont Distribution<\/p>\n<\/td>\n<td>\n    21 834\n   <\/td>\n<td>\n    1 271\n   <\/td>\n<td>\n    -94%\n   <\/td>\n<\/tr>\n<tr>\n<td>\n    <strong><br \/>\n     TOTAL<br \/>\n    <\/strong>\n   <\/td>\n<td>\n    <strong><br \/>\n     23 366<br \/>\n    <\/strong>\n   <\/td>\n<td>\n    <strong><br \/>\n     4 136<br \/>\n    <\/strong>\n   <\/td>\n<td>\n    <strong><br \/>\n     -82%<br \/>\n    <\/strong>\n   <\/td>\n<\/tr>\n<tr>\n<td>\n   <\/td>\n<td>\n   <\/td>\n<td>\n   <\/td>\n<td>\n   <\/td>\n<\/tr>\n<tr>\n<td>\n    <strong><br \/>\n     Marge brute<br \/>\n    <\/strong>\n   <\/td>\n<td>\n   <\/td>\n<td>\n   <\/td>\n<td>\n   <\/td>\n<\/tr>\n<tr>\n<td>\n<p>     dont DRONE VOLT FACTORY, SERVICES &amp; ACADEMY<\/p>\n<\/td>\n<td>\n    920\n   <\/td>\n<td>\n    1 622\n   <\/td>\n<td>\n    +76%\n   <\/td>\n<\/tr>\n<tr>\n<td>\n<p>     dont Distribution<\/p>\n<\/td>\n<td>\n    1 336\n   <\/td>\n<td>\n    206\n   <\/td>\n<td>\n    -85%\n   <\/td>\n<\/tr>\n<tr>\n<td>\n    <strong><br \/>\n     TOTAL<br \/>\n    <\/strong>\n   <\/td>\n<td>\n    <strong><br \/>\n     2 256<br \/>\n    <\/strong>\n   <\/td>\n<td>\n    <strong><br \/>\n     1 828<br \/>\n    <\/strong>\n   <\/td>\n<td>\n    <strong><br \/>\n     -19%<br \/>\n    <\/strong>\n   <\/td>\n<\/tr>\n<tr>\n<td>\n   <\/td>\n<td>\n   <\/td>\n<td>\n   <\/td>\n<td>\n   <\/td>\n<\/tr>\n<tr>\n<td>\n    <strong><br \/>\n     Taux de marge brute<br \/>\n    <\/strong>\n   <\/td>\n<td>\n   <\/td>\n<td>\n   <\/td>\n<td>\n   <\/td>\n<\/tr>\n<tr>\n<td>\n<p>     dont DRONE VOLT FACTORY, SERVICES &amp; ACADEMY<\/p>\n<\/td>\n<td>\n    60%\n   <\/td>\n<td>\n    57%\n   <\/td>\n<td>\n    -3 points\n   <\/td>\n<\/tr>\n<tr>\n<td>\n<p>     dont Distribution<\/p>\n<\/td>\n<td>\n    6%\n   <\/td>\n<td>\n    16%\n   <\/td>\n<td>\n    +10 points\n   <\/td>\n<\/tr>\n<tr>\n<td>\n    <strong><br \/>\n     TOTAL<br \/>\n    <\/strong>\n   <\/td>\n<td>\n    <strong><br \/>\n     10%<br \/>\n    <\/strong>\n   <\/td>\n<td>\n    <strong><br \/>\n     44%<br \/>\n    <\/strong>\n   <\/td>\n<td>\n    <strong><br \/>\n     +34 points<br \/>\n    <\/strong>\n   <\/td>\n<\/tr>\n<p>\n Marc COURCELLE, Directeur g\u00e9n\u00e9ral de DRONE VOLT, d\u00e9clare :<\/p>\n<p>  \u00ab Notre premier semestre 2025 t\u00e9moigne de l&rsquo;\u00e9volution strat\u00e9gique de notre soci\u00e9t\u00e9 vers les activit\u00e9s \u00e0 forte marge et \u00e0 forte valeur ajout\u00e9e. Nous avons rencontr\u00e9 de nombreux succ\u00e8s commerciaux sur la p\u00e9riode pour nos diff\u00e9rents mod\u00e8les de drones et nous sommes tr\u00e8s satisfaits de l&rsquo;accueil r\u00e9serv\u00e9 \u00e0 nos produits et prestations de services. La forte remont\u00e9e de notre taux de marge brute d\u00e9montre la pertinence de notre nouvelle strat\u00e9gie et je suis tr\u00e8s confiant dans nos perspectives pour la seconde partie de l&rsquo;exercice,<br \/>\nce qui nous permet de confirmer notre objectif d&rsquo;atteindre la rentabilit\u00e9. \u00bb<\/p>\n<p>\n <strong><br \/>\n  Renforcement de la dynamique des activit\u00e9s \u00e0 forte marge<br \/>\n <\/strong>\n<\/p>\n<p>\n DRONE VOLT enregistre un chiffre d&rsquo;affaires de 4,1 M\u20ac pour le 1<\/p>\n<p>  er<\/p>\n<p> semestre 2025 (23,4 M\u20ac au 1<\/p>\n<p>  er<\/p>\n<p> semestre 2024), qui refl\u00e8te le pivot strat\u00e9gique engag\u00e9 par la soci\u00e9t\u00e9 vers ses activit\u00e9s \u00e0 forte marge et \u00e0 forte valeur ajout\u00e9e.\n<\/p>\n<p>\n Le chiffre d&rsquo;affaires de DRONE VOLT FACTORY, SERVICES &amp; ACADEMY atteint 2,9 M\u20ac sur le semestre, soit un niveau quasiment multipli\u00e9 par deux sur un an (+87% par rapport au 1<\/p>\n<p>  er<\/p>\n<p> semestre 2024, \u00e0 1,5 M\u20ac). Dans le d\u00e9tail :\n<\/p>\n<ul class=\"c-news-detail__content-list\">\n<li>\n  L&rsquo;activit\u00e9 \u00ab FACTORY \u00bb a connu une forte croissance (+70%), port\u00e9e essentiellement par les ventes du HERCULES 20 dans sa version \u00ab Spray \u00bb, qui fait partie des versions avec le prix de vente le plus \u00e9lev\u00e9, et une forte demande \u00e0 l&rsquo;international. 39 drones \u00e9labor\u00e9s en interne ont \u00e9t\u00e9 vendus sur le semestre, dont 1 HELIPLANE et 1 LINEDRONE.\n <\/li>\n<li>\n  La croissance a de nouveau \u00e9t\u00e9 tr\u00e8s forte pour les activit\u00e9s \u00ab SERVICES \u00bb, avec un doublement des ventes en raison de la forte dynamique en France et du d\u00e9ploiement des activit\u00e9s du Groupe \u00e0 l&rsquo;international, notamment au Canada.\n <\/li>\n<li>\n  Les activit\u00e9s de formation (\u00ab ACADEMY \u00bb) ont \u00e9galement connu une trajectoire dynamique.\n <\/li>\n<\/ul>\n<p>\n Comme annonc\u00e9 et en ligne avec l&rsquo;\u00e9volution de la strat\u00e9gie du Groupe, l&rsquo;activit\u00e9 Distribution s&rsquo;est r\u00e9duite et a repr\u00e9sent\u00e9 un chiffre d&rsquo;affaires de 1,3 M\u20ac sur le semestre (21,8 M\u20ac au 1<\/p>\n<p>  er<\/p>\n<p> semestre 2024).\n<\/p>\n<p>\n Le taux de marge brute semestriel atteint le niveau record de 44%, multipli\u00e9 par plus de quatre sur un an (10% au 1<\/p>\n<p>  er<\/p>\n<p> semestre 2024), et d\u00e9montre la pertinence de l&rsquo;\u00e9volution de la strat\u00e9gie de DRONE VOLT.\n<\/p>\n<p>\n <strong><br \/>\n  Des perspectives commerciales favorables port\u00e9es par la pertinence du positionnement des drones et solutions d\u00e9velopp\u00e9s par DRONE VOLT<br \/>\n <\/strong>\n<\/p>\n<p>\n Le Groupe s&rsquo;appuie sur un portefeuille de produits et services \u00e0 haute valeur ajout\u00e9e dans des secteurs d&rsquo;activit\u00e9 porteurs, tels que la d\u00e9fense, la surveillance ou encore l&rsquo;inspection des infrastructures \u00e9lectriques.\n<\/p>\n<p>\n DRONE VOLT tire \u00e9galement profit du renforcement de sa pr\u00e9sence aux \u00c9tats-Unis, o\u00f9 il est d\u00e9sormais en meilleure position pour saisir les opportunit\u00e9s. Le Groupe a d\u00e9j\u00e0 r\u00e9alis\u00e9 de nombreuses ventes au 1<\/p>\n<p>  er<\/p>\n<p> semestre sur le premier march\u00e9 mondial du secteur et b\u00e9n\u00e9ficie du soutien de ses actionnaires am\u00e9ricains. Enfin, DRONE VOLT a r\u00e9cemment annonc\u00e9<\/p>\n<p>  [1]<\/p>\n<p> le lancement de la production du DRONE VOLT KOBRA aux \u00c9tats-Unis afin de raccourcir les d\u00e9lais de production et de livraison et de se conformer aux exigences r\u00e9glementaires locales. Cette d\u00e9cision strat\u00e9gique marque ainsi une \u00e9tape cl\u00e9 dans le d\u00e9veloppement de ses activit\u00e9s industrielles en Am\u00e9rique du Nord.\n<\/p>\n<p>\n DRONE VOLT affiche donc sa confiance pour la seconde partie de l&rsquo;exercice au regard de ce contexte favorable, des n\u00e9gociations en cours, de la mont\u00e9e en puissance du DRONE VOLT KOBRA et d&rsquo;une demande particuli\u00e8rement forte \u00e0 l&rsquo;international.\n<\/p>\n<p>\n <strong><br \/>\n  Soutenue par ses investisseurs am\u00e9ricains et europ\u00e9ens, DRONE VOLT s&rsquo;appuie d\u00e9sormais sur une structure financi\u00e8re solide et confirme son objectif d&rsquo;atteindre un EBITDA positif d\u00e8s 2025<br \/>\n <\/strong>\n<\/p>\n<p>\n Apr\u00e8s avoir effectu\u00e9 deux augmentations de capital au 1<\/p>\n<p>  er<\/p>\n<p> semestre pour un total de 7,0 M\u20ac, DRONE VOLT a r\u00e9alis\u00e9 une nouvelle augmentation de capital au mois de juillet<\/p>\n<p>  [2]<\/p>\n<p> aupr\u00e8s d&rsquo;investisseurs am\u00e9ricains et europ\u00e9ens pour un montant de 12,4 M\u20ac. Cette derni\u00e8re a pour objectifs principaux d&rsquo;accompagner la croissance du Groupe, de financer son besoin en fonds de roulement et d&rsquo;\u00e9tudier des op\u00e9rations cibl\u00e9es de croissance externe.\n<\/p>\n<p>\n Enfin, DRONE VOLT poursuit la mise en \u0153uvre de son plan de r\u00e9duction des charges. Les \u00e9conomies r\u00e9alis\u00e9es se traduiront sur la structure de co\u00fbts du premier semestre et seront encore plus significatives au second semestre.\n<\/p>\n<p>\n Avec cette double dynamique de croissance des activit\u00e9s \u00e0 forte marge et de r\u00e9duction des co\u00fbts, DRONE VOLT renouvelle son objectif d&rsquo;atteindre un EBITDA positif en 2025.\n<\/p>\n<p>\n <strong><\/p>\n<p>   Prochain communiqu\u00e9 : R\u00e9sultats semestriels 2025, mercredi 17 septembre 2025.<\/p>\n<p> <\/strong>\n<\/p>\n<p>\n Tous les communiqu\u00e9s de presse DRONE VOLT sont disponibles<br \/>\n <br \/>sur<\/p>\n<p>  www.dronevolt.com \/ Investisseurs\n<\/p>\n<p>\n Pour recevoir gratuitement tous les communiqu\u00e9s de presse, inscrivez-vous sur<\/p>\n<p>  Actusnews\n<\/p>\n<p>\n Pour recevoir la newsletter de la soci\u00e9t\u00e9, \u00e9crire \u00e0 :<\/p>\n<p>  finance@dronevolt.com\n<\/p>\n<p>\n <strong><br \/>\n  \u00c0 propos de DRONE VOLT<br \/>\n <\/strong>\n<\/p>\n<p>\n Cr\u00e9\u00e9 en 2011, DRONE VOLT est un constructeur a\u00e9ronautique sp\u00e9cialis\u00e9 dans les drones civils professionnels et l&rsquo;intelligence artificielle. DRONE VOLT est implant\u00e9 en France, au Benelux, au Canada, au Danemark, aux Pays-Bas, aux \u00c9tats-Unis et en Suisse. Partenaire global, DRONE VOLT offre \u00e0 ses clients des solutions m\u00e9tiers \u00ab cl\u00e9 en main \u00bb incluant diff\u00e9rents services et la formation au pilotage de drones.\n<\/p>\n<p>\n Le Groupe DRONE VOLT, membre du GICAT, a r\u00e9alis\u00e9 un chiffre d&rsquo;affaires de 32,7 millions d&rsquo;euros en 2024, en croissance annuelle de 36%.\n<\/p>\n<p>\n DRONE VOLT fournit notamment les administrations et les industriels tels que l&rsquo;Arm\u00e9e Fran\u00e7aise, le Minist\u00e8re des Arm\u00e9es, Engie, Total, Bouygues ES, ADP, la Gendarmerie des Transports A\u00e9riens (GTA), des Agences gouvernementales internationales\u2026\n<\/p>\n<p>\n DRONE VOLT est qualifi\u00e9 \u00ab Entreprise Innovante \u00bb par Bpifrance.\n<\/p>\n<p>\n <strong><\/p>\n<p>   DRONE VOLT est cot\u00e9 sur le march\u00e9 Euronext Growth \u00e0 Paris :<\/p>\n<p> <\/strong>\n<\/p>\n<p>  Action : Mn\u00e9mo : ALDRV &#8211; Code ISIN : FR001400SVN0 &#8211; Eligible : PEA, PEA-PME<\/p>\n<p>  Bon de souscription : Mn\u00e9mo : BNBS &#8211; Code ISIN : FR0014007951<\/p>\n<p>\n <strong><br \/>\n  Plus d&rsquo;informations sur<\/p>\n<p>  www.dronevolt.com<br \/>\n <\/strong>\n<\/p>\n<p>\n <strong><br \/>\n  Contacts :<br \/>\n <\/strong>\n<\/p>\n<tr>\n<td>\n    <strong><br \/>\n     Relations Investisseurs<br \/>\n     <br \/>DRONE VOLT<br \/>\n    <\/strong><br \/>\n    <br \/>Sylvain Navarro \u2013 T: +33 7 88 87 50 88<br \/>\n    <br \/>finance@dronevolt.com\n   <\/td>\n<td>\n    <strong><br \/>\n     Relations m\u00e9dias FINANCE<br \/>\n     <br \/>ACTUS finance &amp; communication<br \/>\n    <\/strong><br \/>\n    <br \/>Manon Clairet \u2013 T : +33 1 53 67 36 73<br \/>\n    <br \/>dronevolt@actus.fr\n   <\/td>\n<td>\n    <strong><br \/>\n     Relations m\u00e9dias GRAND PUBLIC ET METIER AYA communication<br \/>\n    <\/strong><br \/>\n    <br \/>Antonin Violette \u2013 T : +33 6 47 48 63 25<br \/>\n    <br \/>aviolette@aya-communication.fr\n   <\/td>\n<\/tr>\n<p>\n [1]<\/p>\n<p>  Voir le communiqu\u00e9 du 15 juillet 2025<\/p>\n<p> .\n<\/p>\n<p>\n [2]<\/p>\n<p>  Voir le communiqu\u00e9 du 10 juillet 2025<\/p>\n<p> .\n<\/p>\n<p><\/p>\n<p>\n  <strong><br \/>\n   Cette publication dispose du service \u00a0\u00bb \ud83d\udd12 Actusnews<\/p>\n<p>     SECURITY MASTER<\/p>\n<p>    \u00ab\u00a0.<br \/>\n  <\/strong><br \/>\n  <br \/><strong><br \/>\n   &#8211;<\/p>\n<p>     SECURITY MASTER<\/p>\n<p>    Key :<br \/>\n  <\/strong><br \/>\n  x2xvZ5hrZZiVlZ6bZ8ptb2Vjamtkw2bIbWmVmWVpZ8jHmZ+VlZeWa5qZZnJklWhn<br \/>\n  <br \/><strong><br \/>\n   &#8211; Pour contr\u00f4ler cette cl\u00e9 :<br \/>\n  <\/strong><br \/>\n  https:\/\/www.security-master-key.com<\/p>\n<p>   .\n <\/p>\n<p><\/p>\n<p>\n  <strong><br \/>\n   Information r\u00e9glement\u00e9e :<br \/>\n  <\/strong><br \/>\n  <br \/>Informations privil\u00e9gi\u00e9es :<br \/>\n  <br \/>&#8211; Communiqu\u00e9 sur comptes, r\u00e9sultats\n <\/p>\n<p>\n  <strong><br \/>\n   Communiqu\u00e9 int\u00e9gral et original au format PDF  :<br \/>\n  <\/strong><br \/>\n  https:\/\/www.actusnews.com\/news\/93031-drone-volt-communique-de-presse-ca-s1-2025-vdef.pdf\n <\/p>\n<p>\u00a9 Copyright Actusnews Wire<br \/>\n<br \/>Recevez gratuitement par email les prochains communiqu\u00e9s de la soci\u00e9t\u00e9 en vous inscrivant sur<\/p>\n<p>  www.actusnews.com<\/p>\n","protected":false},"excerpt":{"rendered":"Villepinte, le 16 juillet 2025 Chiffre d&rsquo;affaires de 4,1 M\u20ac, refl\u00e9tant l&rsquo;orientation du Groupe vers ses activit\u00e9s \u00e0&hellip;\n","protected":false},"author":2,"featured_media":2956,"comment_status":"","ping_status":"","sticky":false,"template":"","format":"standard","meta":{"footnotes":""},"categories":[6],"tags":[400,398,408,35,405,33,34,1011,27,403,402,399,404,401,406,407],"class_list":{"0":"post-252770","1":"post","2":"type-post","3":"status-publish","4":"format-standard","5":"has-post-thumbnail","7":"category-economie","8":"tag-action-cac-40","9":"tag-bourse-de-paris","10":"tag-boursorama","11":"tag-business","12":"tag-cotations","13":"tag-economie","14":"tag-economy","15":"tag-fr","16":"tag-france","17":"tag-indices-devises","18":"tag-investir","19":"tag-investissement","20":"tag-marche-boursier","21":"tag-sicav","22":"tag-trackers","23":"tag-warrants"},"share_on_mastodon":{"url":"https:\/\/pubeurope.com\/@fr\/114866140151804487","error":""},"_links":{"self":[{"href":"https:\/\/www.europesays.com\/fr\/wp-json\/wp\/v2\/posts\/252770","targetHints":{"allow":["GET"]}}],"collection":[{"href":"https:\/\/www.europesays.com\/fr\/wp-json\/wp\/v2\/posts"}],"about":[{"href":"https:\/\/www.europesays.com\/fr\/wp-json\/wp\/v2\/types\/post"}],"author":[{"embeddable":true,"href":"https:\/\/www.europesays.com\/fr\/wp-json\/wp\/v2\/users\/2"}],"replies":[{"embeddable":true,"href":"https:\/\/www.europesays.com\/fr\/wp-json\/wp\/v2\/comments?post=252770"}],"version-history":[{"count":0,"href":"https:\/\/www.europesays.com\/fr\/wp-json\/wp\/v2\/posts\/252770\/revisions"}],"wp:featuredmedia":[{"embeddable":true,"href":"https:\/\/www.europesays.com\/fr\/wp-json\/wp\/v2\/media\/2956"}],"wp:attachment":[{"href":"https:\/\/www.europesays.com\/fr\/wp-json\/wp\/v2\/media?parent=252770"}],"wp:term":[{"taxonomy":"category","embeddable":true,"href":"https:\/\/www.europesays.com\/fr\/wp-json\/wp\/v2\/categories?post=252770"},{"taxonomy":"post_tag","embeddable":true,"href":"https:\/\/www.europesays.com\/fr\/wp-json\/wp\/v2\/tags?post=252770"}],"curies":[{"name":"wp","href":"https:\/\/api.w.org\/{rel}","templated":true}]}}