{"id":252771,"date":"2025-07-17T02:09:09","date_gmt":"2025-07-17T02:09:09","guid":{"rendered":"https:\/\/www.europesays.com\/fr\/252771\/"},"modified":"2025-07-17T02:09:09","modified_gmt":"2025-07-17T02:09:09","slug":"en-reponse-a-des-affrontements-entre-druzes-et-troupes-syriennes-israel-bombarde-damas","status":"publish","type":"post","link":"https:\/\/www.europesays.com\/fr\/252771\/","title":{"rendered":"En r\u00e9ponse \u00e0 des affrontements entre druzes et troupes syriennes, Isra\u00ebl bombarde Damas"},"content":{"rendered":"<p data-module=\"fig-standfirst\" data-context=\"@media (min-width:48em)\"><strong>R\u00c9CIT<\/strong> &#8211; L\u2019arm\u00e9e isra\u00e9lienne est intervenue dans la capitale et dans le sud du pays, o\u00f9 des affrontements ont fait plusieurs centaines de morts.<\/p>\n<p class=\"fig-paragraph fig-paragraph--dropped\">Le bruit sourd d\u2019une nouvelle\u00a0<a href=\"https:\/\/www.lefigaro.fr\/international\/syrie-israel-en-direct-palais-presidentiel-bombardements-armee-druzes-damas-netanyahou-20250716\" target=\"_blank\" data-fig-type=\"Live\" rel=\"noopener\" data-gtm-custom-categorie=\"navigation\" data-gtm-custom-action=\"crossclick\" data-gtm-custom-label=\"Contextuel\" data-gtm-event=\"customEventSPE\" data-fig-domain=\"LEFIGARO\">explosion retentit dans le centre de Damas<\/a>. Un nuage de fum\u00e9e envahit les rues du quartier d\u2019Abou Roummaneh. Il est si \u00e9pais qu\u2019il cache le soleil. Un homme en tongs, le visage couvert de poussi\u00e8re, surgit en courant. \u00ab\u00a0Vous avez de l\u2019eau\u00a0?\u00a0\u00bb, demande-t-il. \u00ab\u00a0Je travaille au quartier g\u00e9n\u00e9ral de l\u2019\u00e9tat-major et j\u2019y \u00e9tais quand ils ont bombard\u00e9. Je n\u2019ai vu que des \u00e9clats, le b\u00e2timent s\u2019effondrait sur nous. Dieu merci, j\u2019en suis sorti vivant, mais j\u2019ai vu des corps \u00e0 l\u2019int\u00e9rieur\u00a0\u00bb, raconte-t-il, paniqu\u00e9, tandis que les sir\u00e8nes d\u2019ambulances se rapprochent.<\/p>\n<p class=\"fig-paragraph fig-paragraph--dropped\">Vers 15\u00a0h\u00a020, mercredi, l\u2019arm\u00e9e isra\u00e9lienne a frapp\u00e9, pour la cinqui\u00e8me fois de la journ\u00e9e selon une source s\u00e9curitaire, le b\u00e2timent du quartier g\u00e9n\u00e9ral de l\u2019\u00e9tat-major du r\u00e9gime syrien. Le palais pr\u00e9sidentiel a aussi \u00e9t\u00e9 cibl\u00e9, selon l\u2019arm\u00e9e isra\u00e9lienne.<\/p>\n<p class=\"fig-paragraph fig-paragraph--dropped\">Ces bombardements interviennent dans un contexte d\u2019affrontements \u00e0 Soue\u00efda. Cette ville situ\u00e9e au sud de Damas, \u00e0 une quarantaine de kilom\u00e8tres\u2026<\/p>\n<p class=\"fig-premium-paywall__infos\">\n        Cet article est r\u00e9serv\u00e9 aux abonn\u00e9s.        Il vous reste 80% \u00e0 d\u00e9couvrir.\n    <\/p>\n<p>                <img  data- alt=\"Le Figaro\" class=\"fig-img--complete fig-img\"\/><\/p>\n<p class=\"fig-premium-paywall__title\">Vous avez envie de lire la suite ?<\/p>\n<p class=\"fig-premium-paywall__subtitle\">D\u00e9bloquez tous les articles imm\u00e9diatement.<\/p>\n<p class=\"fig-premium-paywall__connect\">\n                D\u00e9j\u00e0 abonn\u00e9\u00a0?                <a class=\"fig-premium-paywall__connect-link\" href=\"https:\/\/connect.lefigaro.fr\/login?client=horizon_web&amp;type=main&amp;redirect_uri=https%3A%2F%2Fwww.lefigaro.fr%2Finternational%2Fen-reponse-a-des-affrontements-entre-druzes-et-troupes-syriennes-israel-bombarde-damas-20250716\" data-js-gtm=\"{&quot;customCategorie&quot;: &quot;conversion&quot;, &quot;customAction&quot;: &quot;before_Landing_Connexion_paywall_auto&quot;, &quot;customLabel&quot;: &quot;bGVmaWdhcm8uZnJfXzFmMDYyNTZkLTRlZWYtNjQ4OC1iYzE1LTgzYTQ1M2UyMzVkMl9fQXJ0aWNsZQ==_En r\u00e9ponse \u00e0 des affrontements entre druzes et troupes syriennes, Isra\u00ebl bombarde Damas_142&quot;, &quot;customIDSPE&quot;: &quot;bGVmaWdhcm8uZnJfXzFmMDYyNTZkLTRlZWYtNjQ4OC1iYzE1LTgzYTQ1M2UyMzVkMl9fQXJ0aWNsZQ==&quot;, &quot;event&quot;: &quot;customEventSPE&quot;}\" target=\"_blank\" rel=\"noopener\"><br \/>\n                    Connectez-vous<br \/>\n                <\/a>\n            <\/p>\n","protected":false},"excerpt":{"rendered":"R\u00c9CIT &#8211; L\u2019arm\u00e9e isra\u00e9lienne est intervenue dans la capitale et dans le sud du pays, o\u00f9 des affrontements&hellip;\n","protected":false},"author":2,"featured_media":252772,"comment_status":"","ping_status":"","sticky":false,"template":"","format":"standard","meta":{"footnotes":""},"categories":[5],"tags":[11,1011,27,14,664,12,32,28],"class_list":{"0":"post-252771","1":"post","2":"type-post","3":"status-publish","4":"format-standard","5":"has-post-thumbnail","7":"category-international","8":"tag-actualites","9":"tag-fr","10":"tag-france","11":"tag-international","12":"tag-israel","13":"tag-news","14":"tag-syrie","15":"tag-world"},"share_on_mastodon":{"url":"https:\/\/pubeurope.com\/@fr\/114866144108792565","error":""},"_links":{"self":[{"href":"https:\/\/www.europesays.com\/fr\/wp-json\/wp\/v2\/posts\/252771","targetHints":{"allow":["GET"]}}],"collection":[{"href":"https:\/\/www.europesays.com\/fr\/wp-json\/wp\/v2\/posts"}],"about":[{"href":"https:\/\/www.europesays.com\/fr\/wp-json\/wp\/v2\/types\/post"}],"author":[{"embeddable":true,"href":"https:\/\/www.europesays.com\/fr\/wp-json\/wp\/v2\/users\/2"}],"replies":[{"embeddable":true,"href":"https:\/\/www.europesays.com\/fr\/wp-json\/wp\/v2\/comments?post=252771"}],"version-history":[{"count":0,"href":"https:\/\/www.europesays.com\/fr\/wp-json\/wp\/v2\/posts\/252771\/revisions"}],"wp:featuredmedia":[{"embeddable":true,"href":"https:\/\/www.europesays.com\/fr\/wp-json\/wp\/v2\/media\/252772"}],"wp:attachment":[{"href":"https:\/\/www.europesays.com\/fr\/wp-json\/wp\/v2\/media?parent=252771"}],"wp:term":[{"taxonomy":"category","embeddable":true,"href":"https:\/\/www.europesays.com\/fr\/wp-json\/wp\/v2\/categories?post=252771"},{"taxonomy":"post_tag","embeddable":true,"href":"https:\/\/www.europesays.com\/fr\/wp-json\/wp\/v2\/tags?post=252771"}],"curies":[{"name":"wp","href":"https:\/\/api.w.org\/{rel}","templated":true}]}}