{"id":252774,"date":"2025-07-17T02:10:10","date_gmt":"2025-07-17T02:10:10","guid":{"rendered":"https:\/\/www.europesays.com\/fr\/252774\/"},"modified":"2025-07-17T02:10:10","modified_gmt":"2025-07-17T02:10:10","slug":"il-ny-avait-que-sa-tete-qui-sortait-du-bitume-un-jeune-ouvrier-meurt-enseveli-sous-du-goudron-en-vendee","status":"publish","type":"post","link":"https:\/\/www.europesays.com\/fr\/252774\/","title":{"rendered":"\u00ab\u00a0Il n\u2019y avait que sa t\u00eate qui sortait du bitume\u00a0\u00bb\u00a0: un jeune ouvrier meurt enseveli sous du goudron en Vend\u00e9e"},"content":{"rendered":"<p class=\"paragraph text_align_left lp-f-body-02\">Un jeune ouvrier a perdu la vie brutalement alors qu\u2019il travaillait sur un chantier \u00e0 Sainte-Flaive-des-Loups, \u00e0 l\u2019ouest de La Roche-sur-Yon, en Vend\u00e9e. Mardi matin, la victime de 19 ans \u00e9tait occup\u00e9e \u00e0 la r\u00e9fection d\u2019un pan de chauss\u00e9e quand elle a \u00e9t\u00e9 ensevelie sous du goudron bouillant. Gri\u00e8vement bless\u00e9, le jeune homme est d\u00e9c\u00e9d\u00e9 quelques heures plus tard \u00e0 l\u2019h\u00f4pital, selon les gendarmes, confirmant <a href=\"https:\/\/www.francebleu.fr\/infos\/faits-divers-justice\/vendee-jai-entendu-hurler-de-douleur-un-ouvrier-enseveli-sous-du-goudron-brulant-les-temoins-sous-le-choc-4220975\" target=\"_blank\" rel=\"noreferrer nofollow noopener\">une information d\u2019Ici<\/a>.<\/p>\n<p class=\"paragraph text_align_left lp-f-body-02\">Le jeune ouvrier travaillait avec son \u00e9quipe quand une benne transportant du goudron chauff\u00e9 \u00e0 200 \u00b0C l\u2019a enseveli. Ses coll\u00e8gues se pr\u00e9cipitent avec des pelles pour le sortir de l\u00e0. \u00ab J\u2019ai entendu un hurlement de douleur. J\u2019ai tout l\u00e2ch\u00e9, et j\u2019ai couru sur place pour aller voir ce qu\u2019il se passait \u00bb, confie une t\u00e9moin \u00e0 France Bleu. Selon cette riveraine, certains des ouvriers \u00e9taient en \u00ab en \u00e9tat de choc, mais quasiment tout le monde a pris des pelles et a tout fait pour le sortir et le sauver. \u00bb<\/p>\n<p>\u00ab J\u2019ai encore du mal \u00e0 en parler \u00bb<\/p>\n<p class=\"paragraph text_align_left lp-f-body-02\">La voisine des lieux de l\u2019accident frisonne encore : \u00ab J\u2019ai vu beaucoup de choses, mais l\u00e0, j\u2019ai encore du mal \u00e0 en parler. Je le voyais au loin, et il n\u2019y avait que sa t\u00eate qui sortait du bitume. \u00bb<\/p>\n<p class=\"paragraph text_align_left lp-f-body-02\">Alert\u00e9s par les ouvriers, les secours ont h\u00e9liport\u00e9 la victime jusqu\u2019au CHU de Nantes (Loire-Atlantique). Il y est d\u00e9c\u00e9d\u00e9 quelques heures plus tard, confirme la gendarmerie. Un autre ouvrier aurait \u00e9t\u00e9 br\u00fbl\u00e9 aux mains, probablement bless\u00e9 en essayant de sortir le jeune homme du goudron.<\/p>\n<p class=\"lp-card-podcast-highlighting__title  lp-f-subtitle-05\">[2\/4] L\u2019attentat du \u00ab Rainbow Warrior \u00bb : un scandale d\u2019\u00c9tat<\/p>\n<p class=\"lp-card-podcast-highlighting__description lp-f-ui-05\">Crime story raconte chaque semaine les grandes affaires criminelles.<\/p>\n<p><a class=\"lp-card-podcast-highlighting__call-to-action\" data-page-type=\"HP\" data-block-name=\"podcast-highlight\">\u00c9couter<\/a><\/p>\n<p class=\"paragraph text_align_left lp-f-body-02\">Une enqu\u00eate a \u00e9t\u00e9 ouverte, notamment pour comprendre comment la porte de la benne a c\u00e9d\u00e9, permettant au goudron de se d\u00e9verser sur la victime. Il semblerait que le conducteur du camion ne l\u2019ait pas vu. L\u2019inspection du travail a \u00e9galement \u00e9t\u00e9 saisie.<\/p>\n","protected":false},"excerpt":{"rendered":"Un jeune ouvrier a perdu la vie brutalement alors qu\u2019il travaillait sur un chantier \u00e0 Sainte-Flaive-des-Loups, \u00e0 l\u2019ouest&hellip;\n","protected":false},"author":2,"featured_media":252775,"comment_status":"","ping_status":"","sticky":false,"template":"","format":"standard","meta":{"footnotes":""},"categories":[4],"tags":[11,459,118,1011,27,12,25],"class_list":{"0":"post-252774","1":"post","2":"type-post","3":"status-publish","4":"format-standard","5":"has-post-thumbnail","7":"category-france","8":"tag-actualites","9":"tag-departements-horsidfo","10":"tag-faits-divers","11":"tag-fr","12":"tag-france","13":"tag-news","14":"tag-republique-francaise"},"share_on_mastodon":{"url":"https:\/\/pubeurope.com\/@fr\/114866148053233136","error":""},"_links":{"self":[{"href":"https:\/\/www.europesays.com\/fr\/wp-json\/wp\/v2\/posts\/252774","targetHints":{"allow":["GET"]}}],"collection":[{"href":"https:\/\/www.europesays.com\/fr\/wp-json\/wp\/v2\/posts"}],"about":[{"href":"https:\/\/www.europesays.com\/fr\/wp-json\/wp\/v2\/types\/post"}],"author":[{"embeddable":true,"href":"https:\/\/www.europesays.com\/fr\/wp-json\/wp\/v2\/users\/2"}],"replies":[{"embeddable":true,"href":"https:\/\/www.europesays.com\/fr\/wp-json\/wp\/v2\/comments?post=252774"}],"version-history":[{"count":0,"href":"https:\/\/www.europesays.com\/fr\/wp-json\/wp\/v2\/posts\/252774\/revisions"}],"wp:featuredmedia":[{"embeddable":true,"href":"https:\/\/www.europesays.com\/fr\/wp-json\/wp\/v2\/media\/252775"}],"wp:attachment":[{"href":"https:\/\/www.europesays.com\/fr\/wp-json\/wp\/v2\/media?parent=252774"}],"wp:term":[{"taxonomy":"category","embeddable":true,"href":"https:\/\/www.europesays.com\/fr\/wp-json\/wp\/v2\/categories?post=252774"},{"taxonomy":"post_tag","embeddable":true,"href":"https:\/\/www.europesays.com\/fr\/wp-json\/wp\/v2\/tags?post=252774"}],"curies":[{"name":"wp","href":"https:\/\/api.w.org\/{rel}","templated":true}]}}