{"id":252778,"date":"2025-07-17T02:12:13","date_gmt":"2025-07-17T02:12:13","guid":{"rendered":"https:\/\/www.europesays.com\/fr\/252778\/"},"modified":"2025-07-17T02:12:13","modified_gmt":"2025-07-17T02:12:13","slug":"saint-chamond-ouverture-dun-service-dallergologie-a-lhopital-du-gier-cest-un-metier-denquete","status":"publish","type":"post","link":"https:\/\/www.europesays.com\/fr\/252778\/","title":{"rendered":"Saint-Chamond. Ouverture d\u2019un service d\u2019allergologie \u00e0 l\u2019h\u00f4pital du Gier\u00a0: \u00ab\u00a0C\u2019est un m\u00e9tier d\u2019enqu\u00eate\u00a0\u00bb"},"content":{"rendered":"<p>Depuis le d\u00e9but de l\u2019ann\u00e9e 2025, un nouveau service de consultation a ouvert ses portes \u00e0 l\u2019h\u00f4pital du Gier de Saint-Chamond\u00a0: il s\u2019agit de l\u2019allergologie. Une sp\u00e9cialit\u00e9 qui sera amen\u00e9e, malheureusement, \u00e0 exploser dans les prochaines ann\u00e9es. L\u2019Organisation mondiale de la sant\u00e9 (OMS) pr\u00e9voit qu\u2019en 2050, la moiti\u00e9 de la population mondiale sera affect\u00e9e par, au moins, une maladie allergique.<\/p>\n<p>Une extension du service d\u2019allergologie de l\u2019h\u00f4pital Nord<\/p>\n<p>Une tendance \u00e0 la hausse, qu\u2019observe l\u2019allergologue Sol\u00e8ne Lejay, qui a pris son poste \u00e0 Saint-Chamond en janvier\u00a02025\u00a0: \u00ab\u00a0Les allergies se d\u00e9veloppent avec le temps. Par&#8230;<\/p>\n","protected":false},"excerpt":{"rendered":"Depuis le d\u00e9but de l\u2019ann\u00e9e 2025, un nouveau service de consultation a ouvert ses portes \u00e0 l\u2019h\u00f4pital du&hellip;\n","protected":false},"author":2,"featured_media":252779,"comment_status":"","ping_status":"","sticky":false,"template":"","format":"standard","meta":{"footnotes":""},"categories":[9653],"tags":[1111,11,2430,7539,1777,674,1011,27,12,25,9669,9670,4001,71],"class_list":{"0":"post-252778","1":"post","2":"type-post","3":"status-publish","4":"format-standard","5":"has-post-thumbnail","7":"category-saint-etienne","8":"tag-actu","9":"tag-actualites","10":"tag-auvergne-rhone-alpes","11":"tag-edition-loire-sud","12":"tag-eu","13":"tag-europe","14":"tag-fr","15":"tag-france","16":"tag-news","17":"tag-republique-francaise","18":"tag-saint-chamond","19":"tag-saint-chamond-ville","20":"tag-saint-etienne","21":"tag-sante"},"share_on_mastodon":{"url":"https:\/\/pubeurope.com\/@fr\/114866155860910559","error":""},"_links":{"self":[{"href":"https:\/\/www.europesays.com\/fr\/wp-json\/wp\/v2\/posts\/252778","targetHints":{"allow":["GET"]}}],"collection":[{"href":"https:\/\/www.europesays.com\/fr\/wp-json\/wp\/v2\/posts"}],"about":[{"href":"https:\/\/www.europesays.com\/fr\/wp-json\/wp\/v2\/types\/post"}],"author":[{"embeddable":true,"href":"https:\/\/www.europesays.com\/fr\/wp-json\/wp\/v2\/users\/2"}],"replies":[{"embeddable":true,"href":"https:\/\/www.europesays.com\/fr\/wp-json\/wp\/v2\/comments?post=252778"}],"version-history":[{"count":0,"href":"https:\/\/www.europesays.com\/fr\/wp-json\/wp\/v2\/posts\/252778\/revisions"}],"wp:featuredmedia":[{"embeddable":true,"href":"https:\/\/www.europesays.com\/fr\/wp-json\/wp\/v2\/media\/252779"}],"wp:attachment":[{"href":"https:\/\/www.europesays.com\/fr\/wp-json\/wp\/v2\/media?parent=252778"}],"wp:term":[{"taxonomy":"category","embeddable":true,"href":"https:\/\/www.europesays.com\/fr\/wp-json\/wp\/v2\/categories?post=252778"},{"taxonomy":"post_tag","embeddable":true,"href":"https:\/\/www.europesays.com\/fr\/wp-json\/wp\/v2\/tags?post=252778"}],"curies":[{"name":"wp","href":"https:\/\/api.w.org\/{rel}","templated":true}]}}