{"id":252780,"date":"2025-07-17T02:13:13","date_gmt":"2025-07-17T02:13:13","guid":{"rendered":"https:\/\/www.europesays.com\/fr\/252780\/"},"modified":"2025-07-17T02:13:13","modified_gmt":"2025-07-17T02:13:13","slug":"quand-saint-etienne-joue-au-mikado-politique-avant-les-municipales","status":"publish","type":"post","link":"https:\/\/www.europesays.com\/fr\/252780\/","title":{"rendered":"QUAND SAINT-\u00c9TIENNE JOUE AU MIKADO POLITIQUE AVANT LES MUNICIPALES"},"content":{"rendered":"<p>                <a href=\"https:\/\/cadenceradio.fr\" target=\"_blank\" aria-label=\"Banni\u00e8re Cadence 2025\" rel=\"nofollow noopener\"><img loading=\"lazy\" decoding=\"async\" src=\"https:\/\/www.europesays.com\/fr\/wp-content\/uploads\/2025\/07\/Banniere-Cadence-2025-scaled.jpg\" alt=\"\"   width=\"2560\" height=\"738\"\/><\/a><\/p>\n<p>Les d\u00e9saccords portent notamment sur l\u2019approche de Maurice Vincent et des socio-d\u00e9mocrates, dont l\u2019int\u00e9gration avait pourtant \u00e9t\u00e9 \u00e9voqu\u00e9e publiquement en mai en pr\u00e9sence du responsable d\u2019Horizons. Le refus de l\u2019ancien maire de rejoindre cette coalition r\u00e9v\u00e8le les difficult\u00e9s \u00e0 \u00e9largir cette union de droite.<\/p>\n<p>\u00c0 gauche, les n\u00e9gociations s\u2019enlisent<\/p>\n<p>Les discussions d\u2019union entre PC, PS, EELV, l\u2019association Saint\u00e9 Populaire et LFI butent sur deux \u00e9cueils majeurs : l\u2019\u00e9laboration d\u2019un programme commun et surtout la d\u00e9signation de la t\u00eate de liste. Ces tractations, qui tra\u00eenent en longueur, exasp\u00e8rent particuli\u00e8rement La France Insoumise.<\/p>\n<p>Les Insoumis reprochent au PS d\u2019avoir annonc\u00e9 pr\u00e9matur\u00e9ment son candidat dans la presse avant d\u2019en discuter dans le cadre des n\u00e9gociations unitaires. Cette d\u00e9marche unilat\u00e9rale a \u00e9t\u00e9 per\u00e7ue comme une provocation par les autres partenaires potentiels.<\/p>\n<p>LFI pose ses conditions et menace de partir seule<\/p>\n<p>Dans un communiqu\u00e9 publi\u00e9, LFI a clairement exprim\u00e9 son refus de voir le PS incarner la t\u00eate d\u2019une liste d\u2019union. Le parti de Jean-Luc M\u00e9lenchon justifie cette position par le renoncement du PS aupr\u00e8s des \u00e9lecteurs, tout en maintenant la porte ouverte aux n\u00e9gociations.<\/p>\n<p>Pour LFI, le refus d\u2019une t\u00eate de liste socialiste constitue une route infranchissable. Les Insoumis mettent en avant leurs r\u00e9cents r\u00e9sultats \u00e9lectoraux \u00e0 Saint-\u00c9tienne pour justifier leurs pr\u00e9tentions \u00e0 mener une liste commune.<\/p>\n<p>Le parti annonce qu\u2019il d\u00e9signera son candidat \u00e0 la fonction de maire d\u2019ici septembre et lancera sa campagne officielle \u00e0 cette p\u00e9riode, avec ou sans les autres formations de gauche.<\/p>\n<p>Isabelle Dumestre, du PS, rejette les accusations de LFI et affirme n\u2019avoir jamais quitt\u00e9 la table des n\u00e9gociations. Elle souligne que R\u00e9gis Juanico n\u2019est pas impos\u00e9 comme t\u00eate de liste et que le parti reste ouvert aux discussions.<\/p>\n<p>Les socialistes rappellent leurs propres r\u00e9sultats \u00e9lectoraux, notamment l\u2019\u00e9lection de Pierrick Courbon aux l\u00e9gislatives, pour contester l\u2019argument du poids \u00e9lectoral avanc\u00e9 par LFI.<\/p>\n<p>Saint\u00e9 Populaire arbitre les tensions<\/p>\n<p>L\u2019association citoyenne Saint\u00e9 Populaire a organis\u00e9 une assembl\u00e9e populaire pour consulter ses membres sur l\u2019attitude \u00e0 adopter face \u00e0 ces n\u00e9gociations difficiles. Quatre questions ont \u00e9t\u00e9 soumises au vote de 73 participants.<\/p>\n<p>Les r\u00e9sultats r\u00e9v\u00e8lent une pr\u00e9f\u00e9rence marqu\u00e9e pour LFI (134 points) en cas de d\u00e9sunion, devant EELV (62 points), le PC (46 points) et le PS (16 points). Cette consultation confirme la d\u00e9fiance envers le Parti socialiste d\u00e9j\u00e0 perceptible dans les d\u00e9bats internes.<\/p>\n<p>Fanny Vincent, porte-parole de l\u2019association, pr\u00e9cise que cette proposition ne signifie pas n\u00e9cessairement un membre de Saint\u00e9 Populaire, mais une personne sans carte de parti et sans parcours politique traditionnel.<\/p>\n<p>L\u2019urgence du calendrier \u00e9lectoral<\/p>\n<p>Toutes les formations s\u2019accordent sur la n\u00e9cessit\u00e9 de lancer la campagne d\u00e8s septembre pour mobiliser un \u00e9lectorat favorable mais peu enclin \u00e0 se d\u00e9placer habituellement. Cette contrainte temporelle ajoute une pression suppl\u00e9mentaire aux n\u00e9gociations.<\/p>\n<p>L\u2019enjeu d\u00e9passe les simples consid\u00e9rations partisanes : il s\u2019agit pour la gauche st\u00e9phanoise de proposer une alternative cr\u00e9dible \u00e0 la majorit\u00e9 actuelle dans un contexte o\u00f9 une large partie de la population souhaite un changement municipal.<\/p>\n","protected":false},"excerpt":{"rendered":"Les d\u00e9saccords portent notamment sur l\u2019approche de Maurice Vincent et des socio-d\u00e9mocrates, dont l\u2019int\u00e9gration avait pourtant \u00e9t\u00e9 \u00e9voqu\u00e9e&hellip;\n","protected":false},"author":2,"featured_media":252781,"comment_status":"","ping_status":"","sticky":false,"template":"","format":"standard","meta":{"footnotes":""},"categories":[9653],"tags":[1111,11,2430,1777,674,1011,27,3367,12,316,25,4001],"class_list":{"0":"post-252780","1":"post","2":"type-post","3":"status-publish","4":"format-standard","5":"has-post-thumbnail","7":"category-saint-etienne","8":"tag-actu","9":"tag-actualites","10":"tag-auvergne-rhone-alpes","11":"tag-eu","12":"tag-europe","13":"tag-fr","14":"tag-france","15":"tag-loire","16":"tag-news","17":"tag-politique","18":"tag-republique-francaise","19":"tag-saint-etienne"},"share_on_mastodon":{"url":"https:\/\/pubeurope.com\/@fr\/114866159918480702","error":""},"_links":{"self":[{"href":"https:\/\/www.europesays.com\/fr\/wp-json\/wp\/v2\/posts\/252780","targetHints":{"allow":["GET"]}}],"collection":[{"href":"https:\/\/www.europesays.com\/fr\/wp-json\/wp\/v2\/posts"}],"about":[{"href":"https:\/\/www.europesays.com\/fr\/wp-json\/wp\/v2\/types\/post"}],"author":[{"embeddable":true,"href":"https:\/\/www.europesays.com\/fr\/wp-json\/wp\/v2\/users\/2"}],"replies":[{"embeddable":true,"href":"https:\/\/www.europesays.com\/fr\/wp-json\/wp\/v2\/comments?post=252780"}],"version-history":[{"count":0,"href":"https:\/\/www.europesays.com\/fr\/wp-json\/wp\/v2\/posts\/252780\/revisions"}],"wp:featuredmedia":[{"embeddable":true,"href":"https:\/\/www.europesays.com\/fr\/wp-json\/wp\/v2\/media\/252781"}],"wp:attachment":[{"href":"https:\/\/www.europesays.com\/fr\/wp-json\/wp\/v2\/media?parent=252780"}],"wp:term":[{"taxonomy":"category","embeddable":true,"href":"https:\/\/www.europesays.com\/fr\/wp-json\/wp\/v2\/categories?post=252780"},{"taxonomy":"post_tag","embeddable":true,"href":"https:\/\/www.europesays.com\/fr\/wp-json\/wp\/v2\/tags?post=252780"}],"curies":[{"name":"wp","href":"https:\/\/api.w.org\/{rel}","templated":true}]}}