{"id":252782,"date":"2025-07-17T02:14:45","date_gmt":"2025-07-17T02:14:45","guid":{"rendered":"https:\/\/www.europesays.com\/fr\/252782\/"},"modified":"2025-07-17T02:14:45","modified_gmt":"2025-07-17T02:14:45","slug":"nancy-tir-de-mortier-sur-la-police-trois-jeunes-arretes","status":"publish","type":"post","link":"https:\/\/www.europesays.com\/fr\/252782\/","title":{"rendered":"Nancy. Tir de mortier sur la police\u00a0: trois jeunes arr\u00eat\u00e9s"},"content":{"rendered":"<p>Une voiture de police a \u00e9t\u00e9 prise pour cible par des tirs de mortiers d\u2019artifice au cours de la nuit du 13 au 14\u00a0juillet dans le quartier de la Chiennerie \u00e0 Nancy. Les policiers intervenaient rue des Jonquilles o\u00f9 un cyclomoteur venait d\u2019\u00eatre br\u00fbl\u00e9 au milieu de la rue lorsqu\u2019ils ont \u00e9t\u00e9 pris \u00e0 partie par une dizaine de jeunes.<\/p>\n<p>Des projectiles ont \u00e9t\u00e9 tir\u00e9s en direction du v\u00e9hicule de police qui a re\u00e7u une dizaine d\u2019impacts. Des renforts sont vite arriv\u00e9s sur place et six suspects ont \u00e9t\u00e9 arr\u00eat\u00e9s. Trois majeurs ont \u00e9t\u00e9 remis en libert\u00e9, faute d\u2019\u00e9l\u00e9ment \u00e0 charge contre eux. Ils ont expliqu\u00e9 qu\u2019ils avaient assist\u00e9 aux tirs mais sans y participer.<\/p>\n<p>Trois mineurs \u00e2g\u00e9s de 15 ou 16 ans ont en revanche reconnu avoir tir\u00e9 avec des mortiers d\u2019artifice mais ils ont soutenu ne pas avoir vis\u00e9 la police. A l\u2019issue leur garde \u00e0 vue, ce mardi, ils ont \u00e9t\u00e9 pr\u00e9sent\u00e9s \u00e0 un juge des enfants. Avec trois infractions au-dessus de la t\u00eate\u00a0: violence sur des fonctionnaires de police, d\u00e9gradation d\u2019un bien public (la voiture de police) et participation \u00e0 un groupement en vue de commettre des d\u00e9gradations ou des violences.<\/p>\n<p>A noter que d\u00e8s le lendemain des tirs de mortiers, dans la nuit du 14 au 15\u00a0juillet, un v\u00e9hicule Mercedes a \u00e9t\u00e9 incendi\u00e9 dans la rue des Jonquilles. Au total, neuf voitures ont \u00e9t\u00e9 br\u00fbl\u00e9es dans l\u2019agglom\u00e9ration de Nancy durant la f\u00eate nationale, essentiellement dans la soir\u00e9e du 13, dans la cit\u00e9 des Provinces \u00e0 Laxou.<\/p>\n","protected":false},"excerpt":{"rendered":"Une voiture de police a \u00e9t\u00e9 prise pour cible par des tirs de mortiers d\u2019artifice au cours de&hellip;\n","protected":false},"author":2,"featured_media":252783,"comment_status":"","ping_status":"","sticky":false,"template":"","format":"standard","meta":{"footnotes":""},"categories":[9635],"tags":[1111,11,271,272,1704,1777,674,274,1011,27,775,3457,1702,1703,12,25],"class_list":{"0":"post-252782","1":"post","2":"type-post","3":"status-publish","4":"format-standard","5":"has-post-thumbnail","7":"category-nancy","8":"tag-actu","9":"tag-actualites","10":"tag-crime","11":"tag-delit-et-contravention","12":"tag-edition-nancy-et-agglomeration","13":"tag-eu","14":"tag-europe","15":"tag-faits-divers-justice","16":"tag-fr","17":"tag-france","18":"tag-grand-est","19":"tag-meurthe-et-moselle","20":"tag-nancy","21":"tag-nancy-ville-54b","22":"tag-news","23":"tag-republique-francaise"},"share_on_mastodon":{"url":"https:\/\/pubeurope.com\/@fr\/114866163822363249","error":""},"_links":{"self":[{"href":"https:\/\/www.europesays.com\/fr\/wp-json\/wp\/v2\/posts\/252782","targetHints":{"allow":["GET"]}}],"collection":[{"href":"https:\/\/www.europesays.com\/fr\/wp-json\/wp\/v2\/posts"}],"about":[{"href":"https:\/\/www.europesays.com\/fr\/wp-json\/wp\/v2\/types\/post"}],"author":[{"embeddable":true,"href":"https:\/\/www.europesays.com\/fr\/wp-json\/wp\/v2\/users\/2"}],"replies":[{"embeddable":true,"href":"https:\/\/www.europesays.com\/fr\/wp-json\/wp\/v2\/comments?post=252782"}],"version-history":[{"count":0,"href":"https:\/\/www.europesays.com\/fr\/wp-json\/wp\/v2\/posts\/252782\/revisions"}],"wp:featuredmedia":[{"embeddable":true,"href":"https:\/\/www.europesays.com\/fr\/wp-json\/wp\/v2\/media\/252783"}],"wp:attachment":[{"href":"https:\/\/www.europesays.com\/fr\/wp-json\/wp\/v2\/media?parent=252782"}],"wp:term":[{"taxonomy":"category","embeddable":true,"href":"https:\/\/www.europesays.com\/fr\/wp-json\/wp\/v2\/categories?post=252782"},{"taxonomy":"post_tag","embeddable":true,"href":"https:\/\/www.europesays.com\/fr\/wp-json\/wp\/v2\/tags?post=252782"}],"curies":[{"name":"wp","href":"https:\/\/api.w.org\/{rel}","templated":true}]}}