{"id":252784,"date":"2025-07-17T02:15:18","date_gmt":"2025-07-17T02:15:18","guid":{"rendered":"https:\/\/www.europesays.com\/fr\/252784\/"},"modified":"2025-07-17T02:15:18","modified_gmt":"2025-07-17T02:15:18","slug":"amicaux-le-stade-de-reims-vient-a-bout-de-boulogne-nancy-simpose-contre-villefranche-dans-un-nouveau-systeme","status":"publish","type":"post","link":"https:\/\/www.europesays.com\/fr\/252784\/","title":{"rendered":"Amicaux &#8211; Le Stade de Reims vient \u00e0 bout de Boulogne, Nancy s&rsquo;impose contre Villefranche dans un nouveau syst\u00e8me"},"content":{"rendered":"<p style=\"text-align: justify;\">Les matchs amicaux de l\u2019\u00e9t\u00e9 se poursuivent ce mercredi 16 juillet, pour les clubs de notre championnat favori, qui se pr\u00e9parent avant le retour de la comp\u00e9tition. En effet, <strong>Nancy<\/strong> affrontait le FC <strong>Villefranche<\/strong> (N1) alors que <strong>Reims<\/strong> et <strong>Boulogne<\/strong> se mesuraient l\u2019un \u00e0 l\u2019autre. Ce qui sera peut-\u00eatre un choc des extr\u00eames en <strong>Ligue 2<\/strong> en 2025-2026, \u00e9tant donn\u00e9 le probable rep\u00eachage de l\u2019USBCO, s\u2019est sold\u00e9 par une victoire du rel\u00e9gu\u00e9 et favori r\u00e9mois, sur le plus petit des \u00e9carts.<\/p>\n<p style=\"text-align: justify;\">\u00c0 lire aussi &gt;&gt;\u00a0<a href=\"https:\/\/maligue2.fr\/2025\/07\/16\/ligue-2-lus-boulogne-communique-et-fait-preuve-de-retenue-et-de-respect-total-du-processus-en-cours\/\" target=\"_blank\" rel=\"noopener\">Ligue 2 \u2013 L\u2019US Boulogne communique et \u00ab fait preuve de retenue et de respect total du processus en cours \u00bb<\/a><\/p>\n<p style=\"text-align: justify;\">En effet, le Stade de Reims s\u2019est impos\u00e9 1-0 gr\u00e2ce au sol but de Joseph Okumu sur corner, intervenu juste avant la mi-temps. Il s\u2019agit-l\u00e0 de la deuxi\u00e8me victoire des R\u00e9mois en autant de matchs de pr\u00e9paration, alors que Boulogne sortait d\u2019un net succ\u00e8s 5-1 contre Dunkerque quelques jours auparavant.<\/p>\n<blockquote class=\"twitter-tweet\">\n<p dir=\"ltr\" lang=\"fr\">\u23f1\ufe0f 90\u2032 1\ufe0f\u20e3-0\ufe0f\u20e3<\/p>\n<p>\u23f9 \u0300 , \u0300  \u2705<\/p>\n<p>La pr\u00e9pa suit son cours avec ce succ\u00e8s face \u00e0 Boulogne <a href=\"https:\/\/twitter.com\/hashtag\/TeamSDR?src=hash&amp;ref_src=twsrc%5Etfw\" target=\"_blank\" rel=\"noopener\">#TeamSDR<\/a> \u26aa\ufe0f<\/p>\n<p>\u2014 Stade de Reims (@StadeDeReims) <a href=\"https:\/\/twitter.com\/StadeDeReims\/status\/1945514452088160415?ref_src=twsrc%5Etfw\" target=\"_blank\" rel=\"noopener\">July 16, 2025<\/a><\/p>\n<\/blockquote>\n<p style=\"text-align: justify;\">Par ailleurs, l\u2019AS Nancy Lorraine d\u00e9butait de son c\u00f4t\u00e9 son premier match amical d\u2019une pr\u00e9paration estivale tr\u00e8s condens\u00e9e, apr\u00e8s sa promotion en Ligue 2. Le club au chardon a lui aussi gagn\u00e9 contre Villefranche, sur le score de 3-0, avec des buts de Suljic et Tour\u00e9 en premi\u00e8re mi-temps, puis de Bokangu en seconde p\u00e9riode avant que les Caladois ne r\u00e9duisent l\u2019\u00e9cart sur penalty. Pablo Correa testait un nouveau syst\u00e8me avec une d\u00e9fense \u00e0 trois, qui est fort susceptible de rester en place au d\u00e9but du championnat.<\/p>\n<p>Photo Loic Baratoux\/FEP\/Icon Sport<\/p>\n<p>\t\t<script async src=\"https:\/\/platform.twitter.com\/widgets.js\" charset=\"utf-8\"><\/script><\/p>\n","protected":false},"excerpt":{"rendered":"Les matchs amicaux de l\u2019\u00e9t\u00e9 se poursuivent ce mercredi 16 juillet, pour les clubs de notre championnat favori,&hellip;\n","protected":false},"author":2,"featured_media":252785,"comment_status":"","ping_status":"","sticky":false,"template":"","format":"standard","meta":{"footnotes":""},"categories":[9635],"tags":[8378,1111,11,23611,1777,674,1011,27,775,1702,12,4243,25],"class_list":{"0":"post-252784","1":"post","2":"type-post","3":"status-publish","4":"format-standard","5":"has-post-thumbnail","7":"category-nancy","8":"tag-alaune8","9":"tag-actu","10":"tag-actualites","11":"tag-boulogne","12":"tag-eu","13":"tag-europe","14":"tag-fr","15":"tag-france","16":"tag-grand-est","17":"tag-nancy","18":"tag-news","19":"tag-reims","20":"tag-republique-francaise"},"share_on_mastodon":{"url":"https:\/\/pubeurope.com\/@fr\/114866167779565085","error":""},"_links":{"self":[{"href":"https:\/\/www.europesays.com\/fr\/wp-json\/wp\/v2\/posts\/252784","targetHints":{"allow":["GET"]}}],"collection":[{"href":"https:\/\/www.europesays.com\/fr\/wp-json\/wp\/v2\/posts"}],"about":[{"href":"https:\/\/www.europesays.com\/fr\/wp-json\/wp\/v2\/types\/post"}],"author":[{"embeddable":true,"href":"https:\/\/www.europesays.com\/fr\/wp-json\/wp\/v2\/users\/2"}],"replies":[{"embeddable":true,"href":"https:\/\/www.europesays.com\/fr\/wp-json\/wp\/v2\/comments?post=252784"}],"version-history":[{"count":0,"href":"https:\/\/www.europesays.com\/fr\/wp-json\/wp\/v2\/posts\/252784\/revisions"}],"wp:featuredmedia":[{"embeddable":true,"href":"https:\/\/www.europesays.com\/fr\/wp-json\/wp\/v2\/media\/252785"}],"wp:attachment":[{"href":"https:\/\/www.europesays.com\/fr\/wp-json\/wp\/v2\/media?parent=252784"}],"wp:term":[{"taxonomy":"category","embeddable":true,"href":"https:\/\/www.europesays.com\/fr\/wp-json\/wp\/v2\/categories?post=252784"},{"taxonomy":"post_tag","embeddable":true,"href":"https:\/\/www.europesays.com\/fr\/wp-json\/wp\/v2\/tags?post=252784"}],"curies":[{"name":"wp","href":"https:\/\/api.w.org\/{rel}","templated":true}]}}