{"id":252786,"date":"2025-07-17T02:16:10","date_gmt":"2025-07-17T02:16:10","guid":{"rendered":"https:\/\/www.europesays.com\/fr\/252786\/"},"modified":"2025-07-17T02:16:10","modified_gmt":"2025-07-17T02:16:10","slug":"lete-cest-horrible-car-le-beton-est-bouillant-a-toulon-les-sans-abris-subissent-de-plein-fouet-la-canicule","status":"publish","type":"post","link":"https:\/\/www.europesays.com\/fr\/252786\/","title":{"rendered":"\u00ab\u00a0L\u2019\u00e9t\u00e9, c\u2019est horrible car le b\u00e9ton est bouillant\u00a0\u00bb: \u00e0 Toulon, les sans-abris subissent de plein fouet la canicule"},"content":{"rendered":"<p>La mis\u00e8re humaine ne conna\u00eet pas de saison. Mais certaines sont plus virulentes que d\u2019autres, notamment lorsque <a href=\"https:\/\/www.varmatin.com\/meteo\/pres-de-40c-attendus-dans-le-var-voici-les-communes-ou-il-fera-le-plus-et-le-moins-chaud-cette-semaine-994190\" target=\"_blank\" rel=\"noopener\">les temp\u00e9ratures fr\u00f4lent les 40 degr\u00e9s<\/a>. En 2024, la Direction d\u00e9partementale de l\u2019emploi, du travail et des solidarit\u00e9s (DDETS) du Var a r\u00e9alis\u00e9 un diagnostic sur les sans-abri dans le d\u00e9partement afin de mieux conna\u00eetre leurs besoins et adapter l\u2019offre existante. Sur 5.500 personnes sans domicile dans le Var, 1.500 sont des jeunes de 18 \u00e0 29 ans. <strong>Un jeune interrog\u00e9 sur quatre dort dans la rue<\/strong>. Des chiffres qui alarment, et qui donnent un aper\u00e7u de <strong>l\u2019enfer que vivent les sans-domicile fixe toute l\u2019ann\u00e9e<\/strong>. Un calvaire d\u00e9cupl\u00e9 en p\u00e9riode de chaleur extr\u00eame, comme c\u2019est le cas en ce moment.<\/p>\n<p>Comme tous les mercredis soir, Malou et son \u00e9quipe de b\u00e9n\u00e9voles de l\u2019association Toulon Solidarit\u00e9 se donnent rendez-vous pour la maraude. Deux fois par semaine, le collectif installe son camion associatif au Boulodrome St-Roch, pour proc\u00e9der \u00e0 des distributions alimentaires gratuites.<\/p>\n<p>Il est 19h30. Le v\u00e9hicule rouge floqu\u00e9 au nom de l\u2019association est attendu comme le messi. Sur place, il y a d\u00e9j\u00e0 la queue.<\/p>\n<p>Ce jour-l\u00e0, munis de leurs gilets bleus, Malou, la pr\u00e9sidente de Toulon Solidarit\u00e9, est accompagn\u00e9e par Fabienne, Romain et Rachid. Dans le camion qui leur est gracieusement pr\u00eat\u00e9 par l\u2019association Le Lien 83, les cagettes d\u00e9bordent: fruits, l\u00e9gumes, conserves, plats pr\u00e9par\u00e9s par les b\u00e9n\u00e9voles, invendus de boulangerie, yaourts, croquettes\u2026 Et de l\u2019eau, en grande quantit\u00e9.<\/p>\n<p>\u00ab\u00a0Dimanche, <strong>nous avons distribu\u00e9 des dizaines et dizaines de bouteilles d\u2019eau<\/strong>. C\u2019est le seul jour de la semaine o\u00f9 les accueils pour sans-abri sont ferm\u00e9s\u00a0\u00bb, explique Malou, qui a d\u00e9cid\u00e9 depuis plus de dix ans de consacrer son temps et son \u00e9nergie aux plus d\u00e9munis. \u00ab\u00a0En ce moment, ils se plaignent beaucoup de la chaleur&#8230;\u00a0\u00bb, glisse-t-elle, tout en distribuant de l\u2019eau, de la citronnade et du th\u00e9.<\/p>\n<p>Malou conna\u00eet quasiment tout le monde. Et l\u2019histoire de chacun. Les vies bris\u00e9es, les parcours sem\u00e9s d\u2019emb\u00fbches. \u00ab\u00a0En 2019, je me suis retrouv\u00e9 sans rien du jour au lendemain, t\u00e9moigne Gilles, 69 ans. Tu la connais l\u2019histoire Malou hein&#8230; Mais je ne me d\u00e9courage pas, je sais que je vais finir par retrouver du travail, puis un appartement\u00a0\u00bb, esp\u00e8re cet ancien commandant de bord actuellement en proc\u00e8s contre la Caisse de retraite du personnel navigant, et qui dort au 115, \u00ab\u00a0en attendant des jours meilleurs\u00a0\u00bb.<\/p>\n<p>Elias, 25 ans, raconte venir trouver du r\u00e9confort aupr\u00e8s de Toulon Solidarit\u00e9 depuis maintenant un an. \u00ab\u00a0Cela me permet de boire et de manger. Surtout en cette p\u00e9riode, l\u2019eau est pr\u00e9cieuse\u00a0\u00bb, explique le jeune homme: \u00ab\u00a0Vous avez vu cette chaleur? C\u2019est catastrophique. Je suis oblig\u00e9 d\u2019aller me baigner pour me rafra\u00eechir. Mais m\u00eame l\u2019eau de mer est chaude! Heureusement que Malou et les autres b\u00e9n\u00e9voles sont pr\u00e9sents, car il n\u2019y a pas grand-chose de mis en place pour nous.\u00a0\u00bb<\/p>\n<p>Ce soir-l\u00e0, une cinquantaine de b\u00e9n\u00e9ficiaires ont pu se rassasier et surtout s\u2019hydrater gr\u00e2ce \u00e0 Toulon Solidarit\u00e9. \u00ab\u00a0Il y a des soirs o\u00f9 on atteint les 150&#8230; pr\u00e9cise toutefois Malou. Ce soir, c\u2019\u00e9tait calme\u00a0\u00bb. \u00ab\u00a0Nous avons d\u00e9j\u00e0 eu des d\u00e9c\u00e8s\u00a0\u00bb<\/p>\n<p>Face \u00e0 la canicule, le centre d\u2019accueil de jour pour sans-abri Archaos, \u00e0 Toulon, \u00e9largit ses cr\u00e9neaux d\u2019ouverture. Depuis trente ans, le centre s\u2019efforce de venir en aide \u00e0 cette tranche de la population d\u00e9s\u0153uvr\u00e9e et trop souvent laiss\u00e9e pour compte. L\u00e0-bas, ils sont surnomm\u00e9s les \u00ab\u00a0accueillis\u00a0\u00bb.<\/p>\n<p>\u00ab\u00a0En p\u00e9riode de chaleur extr\u00eame comme en ce moment, comme en ce moment, nous organisons des astreintes de 17h \u00e0 19h. On ressent l\u2019\u00e9puisement g\u00e9n\u00e9ral d\u00fb \u00e0 la chaleur: il arrive que des \u2018\u2018accueillis\u2019\u2019 s\u2019endorment \u00e0 m\u00eame la table\u00a0\u00bb, contextualise Nathalie Germain, cheffe de service de la structure.<\/p>\n<p><a href=\"https:\/\/www.varmatin.com\/environnement\/canicule-deux-personnes-decedent-en-france-apres-des-malaises-lies-a-la-chaleur-992611\" target=\"_blank\" rel=\"noopener\">L\u2019an dernier, des d\u00e9c\u00e8s ont malheureusement eu lieu<\/a>. M\u00eame s\u2019ils ne sont pas li\u00e9s uniquement \u00e0 la chaleur, celle-ci est un facteur suppl\u00e9mentaire aggravant: \u00ab\u00a0En 2024, nous avons fait face \u00e0<strong> quelques disparitions<\/strong>, se rem\u00e9more avec \u00e9motion Nathalie Germain. Ils s\u2019endorment parfois en plein soleil, et avec l\u2019alcool, \u00e7a favorise la d\u00e9shydratation. C\u2019est \u00e7a le probl\u00e8me: l\u2019addiction dans sa d\u00e9finition premi\u00e8re, c\u2019est avoir conscience qu\u2019on se fait du mal, mais le faire quand m\u00eame. C\u2019est tr\u00e8s compliqu\u00e9 \u00e0 g\u00e9rer lorsqu\u2019il fait tr\u00e8s chaud, les accueillis sont plus susceptibles, ils dorment mal et sont plus irritables que d\u2019habitude, \u00e7a favorise les tensions.\u00a0\u00bb<\/p>\n<p>              <img ci-src=\"https:\/\/www.varmatin.com\/vie-locale\/protec\/DATA_ART_15911752-mvilvvHw.jpg?vh=07bdd6&amp;ci_seal=89aae5c034\" alt=\"\"\/><br \/>\n        Les temp\u00e9ratures avoisinent les 40 degr\u00e9s. Ces sans-abri se rafra\u00eechissent avec les moyens du bord.  <strong>Photo LA. G..<\/strong> <\/p>\n<p>                                \u00ab\u00a0On est tous responsables de la pauvret\u00e9 et de la mis\u00e8re\u00a0\u00bb<\/p>\n<p>\u00ab\u00a0Il y a aussi <strong>ceux qui dorment dans leurs voitures<\/strong>. Le v\u00e9hicule se retrouve en plein cagnard, fen\u00eatres ferm\u00e9es pour \u00e9viter les agressions. Tous ces comportements m\u00e8nent \u00e0 la d\u00e9rive, ce qui nous demande beaucoup de temps et de patience. On est tous responsables de la pauvret\u00e9 et de la mis\u00e8re. Et on est tous acteurs de cette prise en charge\u00a0\u00bb, poursuit Nathalie Germain.<\/p>\n<p>Malheureusement, les encadrants sont parfois d\u00e9pass\u00e9s par les \u00e9v\u00e9nements. \u00ab\u00a0Il y a quelques jours, deux \u2018\u2018accueillis\u2019\u2019 ont fait des crises d\u2019\u00e9pilepsie \u00e0 cause de la consommation d\u2019alcool combin\u00e9e \u00e0 la chaleur, ils n\u2019ont pas eu le r\u00e9flexe de se mettre \u00e0 l\u2019ombre. Nous avons d\u00fb faire appel aux pompiers. Avec un temps plus frais, \u00e7a ne serait pas arriv\u00e9.\u00a0\u00bb<\/p>\n<p>En ce moment, le taux d\u2019accueil du centre Archaos bat son plein. \u00ab\u00a0On est vraiment sur une hausse de fr\u00e9quentation. Lundi, nous avons re\u00e7u 115 personnes. Avec une moyenne de 95 sans-abri par jour. \u00ab\u00a0<\/p>\n<p>Depuis son d\u00e9m\u00e9nagement en janvier dernier, le centre dispose d\u00e9sormais d\u2019un int\u00e9rieur climatis\u00e9 pour accueillir le public dans de bonnes conditions, sans oublier la fontaine \u00e0 eau fra\u00eeche, en libre-service. \u00ab\u00a0On travaille aussi beaucoup avec la cheffe en cuisine pour mettre en place une consommation de fruits et de l\u00e9gumes pour valoriser l\u2019hydratation par l\u2019aliment.\u00a0\u00bb<\/p>\n<p>              <img ci-src=\"https:\/\/www.varmatin.com\/vie-locale\/protec\/DATA_ART_15911750-s5xwZLJg.jpg?vh=7e306c&amp;ci_seal=e017cd51ab\" alt=\"\"\/><br \/>\n        Abrit\u00e9s sous des parasols et de la v\u00e9g\u00e9tation, les \u00a0\u00bb accueillis \u00a0\u00bb d\u00e9jeunent dans la cour du centre Archaos, \u00e0 Toulon. Photo LA. G. <\/p>\n<p>                                \u00ab\u00a0Les comportements changent avec la chaleur\u00a0\u00bb<\/p>\n<p>\u00c0 la rue depuis vingt-cinq ans, Brahim se d\u00e9finit comme \u00ab\u00a0venant d\u2019un peu partout\u00a0\u00bb. Habitu\u00e9 \u00e0 \u00ab\u00a0la gal\u00e8re\u00a0\u00bb apr\u00e8s avoir \u00e9t\u00e9 abandonn\u00e9 par son p\u00e8re \u00e0 l\u2019\u00e2ge de 12 ans, le sans-abri, qui pr\u00e9f\u00e8re le terme de \u00ab\u00a0vagabond\u00a0\u00bb, d\u00e9crit un quotidien infernal. \u00ab\u00a0J\u2019en ai v\u00e9cu des canicules, \u00e0 la longue, on s\u2019habitue, m\u00eame si c\u2019est tr\u00e8s dur \u00e0 supporter. La chaleur, la recherche de points d\u2019ombre, de frais, d\u2019eau\u2026 Dans la journ\u00e9e, je tra\u00eene au centre commercial car il y a la clim. Je suis alcoolique, je bois beaucoup de bi\u00e8re, mais je pense quand m\u00eame \u00e0 boire de l\u2019eau\u00a0\u00bb, assure-t-il, en se servant \u00e0 la fontaine \u00e0 eau, en guise de bonne foi. Pour se rafra\u00eechir, il est contraint de \u00ab\u00a0prendre des douches dans les toilettes publiques\u00a0\u00bb. M\u00eame genoux \u00e0 terre, Brahim continue de croire en la bont\u00e9 humaine. \u00ab\u00a0Tout le monde peut se retrouver dans la rue du jour au lendemain, m\u00eame vous madame. Le plus important, c\u2019est de garder le sourire. Si vous saviez \u00e0 quel point un bonjour ou un au revoir sont importants pour nous.\u00a0\u00bb<\/p>\n<p>\u00ab\u00a0Seule, je me serais fait violer depuis longtemps\u00a0\u00bb<\/p>\n<p>La nuit, le r\u00e9pit tant esp\u00e9r\u00e9 est loin d\u2019avoir lieu. L\u2019absence d\u2019endroits s\u00fbrs pour se reposer rend les nuits caniculaires particuli\u00e8rement \u00e9prouvantes.<\/p>\n<p>\u00ab\u00a0Pour une femme, c\u2019est tr\u00e8s compliqu\u00e9 d\u2019\u00eatre \u00e0 la rue, se livre Ella, 24 ans. La nuit, c\u2019est l\u2019horreur car tu es entour\u00e9e de charognards. L\u2019hiver, encore \u00e7a va car on a des couettes mais l\u2019\u00e9t\u00e9, c\u2019est invivable. Encore plus quand tu n\u2019as pas acc\u00e8s \u00e0 l\u2019hygi\u00e8ne, et que les pharmacies ne veulent rien te donner quand tu as tes r\u00e8gles, et que t\u2019as pas de quoi acheter des tampons\u2026\u00a0Heureusement que j\u2019ai mon groupe et mon fr\u00e8re avec moi.<strong> Seule, je me serais fait violer depuis longtemps<\/strong>.\u00a0\u00bb<\/p>\n<p>Le r\u00e9cit d\u2019un quotidien infernal, compl\u00e9t\u00e9 par son compagnon d\u2019infortune Teddy, 33 ans: \u00ab\u00a0Je dors dans la rue depuis trois ans. Les femmes dans notre situation, m\u00eame celles que je ne connais pas, viennent me demander si elles peuvent se poser avec moi pendant la nuit, pour ne pas se faire agresser.\u00a0\u00bb<\/p>\n<p>              <img ci-src=\"https:\/\/www.varmatin.com\/vie-locale\/protec\/DATA_ART_15911749-aQNagePm.jpg?vh=4e48fd&amp;ci_seal=5c49872edc\" alt=\"\"\/><br \/>\n        L\u2019association Archaos, accueil de jour toulonnais pour &#13;<br \/>\nsans-abri, met \u00e0 leur disposition une fontaine \u00e0 eau fra\u00eeche.   <strong>Photo la. G..<\/strong> <\/p>\n<p>                                \u00ab\u00a0Le b\u00e9ton est bouillant et fait remonter la chaleur\u00a0\u00bb<\/p>\n<p>Herv\u00e9, 58 ans, s\u2019est retrouv\u00e9 \u00e0 la rue il y a moins d\u2019un an. Un univers nouveau, qu\u2019il d\u00e9couvre malgr\u00e9 lui. Et qu\u2019il tente d\u2019analyser: \u00ab\u00a0Les comportements changent avec la chaleur. Moi je ne bois pas d\u2019alcool, mais je remarque \u00e0 quel point \u00e7a agit sur leurs corps.\u00a0\u00bb<\/p>\n<p>Et pour lui aussi, les nuits sont synonymes de calvaire. \u00ab\u00a0Je dors \u00e0 Hy\u00e8res, \u00e0 m\u00eame le b\u00e9ton. C\u2019est mieux qu\u2019\u00e0 Toulon, c\u2019est moins dangereux. Ici, il y a trop de bagarres et de guerres de territoires entre SDF. L\u2019\u00e9t\u00e9, c\u2019est horrible car le b\u00e9ton est bouillant et fait remonter toute la chaleur. On se prend des coups de pied dans les c\u00f4tes pour se faire d\u00e9gager.\u00a0\u00bb<\/p>\n<p>Herv\u00e9 pointe aussi du doigt \u00ab\u00a0<strong>l\u2019absence de mesures mises en place<\/strong>\u00ab\u00a0: \u00ab\u00a0On est en alerte canicule, et la pr\u00e9fecture ne fait rien. Le week-end dernier je n\u2019avais plus d\u2019eau, j\u2019ai failli mourir. J\u2019ai appel\u00e9 les pompiers, ils m\u2019ont dit qu\u2019ils n\u2019avaient pas le temps.\u00a0\u00bb Fort heureusement, la solidarit\u00e9 existe encore: \u00ab\u00a0J\u2019ai demand\u00e9 des verres d\u2019eau \u00e0 des commer\u00e7ants, \u00e7a m\u2019a sauv\u00e9.\u00a0\u00bb<\/p>\n<p>De l\u2019aide, ils en re\u00e7oivent \u00e9galement de la part de la DDETS, qui fournit aux associations du d\u00e9partement ce qui s\u2019apparente \u00e0 des kits de survie. \u00ab\u00a0La DDETS nous donne des casquettes, des brumisateurs, des tongs, que nous distribuons ensuite aux sans-abri durant nos maraudes\u00a0\u00bb, explique Stella Barreto, coordinatrice de l\u2019\u00e9quipe mobile sant\u00e9-pr\u00e9carit\u00e9 de l\u2019association SenDRA Solidarit\u00e9s, bas\u00e9e \u00e0 Draguignan.<\/p>\n<p>Dans la cit\u00e9 du dragon, l\u2019accueil de jour AVAF a lui aussi \u00e9largi ses horaires pour permettre aux sans-abri de trouver refuge dans un endroit frais. \u00ab\u00a0Le but est d\u2019\u00e9viter qu\u2019ils fassent des malaises \u00e0 cause de la canicule. Depuis la fin du mois de juin, <strong>nous avons distribu\u00e9 270 bouteilles d\u2019eau<\/strong>\u00ab\u00a0, pr\u00e9cise la coordinatrice.<\/p>\n<p>Quand la chaleur accable les villes et devient un pi\u00e8ge mortel pour ceux que l\u2019on oublie trop souvent, <strong>chaque geste compte.<\/strong><\/p>\n<p>\u00ab\u00a0Il convient d\u2019agir\u00a0\u00bb<\/p>\n<p>la pr\u00e9fecture du Var d\u00e9taille les \u00ab\u00a0proc\u00e9dures de gestion des vagues de chaleur \u00a0\u00bb mises en place \u00e0 destination des publics sans domicile et donc vuln\u00e9rables. \u00ab\u00a0Le niveau de veille saisonni\u00e8re est activ\u00e9 automatiquement du 1er juin au 15 septembre 2025. D\u00e8s le passage en niveau de vigilance m\u00e9t\u00e9orologique jaune, il convient d\u2019agir.\u00a0\u00bb<\/p>\n<p>Le dispositif op\u00e9rationnel de veille et d\u2019alerte dans le Var repose sur plusieurs volets:<\/p>\n<p>Une mobilisation optimale des moyens disponibles: le SIAO-115 du Var informe la DDETS du Var en temps r\u00e9el de l\u2019\u00e9volution des demandes de prestations et de mises \u00e0 l\u2019abri en nombre et par zone g\u00e9ographique.<\/p>\n<p>Une attention particuli\u00e8re des appels au 115 durant cette p\u00e9riode pour r\u00e9pondre \u00e0 la progression des signalements et des appels.<\/p>\n<p>Une intensification des maraudes (sur Toulon Provence M\u00e9diterran\u00e9e, l\u2019Aire Drac\u00e9noise, Fr\u00e9jus-Saint-Raphael) effectu\u00e9es par les \u00e9quipes mobiles et les b\u00e9n\u00e9voles, d\u00e8s activation de la vigilance jaune.<\/p>\n<p>Une extension horaire des accueils de jour et une ouverture les week-ends de 5 des accueils (Toulon, Hy\u00e8res, Fr\u00e9jus, Draguignan et Brignoles) en cas de d\u00e9clenchement de la vigilance orange et rouge.<\/p>\n","protected":false},"excerpt":{"rendered":"La mis\u00e8re humaine ne conna\u00eet pas de saison. Mais certaines sont plus virulentes que d\u2019autres, notamment lorsque les&hellip;\n","protected":false},"author":2,"featured_media":252787,"comment_status":"","ping_status":"","sticky":false,"template":"","format":"standard","meta":{"footnotes":""},"categories":[9619],"tags":[1111,11,1777,674,1011,27,12,882,25,2310,3366],"class_list":{"0":"post-252786","1":"post","2":"type-post","3":"status-publish","4":"format-standard","5":"has-post-thumbnail","7":"category-toulon","8":"tag-actu","9":"tag-actualites","10":"tag-eu","11":"tag-europe","12":"tag-fr","13":"tag-france","14":"tag-news","15":"tag-provence-alpes-cote-dazur","16":"tag-republique-francaise","17":"tag-toulon","18":"tag-vie-locale"},"share_on_mastodon":{"url":"https:\/\/pubeurope.com\/@fr\/114866171682711687","error":""},"_links":{"self":[{"href":"https:\/\/www.europesays.com\/fr\/wp-json\/wp\/v2\/posts\/252786","targetHints":{"allow":["GET"]}}],"collection":[{"href":"https:\/\/www.europesays.com\/fr\/wp-json\/wp\/v2\/posts"}],"about":[{"href":"https:\/\/www.europesays.com\/fr\/wp-json\/wp\/v2\/types\/post"}],"author":[{"embeddable":true,"href":"https:\/\/www.europesays.com\/fr\/wp-json\/wp\/v2\/users\/2"}],"replies":[{"embeddable":true,"href":"https:\/\/www.europesays.com\/fr\/wp-json\/wp\/v2\/comments?post=252786"}],"version-history":[{"count":0,"href":"https:\/\/www.europesays.com\/fr\/wp-json\/wp\/v2\/posts\/252786\/revisions"}],"wp:featuredmedia":[{"embeddable":true,"href":"https:\/\/www.europesays.com\/fr\/wp-json\/wp\/v2\/media\/252787"}],"wp:attachment":[{"href":"https:\/\/www.europesays.com\/fr\/wp-json\/wp\/v2\/media?parent=252786"}],"wp:term":[{"taxonomy":"category","embeddable":true,"href":"https:\/\/www.europesays.com\/fr\/wp-json\/wp\/v2\/categories?post=252786"},{"taxonomy":"post_tag","embeddable":true,"href":"https:\/\/www.europesays.com\/fr\/wp-json\/wp\/v2\/tags?post=252786"}],"curies":[{"name":"wp","href":"https:\/\/api.w.org\/{rel}","templated":true}]}}