{"id":252808,"date":"2025-07-17T02:32:10","date_gmt":"2025-07-17T02:32:10","guid":{"rendered":"https:\/\/www.europesays.com\/fr\/252808\/"},"modified":"2025-07-17T02:32:10","modified_gmt":"2025-07-17T02:32:10","slug":"il-ny-avait-plus-dautres-solutions-nice-teste-durant-une-semaine-la-fermeture-de-la-rue-tiranty-pour-en-eloigner-les-toxicomanes","status":"publish","type":"post","link":"https:\/\/www.europesays.com\/fr\/252808\/","title":{"rendered":"\u00ab\u00a0Il n\u2019y avait plus d\u2019autres solutions\u00a0\u00bb: Nice \u00ab\u00a0teste\u00a0\u00bb durant une semaine la fermeture de la rue Tiranty pour en \u00e9loigner les toxicomanes"},"content":{"rendered":"<p>\u00ab\u00a0What is happening? Has something bad happened?\u00a0\u00bb<\/p>\n<p>Sur le chemin de leur h\u00f4tel, <a href=\"https:\/\/www.nicematin.com\/securite\/pour-chasser-les-toxicomanes-le-maire-de-nice-decide-de-fermer-une-rue-993984\" rel=\"nofollow noopener\" target=\"_blank\">rue Tiranty<\/a>, en plein centre-ville de Nice, un groupe de touristes bute sur un barrage de police. Barri\u00e8res et uniformes sugg\u00e9rant l\u2019imminence d\u2019un danger, ils interrogent: \u00ab\u00a0Que se passe-t-il? Est-ce que quelque chose de grave est arriv\u00e9?\u00a0\u00bb<\/p>\n<p>Difficile d\u2019expliquer, en anglais, que depuis ce mercredi 16 juillet 2025 et jusqu\u2019au lundi 21, de 8 \u00e0 20 heures, cette perpendiculaire de l\u2019avenue Jean-M\u00e9decin est soumise \u00e0 un filtrage de la police municipale afin d\u2019en interdire l\u2019acc\u00e8s aux usagers de drogue s\u2019y \u00e9tant fix\u00e9s depuis des ann\u00e9es. L\u2019agent se contente donc d\u2019un pouce lev\u00e9, signe que la voie est ouverte. Pour peu qu\u2019on ne soit pas \u00ab\u00a0suspicieux\u00a0\u00bb, pas de contr\u00f4le d\u2019identit\u00e9. Pas de fouille des sacs.<\/p>\n<p>Venu tester le dispositif d\u00e9ploy\u00e9 sur le tron\u00e7on entre l\u2019avenue Jean-M\u00e9decin et la rue Lamartine, ce mercredi 16 juillet \u00e0 8 heures, le premier adjoint au maire d\u00e9l\u00e9gu\u00e9 \u00e0 la S\u00e9curit\u00e9, Anthony Borr\u00e9, a d\u2019embl\u00e9e annonc\u00e9 que cette mesure \u00e9tait temporaire, ne s\u2019appliquant qu\u2019une semaine. Trop bref pour \u00eatre efficace? \u00ab\u00a0Nous verrons, temporise l\u2019\u00e9lu. Si l\u2019exp\u00e9rimentation fonctionne, nous la prolongerons certainement apr\u00e8s, car il y a un besoin imp\u00e9ratif. (&#8230;) Depuis le 1 janvier, nous avons eu 144 appels li\u00e9s aux nuisances dans cette rue. Nuisances qui sont tr\u00e8s majoritairement caus\u00e9es par les toxicomanes qui se piquent sous les yeux de tout le monde. Notre police municipale intervient quasi quotidiennement pour les d\u00e9loger, mais dix minutes apr\u00e8s, ils sont d\u00e9j\u00e0 de retour. (&#8230;) Il y a aussi un enjeu de salubrit\u00e9 public, nos services de propret\u00e9 \u00e9tant oblig\u00e9s de nettoyer des d\u00e9jections humaines.\u00a0\u00bb<\/p>\n<p>Contr\u00f4le \u00ab\u00a0au faci\u00e8s\u00a0\u00bb?<\/p>\n<p>              <img ci-src=\"https:\/\/www.nicematin.com\/social\/protec\/DATA_ART_15911769-kBa896ln.jpg?vh=4abc2f&amp;ci_seal=7e59085f06\" alt=\"\"\/><br \/>\n        Un ASVP gardant l\u2019entr\u00e9e de la rue Tiranty, mercredi 16 juillet 2025, \u00e0 Nice. <strong>Photo Frantz Bouton.<\/strong> <\/p>\n<p>\u00c0 entendre le bras droit du maire, Christian Estrosi, \u00ab\u00a0il n\u2019y avait donc plus d\u2019autres solutions\u00a0\u00bb que de restreindre la circulation aux seuls riverains et clients des commerces adjacents. Mais est-ce l\u00e9gal (1)? Les crit\u00e8res sur lesquels ces agents vont se baser pour interdire ou non le passage ne sont-ils pas discriminatoires? La pratique s\u2019apparente-t-elle \u00e0 du contr\u00f4le \u00ab\u00a0au faci\u00e8s\u00a0\u00bb? Anthony Borr\u00e9 balaye la remarque: \u00ab\u00a0C\u2019est un contr\u00f4le visuel. Comme lors du Carnaval. (&#8230;) Sur Tiranty, les policiers vont bien discerner les gens consommateurs de drogue, pieds nus, avec une seringue \u00e0 la main, et ceux qui habitent l\u00e0 ou vont faire leurs courses.\u00a0\u00bb<\/p>\n<p>En parall\u00e8le de cette s\u00e9quence de communication, sur l\u2019avenue Jean-M\u00e9decin et les abords de la cath\u00e9drale Notre-Dame, des silhouettes malingres comataient apr\u00e8s une nuit d\u2019errance et de d\u00e9fonce. \u00ab\u00a0Quand ils vont \u00e9merger, ils iront comme d\u2019habitude \u00e0 Tiranty. En voyant les flics, ils se caleront simplement dans la rue d\u2019\u00e0 c\u00f4t\u00e9, observe Ludo, sans domicile fixe. \u00c7a ne fait que d\u00e9placer le probl\u00e8me.\u00a0\u00bb<\/p>\n<p>Le pr\u00e9fet: \u00ab\u00a0\u00c7a ne fera que d\u00e9placer le probl\u00e8me\u00a0\u00bb<\/p>\n<p>Six policiers municipaux ou ASVP le matin, six l\u2019apr\u00e8s-midi. Selon Anthony Borr\u00e9, il n\u2019en fallait pas moins pour garder les barri\u00e8res de la rue Tiranty. \u00ab\u00a0Pendant ce temps-l\u00e0, ils ne font pas autre chose. Ce qui est regrettable\u00a0\u00bb, conc\u00e8de l\u2019\u00e9lu. Pour mieux tacler: \u00ab\u00a0D\u2019autant que la police municipale est trop limit\u00e9e pour combattre ce fl\u00e9au. Seule la police nationale peut mettre ces personnes en garde \u00e0 vue, saisir leurs substances et faire une enqu\u00eate pour savoir s\u2019il y a un trafic d\u2019ordonnances. Nous esp\u00e9rons donc que l\u2019\u00c9tat va se montrer \u00e0 la hauteur. Nous n\u2019avons pas \u00e0 nous substituer \u00e0 lui.\u00a0\u00bb<\/p>\n<p>Des reproches malvenus pour le pr\u00e9fet des Alpes-Maritimes. Sollicit\u00e9 par Nice-Matin, Laurent Hottiaux a r\u00e9pliqu\u00e9 ce mercredi: \u00ab\u00a0L\u2019\u00c9tat n\u2019a pas attendu cette initiative pour prendre ce sujet \u00e0 bras-le-corps. Tous les jours, la police nationale vient dans le secteur. Il est hors de question qu\u2019on accepte le trafic ou l\u2019usage de stup\u00e9fiants, a fortiori sur la voie publique. Mais fermer une rue ne r\u00e9glera jamais le probl\u00e8me. \u00c7a ne fera que le d\u00e9placer. Il faut \u00e9videmment une approche de s\u00e9curit\u00e9, mais aussi sanitaire et sociale. Nous y travaillons avec les \u00e9quipes du CHU (et le groupe) SOS. On a identifi\u00e9 des places avec l\u2019agence r\u00e9gionale de sant\u00e9 pour prendre en charge des personnes tr\u00e8s malades, en situation de toxicomanie, en milieu hospitalier. On ne travaille pas ces sujets sur les r\u00e9seaux sociaux. On y travaille en organisant les r\u00e9unions n\u00e9cessaires. L\u2019\u00c9tat n\u2019a, \u00e0 aucun moment, fait d\u00e9faut, et travaille \u00e0 chaque fois en bonne entente avec la ville. C\u2019est comme \u00e7a qu\u2019on r\u00e8gle les probl\u00e8mes.\u00a0\u00bb<\/p>\n<p>1. Dans notre \u00e9dition du 12 juillet, Nice-Matin posait la question \u00e0 un juriste pr\u00e9f\u00e9rant rester anonyme. Sa r\u00e9ponse: \u00ab\u00a0La d\u00e9cision est-elle n\u00e9cessaire, adapt\u00e9e et proportionnelle \u00e0 l\u2019objectif poursuivi? A priori, \u00e7a n\u2019est pas le cas. S\u2019il y a un recours au tribunal administratif, et il y en aura certainement un, la mesure risque d\u2019\u00eatre cass\u00e9e.\u00a0\u00bb<\/p>\n","protected":false},"excerpt":{"rendered":"\u00ab\u00a0What is happening? Has something bad happened?\u00a0\u00bb Sur le chemin de leur h\u00f4tel, rue Tiranty, en plein centre-ville&hellip;\n","protected":false},"author":2,"featured_media":252809,"comment_status":"","ping_status":"","sticky":false,"template":"","format":"standard","meta":{"footnotes":""},"categories":[2819],"tags":[1111,11,1777,674,1011,27,12,2401,882,25,801],"class_list":{"0":"post-252808","1":"post","2":"type-post","3":"status-publish","4":"format-standard","5":"has-post-thumbnail","7":"category-nice","8":"tag-actu","9":"tag-actualites","10":"tag-eu","11":"tag-europe","12":"tag-fr","13":"tag-france","14":"tag-news","15":"tag-nice","16":"tag-provence-alpes-cote-dazur","17":"tag-republique-francaise","18":"tag-social"},"share_on_mastodon":{"url":"https:\/\/pubeurope.com\/@fr\/114866234557529012","error":""},"_links":{"self":[{"href":"https:\/\/www.europesays.com\/fr\/wp-json\/wp\/v2\/posts\/252808","targetHints":{"allow":["GET"]}}],"collection":[{"href":"https:\/\/www.europesays.com\/fr\/wp-json\/wp\/v2\/posts"}],"about":[{"href":"https:\/\/www.europesays.com\/fr\/wp-json\/wp\/v2\/types\/post"}],"author":[{"embeddable":true,"href":"https:\/\/www.europesays.com\/fr\/wp-json\/wp\/v2\/users\/2"}],"replies":[{"embeddable":true,"href":"https:\/\/www.europesays.com\/fr\/wp-json\/wp\/v2\/comments?post=252808"}],"version-history":[{"count":0,"href":"https:\/\/www.europesays.com\/fr\/wp-json\/wp\/v2\/posts\/252808\/revisions"}],"wp:featuredmedia":[{"embeddable":true,"href":"https:\/\/www.europesays.com\/fr\/wp-json\/wp\/v2\/media\/252809"}],"wp:attachment":[{"href":"https:\/\/www.europesays.com\/fr\/wp-json\/wp\/v2\/media?parent=252808"}],"wp:term":[{"taxonomy":"category","embeddable":true,"href":"https:\/\/www.europesays.com\/fr\/wp-json\/wp\/v2\/categories?post=252808"},{"taxonomy":"post_tag","embeddable":true,"href":"https:\/\/www.europesays.com\/fr\/wp-json\/wp\/v2\/tags?post=252808"}],"curies":[{"name":"wp","href":"https:\/\/api.w.org\/{rel}","templated":true}]}}