{"id":252810,"date":"2025-07-17T02:33:13","date_gmt":"2025-07-17T02:33:13","guid":{"rendered":"https:\/\/www.europesays.com\/fr\/252810\/"},"modified":"2025-07-17T02:33:13","modified_gmt":"2025-07-17T02:33:13","slug":"les-syndicats-deja-mobilises-contre-le-budget-maville-nantes","status":"publish","type":"post","link":"https:\/\/www.europesays.com\/fr\/252810\/","title":{"rendered":"Les syndicats d\u00e9j\u00e0 mobilis\u00e9s contre le budget &#8211; Maville Nantes"},"content":{"rendered":"<ol>\n<li><a href=\"https:\/\/news.google.com\/rss\/articles\/CBMirAFBVV95cUxNbkdrb2Exa1QwSVdRSDBFRTBmdndHMzVJdWJYUDdFdzJDMGgzb1BkMFM0MllteVhYUTN5bHBENmZsRzlFYmwtQ3R4WXM5eUR1ZjVtQlZ4WG1RbEswLTY1NDUtT0JjQWVYUFJERUJoM2hZNUIzX1hrMC1RVE15VmZJZFVjbW03UVBNZ0t5Mm56S242RXBMM3pUQXZSVGs4WjBPd3NMbjMzT2N5OFhE?oc=5\" target=\"_blank\" rel=\"noopener\">Les syndicats d\u00e9j\u00e0 mobilis\u00e9s contre le budget<\/a>&nbsp;&nbsp;Maville Nantes<\/li>\n<li><a href=\"https:\/\/news.google.com\/rss\/articles\/CBMijgJBVV95cUxQVGV1M09wTk5XTVcweHZkRWxPbWF6cERycFpCQmpack9aUmNrOHZGMzBCODNFTXRiS0RfWi16OUlkZlFTOEViM1AwaTBYQk9OMUtlQmYyMWhyODF2dmt4MDFpdE40UzI1OXdvRl9TemRGS1FTcFY1cWlCUDMyQmFNOXlhLW9MSzVBNWdqSm9MX2UxZzUwZnM1VENyczBoNEdZdTl2SnFYNV81TjBENzJaTXhkeVd5QjNVbUlXQTRzVW9mdGE5bzN6aXZ0dzBaUlhrZGJxWDBuTGxHSXFxb1JZNnVTaUdWNkhPYVJob0ZCMUhUSm9BVE9TeHk4ZEFKdTVoMnRaNWlpMndzNlNXUEE?oc=5\" target=\"_blank\" rel=\"noopener\">En direct, budget 2026 : \u00ab Les candidats \u00e0 la prochaine \u00e9lection pr\u00e9sidentielle ont plut\u00f4t int\u00e9r\u00eat \u00e0 ce qu\u2019une partie du m\u00e9nage soit faite \u00bb<\/a>&nbsp;&nbsp;Le Monde.fr<\/li>\n<li><a href=\"https:\/\/news.google.com\/rss\/articles\/CBMi5AFBVV95cUxPcWNPV3BJQTNLaUNoUUptbXNlVWtMTkZNRFFpNXU3WkN2YmE0T3NTeTdUc0g2WVBhMnh0ZXF6ZEozdV9zZWdjX290YnIzRVZLckREb2dDSzhwSTFRbXdKNnRzU211MzNxaHladjhyRkMxTnZydmhkMElwalRqSXZZWVRvUWhaXzZYRFh2SndfYm9IVGRBMjJXMlVIUFM2Wm5RWDdTbnE5QVd6Q29reF9kQkprUUJGZmd6bmdpTkNZMC1Bc1YxRkpPSjQtRlJTMzc0ZU1XZ2thWVp6czhGMmt4Y2N0Vkg?oc=5\" target=\"_blank\" rel=\"noopener\">Annonces de Bayrou : les retrait\u00e9s peuvent absorber une petite d\u00e9convenue, par l\u2019\u00e9conomiste Alexandra Roulet<\/a>&nbsp;&nbsp;Lib\u00e9ration<\/li>\n<li><a href=\"https:\/\/news.google.com\/rss\/articles\/CBMi9gFBVV95cUxPblZtdG1qbTdkT3ZkUUFMNERSQlFRaFY0NGNsZFdmZktibE1lWHRpeU9YelNaQkFRMk1xalhKSVRBeDRuY3U4WWxpc2E1OUR6RGtEVzBPXzVBSEE4eW9sR0tpSXpjR1BCTUtUeFpEZXFTR3JYdWk5RWx0LTNjam15b1UwOU9BZ2tReUlFUmt0T3AyaHhEdG91MUE2TmhfMW5aSUd4VVFEc3FGUl9PTUJVdlZuQXg4UldScS1jVEZ4bUtNSmR6cWV4VVhOMGlHSElhMFA1Q3JUOFZaUFFOLU1fOVhtNWVuT3hCZlhvUFlUaU4wVDU3S2c?oc=5\" target=\"_blank\" rel=\"noopener\">\u00abBien \u00e9videmment, ils n\u2019ont pas choisi le 15 ao\u00fbt\u00bb : la suppression de deux jours f\u00e9ri\u00e9s d\u00e9clenche la col\u00e8re des profs<\/a>&nbsp;&nbsp;Le Figaro<\/li>\n<li><a href=\"https:\/\/news.google.com\/rss\/articles\/CBMiiwFBVV95cUxNM2RmaU13UzVGQjhlRUFyR0tQRzBXUVotR2E5M1JhYWVWZ1VRdllJTnhHaGwtNTdKV3BmVHRCVkFRRGd1cVVjSUhTaUJnUmtwbE0wb3dCcVJpaDlSY3I1V2JlU0dram1JRFJHdDBQN1Z2MVVMRTNfWGZlRnJpUEhPNDNvaEVndGFrWk5z?oc=5\" target=\"_blank\" rel=\"noopener\">Quels pays ont le plus de jours f\u00e9ri\u00e9s en Europe ? La r\u00e9ponse en une carte<\/a>&nbsp;&nbsp;20 Minutes<\/li>\n<\/ol>\n","protected":false},"excerpt":{"rendered":"Les syndicats d\u00e9j\u00e0 mobilis\u00e9s contre le budget&nbsp;&nbsp;Maville Nantes En direct, budget 2026 : \u00ab Les candidats \u00e0 la&hellip;\n","protected":false},"author":2,"featured_media":252811,"comment_status":"","ping_status":"","sticky":false,"template":"","format":"standard","meta":{"footnotes":""},"categories":[2818],"tags":[1111,11,1003,1442,1777,674,1011,27,17479,766,12,2636,25,3427],"class_list":{"0":"post-252810","1":"post","2":"type-post","3":"status-publish","4":"format-standard","5":"has-post-thumbnail","7":"category-nantes","8":"tag-actu","9":"tag-actualites","10":"tag-budget","11":"tag-deja","12":"tag-eu","13":"tag-europe","14":"tag-fr","15":"tag-france","16":"tag-mobilises","17":"tag-nantes","18":"tag-news","19":"tag-pays-de-la-loire","20":"tag-republique-francaise","21":"tag-syndicats"},"share_on_mastodon":{"url":"https:\/\/pubeurope.com\/@fr\/114866238479729913","error":""},"_links":{"self":[{"href":"https:\/\/www.europesays.com\/fr\/wp-json\/wp\/v2\/posts\/252810","targetHints":{"allow":["GET"]}}],"collection":[{"href":"https:\/\/www.europesays.com\/fr\/wp-json\/wp\/v2\/posts"}],"about":[{"href":"https:\/\/www.europesays.com\/fr\/wp-json\/wp\/v2\/types\/post"}],"author":[{"embeddable":true,"href":"https:\/\/www.europesays.com\/fr\/wp-json\/wp\/v2\/users\/2"}],"replies":[{"embeddable":true,"href":"https:\/\/www.europesays.com\/fr\/wp-json\/wp\/v2\/comments?post=252810"}],"version-history":[{"count":0,"href":"https:\/\/www.europesays.com\/fr\/wp-json\/wp\/v2\/posts\/252810\/revisions"}],"wp:featuredmedia":[{"embeddable":true,"href":"https:\/\/www.europesays.com\/fr\/wp-json\/wp\/v2\/media\/252811"}],"wp:attachment":[{"href":"https:\/\/www.europesays.com\/fr\/wp-json\/wp\/v2\/media?parent=252810"}],"wp:term":[{"taxonomy":"category","embeddable":true,"href":"https:\/\/www.europesays.com\/fr\/wp-json\/wp\/v2\/categories?post=252810"},{"taxonomy":"post_tag","embeddable":true,"href":"https:\/\/www.europesays.com\/fr\/wp-json\/wp\/v2\/tags?post=252810"}],"curies":[{"name":"wp","href":"https:\/\/api.w.org\/{rel}","templated":true}]}}