{"id":252816,"date":"2025-07-17T02:36:18","date_gmt":"2025-07-17T02:36:18","guid":{"rendered":"https:\/\/www.europesays.com\/fr\/252816\/"},"modified":"2025-07-17T02:36:18","modified_gmt":"2025-07-17T02:36:18","slug":"girondins-deux-nouvelles-recrues-en-approche-pour-renforcer-la-n2","status":"publish","type":"post","link":"https:\/\/www.europesays.com\/fr\/252816\/","title":{"rendered":"Girondins : Deux nouvelles recrues en approche pour renforcer la N2"},"content":{"rendered":"<p><img decoding=\"async\" src=\"https:\/\/www.europesays.com\/fr\/wp-content\/uploads\/2025\/06\/671_fbadce814885927d65626f0fbf68c20f.jpg\" alt=\"Girondins : Deux nouvelles recrues en approche pour renforcer la N2\" class=\"img-responsive mt-3\"\/><\/p>\n<p class=\"text-center mb-3\" style=\"font-size: 14px\">\u00a9 Iconsport<\/p>\n<p style=\"text-align: justify;\">Selon Sud-Ouest et Girondins4Ever, les Girondins vont faire signer le milieu de terrain <strong>Adama Diop<\/strong> (22 ans, 1,81m). \u00c9voluant au poste de milieu d\u00e9fensif\/polyvalent, Adama Diop jouait la saison derni\u00e8re \u00e0 Bergerac en National 2.<\/p>\n<p style=\"text-align: justify;\">Le Mauritanien a jou\u00e9 30 matchs la saison derni\u00e8re pour 4 buts et 4 passes d\u00e9cisives. Auparavant, il a \u00e9volu\u00e9 en National 1 avec Cholet (258 minutes de jeu lors de la saison 2023-2024).<\/p>\n<p style=\"text-align: justify;\">Ce sera la 11e recrue du groupe de National 2. Avec Abou Ba et Guillaume Odru, Bordeaux renforce son milieu de terrain.<\/p>\n<p><strong>Un gardien rempla\u00e7ant arrive<\/strong><\/p>\n<p style=\"text-align: justify;\">De plus, le gardien de but b\u00e9ninois <strong>David Agossa<\/strong> (22 ans, 1,87m) va s&rsquo;engager avec les Girondins. Il est annonc\u00e9 comme un rempla\u00e7ant en attendant de recruter un gardien num\u00e9ro 1, indique le quotidien r\u00e9gional. Il portait la saison derni\u00e8re les couleurs de Gueugnon en National 3 (11 matchs toutes comp\u00e9titions confondues).<\/p>\n<p style=\"text-align: justify;\">Cette arriv\u00e9e conjugu\u00e9e au futur recrutement d&rsquo;un gardien num\u00e9ro 1 pousse un peu plus l\u2019ancien titulaire, Lassana Diabat\u00e9, vers un d\u00e9part des Girondins.<\/p>\n<p>\u00c0 lire aussi &gt;&gt; <strong><a href=\"https:\/\/www.webgirondins.com\/actualite-mercato-girondins-nathanael-bai-on-m-a-dit-qu-on-ne-comptait-pas-sur-moi-129738\" target=\"_blank\" rel=\"noopener\">Nathanael Ba\u00ef : \u00ab\u00a0On m&rsquo;a dit qu&rsquo;on ne comptait pas sur moi\u00a0\u00bb<\/a><\/strong><\/p>\n<p>Notre podcast court :<\/p>\n<p>\u00a0<\/p>\n","protected":false},"excerpt":{"rendered":"\u00a9 Iconsport Selon Sud-Ouest et Girondins4Ever, les Girondins vont faire signer le milieu de terrain Adama Diop (22&hellip;\n","protected":false},"author":2,"featured_media":183902,"comment_status":"","ping_status":"","sticky":false,"template":"","format":"standard","meta":{"footnotes":""},"categories":[2817],"tags":[1111,11,39330,39332,19557,29677,8371,1997,8842,39329,4070,39331,1777,674,1011,27,8772,1987,39333,12413,12,2845,2219,1113,38940,471,14174,17872,33358,25],"class_list":{"0":"post-252816","1":"post","2":"type-post","3":"status-publish","4":"format-standard","5":"has-post-thumbnail","7":"category-bordeaux","8":"tag-actu","9":"tag-actualites","10":"tag-adama","11":"tag-agossa","12":"tag-appretent","13":"tag-approche","14":"tag-bergerac","15":"tag-bordeaux","16":"tag-david","17":"tag-defensif","18":"tag-deux","19":"tag-diop","20":"tag-eu","21":"tag-europe","22":"tag-fr","23":"tag-france","24":"tag-gardien","25":"tag-girondins","26":"tag-gueugnon","27":"tag-milieu","28":"tag-news","29":"tag-nouveaux","30":"tag-nouvelle-aquitaine","31":"tag-nouvelles","32":"tag-officialiser","33":"tag-pour","34":"tag-recrues","35":"tag-renforcer","36":"tag-renforts","37":"tag-republique-francaise"},"share_on_mastodon":{"url":"https:\/\/pubeurope.com\/@fr\/114866250349959744","error":""},"_links":{"self":[{"href":"https:\/\/www.europesays.com\/fr\/wp-json\/wp\/v2\/posts\/252816","targetHints":{"allow":["GET"]}}],"collection":[{"href":"https:\/\/www.europesays.com\/fr\/wp-json\/wp\/v2\/posts"}],"about":[{"href":"https:\/\/www.europesays.com\/fr\/wp-json\/wp\/v2\/types\/post"}],"author":[{"embeddable":true,"href":"https:\/\/www.europesays.com\/fr\/wp-json\/wp\/v2\/users\/2"}],"replies":[{"embeddable":true,"href":"https:\/\/www.europesays.com\/fr\/wp-json\/wp\/v2\/comments?post=252816"}],"version-history":[{"count":0,"href":"https:\/\/www.europesays.com\/fr\/wp-json\/wp\/v2\/posts\/252816\/revisions"}],"wp:featuredmedia":[{"embeddable":true,"href":"https:\/\/www.europesays.com\/fr\/wp-json\/wp\/v2\/media\/183902"}],"wp:attachment":[{"href":"https:\/\/www.europesays.com\/fr\/wp-json\/wp\/v2\/media?parent=252816"}],"wp:term":[{"taxonomy":"category","embeddable":true,"href":"https:\/\/www.europesays.com\/fr\/wp-json\/wp\/v2\/categories?post=252816"},{"taxonomy":"post_tag","embeddable":true,"href":"https:\/\/www.europesays.com\/fr\/wp-json\/wp\/v2\/tags?post=252816"}],"curies":[{"name":"wp","href":"https:\/\/api.w.org\/{rel}","templated":true}]}}