{"id":252821,"date":"2025-07-17T02:39:13","date_gmt":"2025-07-17T02:39:13","guid":{"rendered":"https:\/\/www.europesays.com\/fr\/252821\/"},"modified":"2025-07-17T02:39:13","modified_gmt":"2025-07-17T02:39:13","slug":"flanez-dans-les-allees-de-ce-magnifique-parc-a-deux-pas-de-lille","status":"publish","type":"post","link":"https:\/\/www.europesays.com\/fr\/252821\/","title":{"rendered":"fl\u00e2nez dans les all\u00e9es de ce magnifique parc \u00e0 deux pas de Lille"},"content":{"rendered":"<p>            Par<br \/>\n        <strong><br \/>\n            <a href=\"https:\/\/actu.fr\/auteur\/nicolas-demollien\" title=\"Consulter tous les articles de Nicolas Demollien\" rel=\"nofollow noopener\" target=\"_blank\">Nicolas Demollien<\/a><br \/>\n        <\/strong><\/p>\n<p>        Publi\u00e9 le<\/p>\n<p>            15 juil. 2025 \u00e0 17h40        <\/p>\n<p>Ils reviennent r\u00e9guli\u00e8rement mais c\u2019est \u00e0 chaque fois avec plaisir et succ\u00e8s ! Ce samedi 19 juillet 2025, un <b>nouveau march\u00e9 nocturne<\/b> est organis\u00e9 \u00e0 <a href=\"https:\/\/actu.fr\/hauts-de-france\/wambrechies_59636\" rel=\"nofollow noopener\" target=\"_blank\">Wambrechies<\/a>, tout pr\u00e8s de <a href=\"https:\/\/actu.fr\/hauts-de-france\/lille_59350\" rel=\"nofollow noopener\" target=\"_blank\">Lille<\/a> (Nord).<\/p>\n<p>Un march\u00e9 nocturne dans un superbe parc ce samedi<\/p>\n<p class=\" wall-content\">Et pas n\u2019importe o\u00f9 puisque c\u2019est \u00e0 nouveau dans le <b>magnifique parc de Robersart<\/b> que se tiendra l\u2019\u00e9v\u00e9nement.<\/p>\n<p class=\" wall-content\">De 16h \u00e0 22h, vous pourrez aller de d\u00e9couvertes en d\u00e9couvertes \u00e0 la rencontres des <b>commer\u00e7ants<\/b> et\u00a0<b>cr\u00e9ateurs<\/b> des <a href=\"https:\/\/actu.fr\/hauts-de-france\/\" rel=\"nofollow noopener\" target=\"_blank\">Hauts-de-France<\/a> pr\u00e9sents, qui viennent exposer le temps d\u2019une soir\u00e9e.<\/p>\n<p class=\" wall-content\">\u00ab\u00a0Les promeneurs pourront alors d\u00e9couvrir diff\u00e9rents stands et \u00e9couter de la musique !\u00a0\u00bb promettent les organisateurs. Bijoux, gourmandises ou d\u00e9co : il y en aura pour tous les go\u00fbts.<br \/>Et pour rendre le moment un peu plus agr\u00e9able encore, une buvette et des food-trucks seront \u00e9galement pr\u00e9sents pour l\u2019occasion.<\/p>\n<p class=\" wall-content\">Ent\u00e9e gratuite. Plus d\u2019infos sur le site <a href=\"https:\/\/www.wambrechies.fr\/sur-votre-agenda\/marche-artisanal-nocturne-0\" rel=\"nofollow noopener\" target=\"_blank\">wambrechies.fr<\/a><\/p>\n<p>Vid\u00e9os : en ce moment sur Actu<\/p>\n<p class=\" wall-content\">Suivez toute l\u2019actualit\u00e9 de vos villes et m\u00e9dias favoris en vous inscrivant \u00e0 <a href=\"https:\/\/moncompte.actu.fr\" title=\"D\u00e9couvez Mon Actu\" rel=\"nofollow noopener\" data-trk=\"{&quot;cta&quot;:{&quot;action&quot;:&quot;https:\\\/\\\/moncompte.actu.fr&quot;,&quot;category&quot;:&quot;mon compte&quot;,&quot;from&quot;:&quot;article footer&quot;,&quot;name&quot;:&quot;Mon actu&quot;,&quot;type&quot;:&quot;cta&quot;}}\" target=\"_blank\">Mon Actu<\/a>.<\/p>\n","protected":false},"excerpt":{"rendered":"Par Nicolas Demollien Publi\u00e9 le 15 juil. 2025 \u00e0 17h40 Ils reviennent r\u00e9guli\u00e8rement mais c\u2019est \u00e0 chaque fois&hellip;\n","protected":false},"author":2,"featured_media":252822,"comment_status":"","ping_status":"","sticky":false,"template":"","format":"standard","meta":{"footnotes":""},"categories":[2815],"tags":[1111,11,1777,674,1011,27,811,1307,1652,2089,12,25],"class_list":{"0":"post-252821","1":"post","2":"type-post","3":"status-publish","4":"format-standard","5":"has-post-thumbnail","7":"category-lille","8":"tag-actu","9":"tag-actualites","10":"tag-eu","11":"tag-europe","12":"tag-fr","13":"tag-france","14":"tag-hauts-de-france","15":"tag-lille","16":"tag-loisirs-culture","17":"tag-marche","18":"tag-news","19":"tag-republique-francaise"},"share_on_mastodon":{"url":"https:\/\/pubeurope.com\/@fr\/114866262091974016","error":""},"_links":{"self":[{"href":"https:\/\/www.europesays.com\/fr\/wp-json\/wp\/v2\/posts\/252821","targetHints":{"allow":["GET"]}}],"collection":[{"href":"https:\/\/www.europesays.com\/fr\/wp-json\/wp\/v2\/posts"}],"about":[{"href":"https:\/\/www.europesays.com\/fr\/wp-json\/wp\/v2\/types\/post"}],"author":[{"embeddable":true,"href":"https:\/\/www.europesays.com\/fr\/wp-json\/wp\/v2\/users\/2"}],"replies":[{"embeddable":true,"href":"https:\/\/www.europesays.com\/fr\/wp-json\/wp\/v2\/comments?post=252821"}],"version-history":[{"count":0,"href":"https:\/\/www.europesays.com\/fr\/wp-json\/wp\/v2\/posts\/252821\/revisions"}],"wp:featuredmedia":[{"embeddable":true,"href":"https:\/\/www.europesays.com\/fr\/wp-json\/wp\/v2\/media\/252822"}],"wp:attachment":[{"href":"https:\/\/www.europesays.com\/fr\/wp-json\/wp\/v2\/media?parent=252821"}],"wp:term":[{"taxonomy":"category","embeddable":true,"href":"https:\/\/www.europesays.com\/fr\/wp-json\/wp\/v2\/categories?post=252821"},{"taxonomy":"post_tag","embeddable":true,"href":"https:\/\/www.europesays.com\/fr\/wp-json\/wp\/v2\/tags?post=252821"}],"curies":[{"name":"wp","href":"https:\/\/api.w.org\/{rel}","templated":true}]}}