{"id":252831,"date":"2025-07-17T02:44:12","date_gmt":"2025-07-17T02:44:12","guid":{"rendered":"https:\/\/www.europesays.com\/fr\/252831\/"},"modified":"2025-07-17T02:44:12","modified_gmt":"2025-07-17T02:44:12","slug":"lhomme-qui-avait-agresse-trois-militaires-au-couteau-condamne-a-trois-ans-de-prison","status":"publish","type":"post","link":"https:\/\/www.europesays.com\/fr\/252831\/","title":{"rendered":"l\u2019homme qui avait agress\u00e9 trois militaires au couteau condamn\u00e9 \u00e0 trois ans de prison"},"content":{"rendered":"<p>Le jeune homme de 21 ans qui avait agress\u00e9 trois militaires d\u00e9but juillet \u00e0 Saint-\u00c9tienne, a \u00e9t\u00e9 arr\u00eat\u00e9 \u00e0 Besan\u00e7on quelques jours apr\u00e8s les faits.<\/p>\n<p class=\"fig-paragraph\">Dans la nuit du vendredi 4 au samedi 5 juillet dernier, trois militaires hors service de l\u2019<a href=\"http:\/\/www.lefigaro.fr\/faits-divers\/paris-un-militaire-sentinelle-blesse-au-couteau-un-suspect-interpelle-20240715\" target=\"_blank\" data-fig-type=\"NewsFlash\" rel=\"noopener\" data-gtm-custom-categorie=\"navigation\" data-gtm-custom-action=\"crossclick\" data-gtm-custom-label=\"Contextuel\" data-gtm-event=\"customEventSPE\" data-fig-domain=\"LEFIGARO\">op\u00e9ration Sentinelle<\/a>\u00a0ont \u00e9t\u00e9 a<a href=\"http:\/\/www.lefigaro.fr\/lyon\/saint-etienne-trois-militaires-hors-service-attaques-au-couteau-l-agresseur-en-fuite-20250707\" data-fig-type=\"NewsFlash\" data-gtm-custom-categorie=\"navigation\" data-gtm-custom-action=\"crossclick\" data-gtm-custom-label=\"Contextuel\" data-gtm-event=\"customEventSPE\" data-fig-domain=\"LEFIGARO\" target=\"_blank\" rel=\"noopener\">gress\u00e9s au couteau \u00e0 Saint-\u00c9tienne<\/a>\u00a0par un homme au volant de son v\u00e9hicule. L\u2019agresseur a \u00e9t\u00e9 condamn\u00e9 le 11 juillet en comparution imm\u00e9diate \u00e0 une peine de 3 ann\u00e9es de prison (36 mois d\u2019emprisonnement dont 6 assortis d\u2019un sursis probatoire) pour \u00abviolence avec usage ou menace d\u2019une arme et une obligation de soins\u00bb.<\/p>\n<p class=\"fig-paragraph\">Le parquet de Saint-\u00c9tienne a indiqu\u00e9 ce mercredi que les diff\u00e9rentes investigations ont conduit \u00e0 identifier le mis en cause notamment gr\u00e2ce \u00e0 la plaque d\u2019immatriculation de son v\u00e9hicule. \u00abUn mandat de recherche a \u00e9t\u00e9 imm\u00e9diatement d\u00e9livr\u00e9 par le parquet qui a conduit \u00e0 l\u2019interpellation du fugitif \u00e0 Besan\u00e7on. Le jeune homme de 21 ans a \u00e9t\u00e9 plac\u00e9 en garde \u00e0 vue le 9 juillet 2025 par le commissariat de police de Besan\u00e7on, puis transf\u00e9r\u00e9 avant que les services de police de Saint-\u00c9tienne ne viennent le chercher pour poursuivre la garde \u00e0 vue dans leurs locaux\u00bb, pr\u00e9cise le parquet.<\/p>\n<p>                                    <a class=\"fig-a11y-skip a11y-hidden\" href=\"#fig-a11y-skip-main-inarticle\"><br \/>\n        Passer la publicit\u00e9<br \/>\n    <\/a><\/p>\n<p class=\"fig-paragraph\">D\u00e9but juillet, les militaires traversaient la rue quand ils ont fait signe au suspect de ralentir \u00e0 l\u2019approche du passage pi\u00e9ton. L\u2019automobiliste leur a alors lanc\u00e9 une canette de soda et les a insult\u00e9s avant de sortir de sa voiture et de frapper un des militaires au visage, puis de sortir un couteau avec lequel il a l\u00e9g\u00e8rement bless\u00e9 les deux autres \u00e0 l\u2019oreille et au cou avant de prendre la fuite. Les militaires avaient \u00e9t\u00e9 pris en charge \u00e0 l\u2019h\u00f4pital pour des blessures l\u00e9g\u00e8res au niveau du visage.<\/p>\n","protected":false},"excerpt":{"rendered":"Le jeune homme de 21 ans qui avait agress\u00e9 trois militaires d\u00e9but juillet \u00e0 Saint-\u00c9tienne, a \u00e9t\u00e9 arr\u00eat\u00e9&hellip;\n","protected":false},"author":2,"featured_media":252832,"comment_status":"","ping_status":"","sticky":false,"template":"","format":"standard","meta":{"footnotes":""},"categories":[1889],"tags":[1111,11,1120,2430,1777,674,1011,27,2428,13264,12,37161,25],"class_list":{"0":"post-252831","1":"post","2":"type-post","3":"status-publish","4":"format-standard","5":"has-post-thumbnail","7":"category-lyon","8":"tag-actu","9":"tag-actualites","10":"tag-agression","11":"tag-auvergne-rhone-alpes","12":"tag-eu","13":"tag-europe","14":"tag-fr","15":"tag-france","16":"tag-lyon","17":"tag-militaires","18":"tag-news","19":"tag-operation-sentinelle","20":"tag-republique-francaise"},"share_on_mastodon":{"url":"https:\/\/pubeurope.com\/@fr\/114866281659461548","error":""},"_links":{"self":[{"href":"https:\/\/www.europesays.com\/fr\/wp-json\/wp\/v2\/posts\/252831","targetHints":{"allow":["GET"]}}],"collection":[{"href":"https:\/\/www.europesays.com\/fr\/wp-json\/wp\/v2\/posts"}],"about":[{"href":"https:\/\/www.europesays.com\/fr\/wp-json\/wp\/v2\/types\/post"}],"author":[{"embeddable":true,"href":"https:\/\/www.europesays.com\/fr\/wp-json\/wp\/v2\/users\/2"}],"replies":[{"embeddable":true,"href":"https:\/\/www.europesays.com\/fr\/wp-json\/wp\/v2\/comments?post=252831"}],"version-history":[{"count":0,"href":"https:\/\/www.europesays.com\/fr\/wp-json\/wp\/v2\/posts\/252831\/revisions"}],"wp:featuredmedia":[{"embeddable":true,"href":"https:\/\/www.europesays.com\/fr\/wp-json\/wp\/v2\/media\/252832"}],"wp:attachment":[{"href":"https:\/\/www.europesays.com\/fr\/wp-json\/wp\/v2\/media?parent=252831"}],"wp:term":[{"taxonomy":"category","embeddable":true,"href":"https:\/\/www.europesays.com\/fr\/wp-json\/wp\/v2\/categories?post=252831"},{"taxonomy":"post_tag","embeddable":true,"href":"https:\/\/www.europesays.com\/fr\/wp-json\/wp\/v2\/tags?post=252831"}],"curies":[{"name":"wp","href":"https:\/\/api.w.org\/{rel}","templated":true}]}}