{"id":252833,"date":"2025-07-17T02:46:19","date_gmt":"2025-07-17T02:46:19","guid":{"rendered":"https:\/\/www.europesays.com\/fr\/252833\/"},"modified":"2025-07-17T02:46:19","modified_gmt":"2025-07-17T02:46:19","slug":"ile-de-france-le-train-direct-cdg-express-entre-paris-et-roissy-en-service-en-mars-2027","status":"publish","type":"post","link":"https:\/\/www.europesays.com\/fr\/252833\/","title":{"rendered":"\u00cele-de-France : Le train direct CDG Express entre Paris et Roissy en service en mars 2027"},"content":{"rendered":"<p class=\"sub-title\">14 juillet 2025<\/p>\n<p>    <img decoding=\"async\" src=\"https:\/\/www.europesays.com\/fr\/wp-content\/uploads\/2025\/07\/cgd-paris-aeroport.1513628.w430.jpg\"  data- src-original=\"https:\/\/media.routard.com\/image\/62\/8\/cgd-paris-aeroport.1513628.jpg\" alt=\"\u00cele-de-France - Le train direct CDG Express entre Paris et Roissy en service en mars 2027\" title=\"\u00cele-de-France - Le train direct CDG Express entre Paris et Roissy en service en mars 2027\" class=\"  lazy\"\/><br \/>\n    A\u00e9roport CDG \u00a9 Huw Loaring &#8211; Flickr<\/p>\n<p>Le CDG Express, la tr\u00e8s attendue liaison ferroviaire directe entre Paris et l&rsquo;a\u00e9roport Roissy-Charles de Gaulle, sera finalement inaugur\u00e9 le 28 mars 2027.<\/p>\n<p>&#13;<\/p>\n<p>Promis \u00e0 l\u2019origine pour les JO de Paris 2024, cette liaison ferroviaire de 32 km reliera <b>Paris Gare de l\u2019Est au Terminal 2 de Paris CDG en 20 minutes<\/b>. Un train circulera toutes les 15 minutes de 5h du matin \u00e0 minuit.<\/p>\n<p>&#13;<\/p>\n<p>Le prix du trajet s\u2019\u00e9l\u00e8vera \u00e0 24 \u20ac et ne sera pas inclus dans le Pass Navigo. Un tarif assez \u00e9lev\u00e9, pratiquement le double de celui de la liaison actuelle en RER B, mais qui, elle, prend deux fois plus de temps.\u00a0<\/p>\n<p>&#13;<\/p>\n<p>Le CDG Express contribuera sans doute \u00e0 d\u00e9sengorger la ligne de RER B, souvent satur\u00e9e.<\/p>\n<p>            Pr\u00e9parez votre voyage avec nos partenaires<\/p>\n<p>\n    <b>Plus d&rsquo;infos sur le net : <\/b><br \/>\n          <a class=\"txt02\" target=\"_blank\" rel=\"nofollow noopener\" href=\"https:\/\/www.air-journal.fr\/2025-06-22-le-cdg-express-reliant-la-gare-de-lest-a-paris-cdg-sera-inaugure-en-mars-2027-5263622.html\">Air Journal<\/a><\/p>\n<p>\n      <b>Infos destination :<\/b><br \/>\n              <a class=\"aTxt txt02\" title=\"\u00cele-de-France\" href=\"https:\/\/www.routard.com\/fr\/guide\/france\/ile-de-france\" target=\"_blank\" rel=\"noopener\">\u00cele-de-France<\/a>,               <a class=\"aTxt txt02\" title=\"Paris\" href=\"https:\/\/www.routard.com\/fr\/guide\/france\/ile-de-france\/paris\" target=\"_blank\" rel=\"noopener\">Paris<\/a>          <\/p>\n","protected":false},"excerpt":{"rendered":"14 juillet 2025 A\u00e9roport CDG \u00a9 Huw Loaring &#8211; Flickr Le CDG Express, la tr\u00e8s attendue liaison ferroviaire&hellip;\n","protected":false},"author":2,"featured_media":252834,"comment_status":"","ping_status":"","sticky":false,"template":"","format":"standard","meta":{"footnotes":""},"categories":[1592],"tags":[1111,47,11,3723,1777,674,1011,27,662,1922,74,12,626,25,586],"class_list":{"0":"post-252833","1":"post","2":"type-post","3":"status-publish","4":"format-standard","5":"has-post-thumbnail","7":"category-ile-de-france","8":"tag-actu","9":"tag-actualite","10":"tag-actualites","11":"tag-actus","12":"tag-eu","13":"tag-europe","14":"tag-fr","15":"tag-france","16":"tag-ile-de-france","17":"tag-info","18":"tag-monde","19":"tag-news","20":"tag-paris","21":"tag-republique-francaise","22":"tag-voyage"},"share_on_mastodon":{"url":"https:\/\/pubeurope.com\/@fr\/114866289664858162","error":""},"_links":{"self":[{"href":"https:\/\/www.europesays.com\/fr\/wp-json\/wp\/v2\/posts\/252833","targetHints":{"allow":["GET"]}}],"collection":[{"href":"https:\/\/www.europesays.com\/fr\/wp-json\/wp\/v2\/posts"}],"about":[{"href":"https:\/\/www.europesays.com\/fr\/wp-json\/wp\/v2\/types\/post"}],"author":[{"embeddable":true,"href":"https:\/\/www.europesays.com\/fr\/wp-json\/wp\/v2\/users\/2"}],"replies":[{"embeddable":true,"href":"https:\/\/www.europesays.com\/fr\/wp-json\/wp\/v2\/comments?post=252833"}],"version-history":[{"count":0,"href":"https:\/\/www.europesays.com\/fr\/wp-json\/wp\/v2\/posts\/252833\/revisions"}],"wp:featuredmedia":[{"embeddable":true,"href":"https:\/\/www.europesays.com\/fr\/wp-json\/wp\/v2\/media\/252834"}],"wp:attachment":[{"href":"https:\/\/www.europesays.com\/fr\/wp-json\/wp\/v2\/media?parent=252833"}],"wp:term":[{"taxonomy":"category","embeddable":true,"href":"https:\/\/www.europesays.com\/fr\/wp-json\/wp\/v2\/categories?post=252833"},{"taxonomy":"post_tag","embeddable":true,"href":"https:\/\/www.europesays.com\/fr\/wp-json\/wp\/v2\/tags?post=252833"}],"curies":[{"name":"wp","href":"https:\/\/api.w.org\/{rel}","templated":true}]}}