{"id":252837,"date":"2025-07-17T02:48:15","date_gmt":"2025-07-17T02:48:15","guid":{"rendered":"https:\/\/www.europesays.com\/fr\/252837\/"},"modified":"2025-07-17T02:48:15","modified_gmt":"2025-07-17T02:48:15","slug":"iran-israel-khamenei-accuse-letat-hebreu-davoir-voulu-provoquer-un-renversement-de-regime","status":"publish","type":"post","link":"https:\/\/www.europesays.com\/fr\/252837\/","title":{"rendered":"Iran-Isra\u00ebl\u00a0: Khamenei accuse l\u2019\u00c9tat h\u00e9breu d\u2019avoir voulu provoquer un renversement de r\u00e9gime"},"content":{"rendered":"<p class=\"paragraph text_align_left lp-f-body-02\">Le guide supr\u00eame iranien, l\u2019ayatollah <a href=\"https:\/\/www.leparisien.fr\/international\/iran\/iran-premiere-apparition-publique-de-layatollah-khamenei-depuis-le-cessez-le-feu-avec-israel-05-07-2025-TWOPIZYZYBCELMGFNTNLNZUNVE.php\" target=\"_self\" rel=\"noopener\">Ali Khamenei<\/a>, a accus\u00e9 ce mercredi <a href=\"https:\/\/www.leparisien.fr\/international\/iran\/nous-laurions-elimine-israel-etait-pret-a-tuer-ali-khamenei-durant-sa-guerre-contre-liran-27-06-2025-KO56CC5EJVE7RIM4KBKF3MOTMA.php\" target=\"_self\" rel=\"noopener\">Isra\u00ebl<\/a> et les <a href=\"https:\/\/www.leparisien.fr\/international\/iran\/guerre-israel-iran-layatollah-khamenei-salue-une-victoire-et-assure-que-le-regime-sioniste-a-failli-seffondrer-26-06-2025-VECAMCGWW5C3LLRWMKUAFRLIK4.php\" target=\"_self\" rel=\"noopener\">\u00c9tats-Unis<\/a> d\u2019avoir cherch\u00e9 \u00e0 renverser la R\u00e9publique islamique lors de la guerre de douze jours d\u00e9clench\u00e9e en juin. \u00ab Le calcul et le plan des agresseurs a consist\u00e9 \u00e0 affaiblir le syst\u00e8me en ciblant certaines personnalit\u00e9s et centres sensibles en Iran \u00bb, a d\u00e9clar\u00e9 le dirigeant iranien, selon des propos rapport\u00e9s sur son site officiel.<\/p>\n<p class=\"paragraph text_align_left lp-f-body-02\">L\u2019objectif, selon lui : \u00ab d\u00e9clencher des troubles \u00bb dans le pays et pousser la population \u00ab \u00e0 descendre dans la rue, afin de renverser le syst\u00e8me \u00bb.<\/p>\n<p>Des frappes isra\u00e9liennes de grande ampleur<\/p>\n<p class=\"paragraph text_align_left lp-f-body-02\">L\u2019arm\u00e9e isra\u00e9lienne avait lanc\u00e9 le 13 juin une attaque surprise contre <a href=\"https:\/\/www.leparisien.fr\/international\/iran\/nucleaire-liran-pret-a-cooperer-avec-laiea-sous-une-nouvelle-forme-apres-la-guerre-avec-israel-12-07-2025-7HSPNYL73VAMFB4DUX5BLNNLQU.php\" target=\"_self\" rel=\"noopener\">l\u2019Iran<\/a>, menant des centaines de frappes visant des sites militaires, des installations nucl\u00e9aires, ainsi que des b\u00e2timents officiels. Plusieurs scientifiques li\u00e9s au programme nucl\u00e9aire iranien ont \u00e9galement \u00e9t\u00e9 tu\u00e9s.<\/p>\n<p class=\"paragraph text_align_left lp-f-body-02\">Le Premier ministre isra\u00e9lien, <a href=\"https:\/\/www.leparisien.fr\/international\/israel\/il-faut-quisrael-se-calme-comment-trump-et-netanyahou-divergent-sur-la-guerre-en-iran-24-06-2025-GNS6DPVWDZFADDLANI73X7GORM.php\" target=\"_self\" rel=\"noopener\">Benyamin Netanyahou<\/a>, interrog\u00e9 le 15 juin par la cha\u00eene am\u00e9ricaine Fox News, n\u2019avait pas exclu un changement de r\u00e9gime \u00e0 <a href=\"https:\/\/www.leparisien.fr\/international\/iran\/lennart-monterlos-disparu-en-iran-teheran-confirme-larrestation-du-jeune-francais-10-07-2025-LM6ARDX2XNFKXA6DANWAC45JME.php\" target=\"_self\" rel=\"noopener\">T\u00e9h\u00e9ran<\/a>, d\u00e9clarant que cela \u00ab pourrait certainement en \u00eatre le r\u00e9sultat car le r\u00e9gime iranien est tr\u00e8s faible \u00bb.<\/p>\n<p>Les \u00c9tats-Unis \u00e9galement impliqu\u00e9s<\/p>\n<p class=\"paragraph text_align_left lp-f-body-02\">Le 22 juin, les <a href=\"https:\/\/www.leparisien.fr\/international\/iran\/liran-condamne-les-propos-irrespectueux-et-inacceptables-de-trump-sur-khamenei-28-06-2025-GMB3J5XCQFGQJDOK2VFPNNIEZU.php\" target=\"_self\" rel=\"noopener\">\u00c9tats-Unis<\/a> ont \u00e0 leur tour frapp\u00e9 plusieurs installations nucl\u00e9aires iraniennes, notamment le site souterrain d\u2019enrichissement d\u2019uranium de Fordo, au sud de T\u00e9h\u00e9ran, et les installations nucl\u00e9aires d\u2019Ispahan et Natanz. L\u2019ampleur des d\u00e9g\u00e2ts reste incertaine.<\/p>\n<p class=\"paragraph text_align_left lp-f-body-02\"><a href=\"https:\/\/www.leparisien.fr\/international\/iran\/liran-utilise-les-prisonniers-comme-un-moyen-de-pression-la-france-en-proie-a-la-diplomatie-des-otages-07-07-2025-YSRPUF4ILZFCTPK33GGCAHMQSY.php\" target=\"_self\" rel=\"noopener\">L\u2019Iran<\/a> a r\u00e9pondu par des tirs de missiles et de drones contre des cibles isra\u00e9liennes et contre la plus grande base am\u00e9ricaine du Moyen-Orient, situ\u00e9e au <a href=\"https:\/\/www.leparisien.fr\/international\/guerre-israel-iran-pourquoi-teheran-a-prevenu-les-etats-unis-avant-ses-frappes-contre-une-base-americaine-au-qatar-24-06-2025-DPS7WITVEZDYJNSFPHOK2GV3MA.php\" target=\"_self\" rel=\"noopener\">Qatar<\/a>. <a href=\"https:\/\/www.leparisien.fr\/international\/israel\/guerre-israel-iran-isole-dans-un-bunker-preparation-de-sa-succession-ce-que-lon-sait-du-sort-de-layatollah-khamenei-23-06-2025-PVEDYQMK3NE7FLWSSFMU7QD7OU.php\" target=\"_self\" rel=\"noopener\">Ali Khamenei<\/a> a pr\u00e9venu que \u00ab des frappes encore plus fortes pourraient \u00eatre inflig\u00e9es aux \u00c9tats-Unis et \u00e0 d\u2019autres pays \u00bb en cas de reprise des hostilit\u00e9s.<\/p>\n<p class=\"paragraph text_align_left lp-f-body-02\">Apr\u00e8s douze jours de combats, <a href=\"https:\/\/www.leparisien.fr\/international\/iran\/israel-iran-teheran-affirme-avoir-de-serieux-doutes-sur-le-respect-du-cessez-le-feu-par-les-forces-israeliennes-29-06-2025-SCASBUH5M5AOJIATBEOSQ5UW4Y.php\" target=\"_self\" rel=\"noopener\">un cessez-le-feu<\/a> est entr\u00e9 en vigueur le 24 juin entre les deux ennemis historiques. Depuis la R\u00e9volution islamique de 1979, qui a renvers\u00e9 la monarchie iranienne, <a href=\"https:\/\/www.leparisien.fr\/international\/iran\/cecile-kohler-et-jacques-paris-detenus-en-iran-derriere-linculpation-pour-espionnage-la-strategie-du-chantage-03-07-2025-3BBXIMJQZZDB7I2WKPWPHG4I5Q.php\" target=\"_self\" rel=\"noopener\">l\u2019Iran<\/a> et <a href=\"https:\/\/www.leparisien.fr\/international\/iran\/tous-les-scenarios-sont-sur-la-table-israel-peut-il-aller-jusqua-eliminer-layatollah-ali-khamenei-17-06-2025-XKNYPTTL2JGPRI6KDUZO5Z5WDY.php\" target=\"_self\" rel=\"noopener\">Isra\u00ebl <\/a>s\u2019opposent frontalement.<\/p>\n<p class=\"paragraph text_align_left lp-f-body-02\">Le bilan officiel fait \u00e9tat de plus de 1 000 morts en <a href=\"https:\/\/www.leparisien.fr\/international\/iran\/en-iran-apres-la-guerre-la-deprime-la-repression-et-le-tribunal-spectacle-06-07-2025-ODKR6VUJJNAKZGKKZTOXKMOAUU.php\" target=\"_self\" rel=\"noopener\">Iran<\/a> et 28 victimes c\u00f4t\u00e9 isra\u00e9lien. Ce regain de tension a \u00e9galement interrompu les pourparlers sur le nucl\u00e9aire iranien entre <a href=\"https:\/\/www.leparisien.fr\/international\/etats-unis\/frappes-americaines-en-iran-le-programme-nucleaire-severement-endommage-reaffirment-les-etats-unis-26-06-2025-WFI4GNLQY5EYNFGFMX6IWMZERE.php\" target=\"_self\" rel=\"noopener\">Washington<\/a> et <a href=\"https:\/\/www.leparisien.fr\/international\/iran\/iran-cecile-kohler-et-jacques-paris-detenus-depuis-trois-ans-ont-recu-mardi-une-visite-consulaire-01-07-2025-M7E2XDJRIZALFOFGTPPYUAL7W4.php\" target=\"_self\" rel=\"noopener\">T\u00e9h\u00e9ran<\/a>, en cours depuis avril.<\/p>\n","protected":false},"excerpt":{"rendered":"Le guide supr\u00eame iranien, l\u2019ayatollah Ali Khamenei, a accus\u00e9 ce mercredi Isra\u00ebl et les \u00c9tats-Unis d\u2019avoir cherch\u00e9 \u00e0&hellip;\n","protected":false},"author":2,"featured_media":252838,"comment_status":"","ping_status":"","sticky":false,"template":"","format":"standard","meta":{"footnotes":""},"categories":[1888],"tags":[1111,1928,11,1927,1777,674,1011,27,14,3019,12,1926,626,1925,25],"class_list":{"0":"post-252837","1":"post","2":"type-post","3":"status-publish","4":"format-standard","5":"has-post-thumbnail","7":"category-paris","8":"tag-actu","9":"tag-actu-paris","10":"tag-actualites","11":"tag-actualites-paris","12":"tag-eu","13":"tag-europe","14":"tag-fr","15":"tag-france","16":"tag-international","17":"tag-iran","18":"tag-news","19":"tag-news-paris","20":"tag-paris","21":"tag-paris-news","22":"tag-republique-francaise"},"share_on_mastodon":{"url":"https:\/\/pubeurope.com\/@fr\/114866297604972776","error":""},"_links":{"self":[{"href":"https:\/\/www.europesays.com\/fr\/wp-json\/wp\/v2\/posts\/252837","targetHints":{"allow":["GET"]}}],"collection":[{"href":"https:\/\/www.europesays.com\/fr\/wp-json\/wp\/v2\/posts"}],"about":[{"href":"https:\/\/www.europesays.com\/fr\/wp-json\/wp\/v2\/types\/post"}],"author":[{"embeddable":true,"href":"https:\/\/www.europesays.com\/fr\/wp-json\/wp\/v2\/users\/2"}],"replies":[{"embeddable":true,"href":"https:\/\/www.europesays.com\/fr\/wp-json\/wp\/v2\/comments?post=252837"}],"version-history":[{"count":0,"href":"https:\/\/www.europesays.com\/fr\/wp-json\/wp\/v2\/posts\/252837\/revisions"}],"wp:featuredmedia":[{"embeddable":true,"href":"https:\/\/www.europesays.com\/fr\/wp-json\/wp\/v2\/media\/252838"}],"wp:attachment":[{"href":"https:\/\/www.europesays.com\/fr\/wp-json\/wp\/v2\/media?parent=252837"}],"wp:term":[{"taxonomy":"category","embeddable":true,"href":"https:\/\/www.europesays.com\/fr\/wp-json\/wp\/v2\/categories?post=252837"},{"taxonomy":"post_tag","embeddable":true,"href":"https:\/\/www.europesays.com\/fr\/wp-json\/wp\/v2\/tags?post=252837"}],"curies":[{"name":"wp","href":"https:\/\/api.w.org\/{rel}","templated":true}]}}