{"id":252843,"date":"2025-07-17T02:51:16","date_gmt":"2025-07-17T02:51:16","guid":{"rendered":"https:\/\/www.europesays.com\/fr\/252843\/"},"modified":"2025-07-17T02:51:16","modified_gmt":"2025-07-17T02:51:16","slug":"nouvelle-eruption-volcanique-secoue-la-peninsule-de-reykjanes-en-islande-grindavik-evacue","status":"publish","type":"post","link":"https:\/\/www.europesays.com\/fr\/252843\/","title":{"rendered":"Nouvelle \u00e9ruption volcanique secoue la p\u00e9ninsule de Reykjanes en Islande, Grindavik \u00e9vacu\u00e9"},"content":{"rendered":"<p>Reykjavik &#8211; Un volcan sur la p\u00e9ninsule de Reykjanes, dans le sud-ouest de l\u2019Islande, est entr\u00e9 en \u00e9ruption mercredi pour la neuvi\u00e8me fois depuis fin 2023, ont annonc\u00e9 les autorit\u00e9s.<\/p>\n<p>Des images vid\u00e9o tourn\u00e9es en direct montrent de la lave en train de s&rsquo;\u00e9chapper d\u2019une fissure dans le sol. L&rsquo;\u00e9ruption a commenc\u00e9 peu avant 04H00 GMT, selon l\u2019Office m\u00e9t\u00e9orologique islandais (IMO).<\/p>\n<p>La principale fissure court sur 2,4\u202fkm et une deuxi\u00e8me plus petite s\u2019est ouverte sur 500 m\u00e8tres, a pr\u00e9cis\u00e9 l\u2019agence m\u00e9t\u00e9o en d\u00e9but d\u2019apr\u00e8s-midi.<\/p>\n<p>Les habitants de la p\u00e9ninsule de Reykjanes sont incit\u00e9s \u00e0 rester chez eux en raison de la pollution de l\u2019air.<\/p>\n<p>Le village de p\u00eacheurs de Grindavik, le plus proche de l&rsquo;\u00e9ruption, a \u00e9t\u00e9 \u00e9vacu\u00e9, tout comme le c\u00e9l\u00e8bre site du Blue Lagoon. <\/p>\n<p>La plupart des 4.000 habitants de Grindavik avaient \u00e9t\u00e9 \u00e9vacu\u00e9s fin 2023, peu avant la premi\u00e8re \u00e9ruption volcanique dans la r\u00e9gion. Depuis, presque toutes les maisons ont \u00e9t\u00e9 vendues \u00e0 l\u2019Etat et la majorit\u00e9 des habitants sont partis.<\/p>\n<p>L&rsquo;\u00e9vacuation des quelque 100 personnes qui se trouvaient encore dans le village s\u2019est d\u00e9roul\u00e9e sans difficult\u00e9s, a indiqu\u00e9 une responsable de la police Margret Kristin Palsdottir, \u00e0 la chaine publique RUV. <\/p>\n<p>L\u2019acc\u00e8s des touristes \u00e0 proximit\u00e9 de l&rsquo;\u00e9ruption a \u00e9galement \u00e9t\u00e9 interdit. <\/p>\n<p>\u00abBien entendu, nous comprenons qu\u2019il s\u2019agit d\u2019un \u00e9v\u00e9nement fascinant, en particulier pour les touristes qui n\u2019y sont pas aussi habitu\u00e9s que nous\u00bb, a-t-elle dit.<\/p>\n<p>Un sp\u00e9cialiste de g\u00e9ophysique de l\u2019IMO, Benedikt Ofeigsson, a d\u00e9clar\u00e9 \u00e0 la chaine RUV que l&rsquo;\u00e9ruption ne semblait pas aussi importante que les pr\u00e9c\u00e9dentes et qu\u2019elle \u00e9tait bien situ\u00e9e car elle ne se trouvait pas \u00e0 proximit\u00e9 d\u2019infrastructures.<\/p>\n<p>Les volcans de la p\u00e9ninsule n\u2019avaient pas connu d&rsquo;\u00e9ruption depuis huit si\u00e8cles, jusqu\u2019en mars 2021, date \u00e0 laquelle une p\u00e9riode d\u2019activit\u00e9 sismique accrue a d\u00e9but\u00e9.<\/p>\n<p>Les volcanologues estiment que l\u2019activit\u00e9 volcanique dans la r\u00e9gion \u00e9tait entr\u00e9e dans une nouvelle \u00e8re.<\/p>\n<p>Cette derni\u00e8re \u00e9ruption n\u2019a pas d\u2019impact sur les vols internationaux, selon le site de l\u2019a\u00e9roport de Keflav\u00edk.<\/p>\n<p>En 2010, une \u00e9ruption volcanique dans une autre partie de l\u2019Islande avait provoqu\u00e9 un chaos dans les transports du monde entier, les cendres projet\u00e9es dans l\u2019atmosph\u00e8re ayant entra\u00een\u00e9 des fermetures de l\u2019espace a\u00e9rien en Europe.<\/p>\n<p>L\u2019Islande abrite 33 syst\u00e8mes volcaniques actifs, soit plus que tout autre pays europ\u00e9en.<\/p>\n<p>Elle est situ\u00e9e sur la dorsale m\u00e9dio-atlantique, une faille dans le plancher oc\u00e9anique qui s\u00e9pare les plaques tectoniques eurasienne et nord-am\u00e9ricaine et provoque des tremblements de terre et des \u00e9ruptions. <\/p>\n<p>\u00a9 Agence France-Presse<\/p>\n","protected":false},"excerpt":{"rendered":"Reykjavik &#8211; Un volcan sur la p\u00e9ninsule de Reykjanes, dans le sud-ouest de l\u2019Islande, est entr\u00e9 en \u00e9ruption&hellip;\n","protected":false},"author":2,"featured_media":252844,"comment_status":"","ping_status":"","sticky":false,"template":"","format":"standard","meta":{"footnotes":""},"categories":[1591],"tags":[11,1887,12,1885,1886,132],"class_list":{"0":"post-252843","1":"post","2":"type-post","3":"status-publish","4":"format-standard","5":"has-post-thumbnail","7":"category-russie","8":"tag-actualites","9":"tag-federation-de-russie","10":"tag-news","11":"tag-russia","12":"tag-russian-federation","13":"tag-russie"},"share_on_mastodon":{"url":"https:\/\/pubeurope.com\/@fr\/114866309330717634","error":""},"_links":{"self":[{"href":"https:\/\/www.europesays.com\/fr\/wp-json\/wp\/v2\/posts\/252843","targetHints":{"allow":["GET"]}}],"collection":[{"href":"https:\/\/www.europesays.com\/fr\/wp-json\/wp\/v2\/posts"}],"about":[{"href":"https:\/\/www.europesays.com\/fr\/wp-json\/wp\/v2\/types\/post"}],"author":[{"embeddable":true,"href":"https:\/\/www.europesays.com\/fr\/wp-json\/wp\/v2\/users\/2"}],"replies":[{"embeddable":true,"href":"https:\/\/www.europesays.com\/fr\/wp-json\/wp\/v2\/comments?post=252843"}],"version-history":[{"count":0,"href":"https:\/\/www.europesays.com\/fr\/wp-json\/wp\/v2\/posts\/252843\/revisions"}],"wp:featuredmedia":[{"embeddable":true,"href":"https:\/\/www.europesays.com\/fr\/wp-json\/wp\/v2\/media\/252844"}],"wp:attachment":[{"href":"https:\/\/www.europesays.com\/fr\/wp-json\/wp\/v2\/media?parent=252843"}],"wp:term":[{"taxonomy":"category","embeddable":true,"href":"https:\/\/www.europesays.com\/fr\/wp-json\/wp\/v2\/categories?post=252843"},{"taxonomy":"post_tag","embeddable":true,"href":"https:\/\/www.europesays.com\/fr\/wp-json\/wp\/v2\/tags?post=252843"}],"curies":[{"name":"wp","href":"https:\/\/api.w.org\/{rel}","templated":true}]}}