{"id":252849,"date":"2025-07-17T02:54:16","date_gmt":"2025-07-17T02:54:16","guid":{"rendered":"https:\/\/www.europesays.com\/fr\/252849\/"},"modified":"2025-07-17T02:54:16","modified_gmt":"2025-07-17T02:54:16","slug":"des-cours-contre-la-misogynie-obligatoires-dans-les-ecoles-des-2026","status":"publish","type":"post","link":"https:\/\/www.europesays.com\/fr\/252849\/","title":{"rendered":"Des cours contre la misogynie obligatoires dans les \u00e9coles d\u00e8s\u00a02026"},"content":{"rendered":"<p>Le respect s\u2019apprend d\u00e8s le plus jeune \u00e2ge. Aussi, des cours pour lutter contre la <a href=\"https:\/\/www.20minutes.fr\/dossier\/misogynie\" class=\"color-ultramarine c-link\" target=\"_blank\" rel=\"noopener\">misogynie<\/a> seront obligatoires dans les coll\u00e8ges et lyc\u00e9es <a href=\"https:\/\/www.20minutes.fr\/monde\/grande-bretagne\/\" class=\"color-ultramarine c-link\" target=\"_blank\" rel=\"noopener\">britanniques<\/a> d\u00e8s septembre\u00a02026, conform\u00e9ment aux nouvelles directives p\u00e9dagogiques publi\u00e9es ce mardi par le <a href=\"https:\/\/www.20minutes.fr\/dossier\/ministere_de_l_education_nationale\" class=\"color-ultramarine c-link\" target=\"_blank\" rel=\"noopener\">minist\u00e8re de l\u2019\u00c9ducation<\/a>.<\/p>\n<p>Il s\u2019agit d\u2019une nouvelle version du guide d\u2019\u00e9ducation aux relations, \u00e0 la sexualit\u00e9 et \u00e0 la <a href=\"https:\/\/www.20minutes.fr\/sante\/\" class=\"color-ultramarine c-link\" target=\"_blank\" rel=\"noopener\">sant\u00e9<\/a> (RSHE), qui vise notamment \u00e0 sensibiliser les gar\u00e7ons face \u00e0 la propagation croissante de contenus sexistes en ligne, port\u00e9s par des influenceurs masculinistes comme Andrew Tate.<\/p>\n<p>La mouvance \u00ab\u00a0incel\u00a0\u00bb, la pornographie et les deepfakes au menu<\/p>\n<p>Le minist\u00e8re insiste sur l\u2019importance de ne pas \u00ab\u00a0stigmatiser\u00a0\u00bb ces jeunes, mais de les aider \u00e0 trouver des mod\u00e8les masculins positifs.<\/p>\n<\/p>\n<p>En plus de cours sur la haine en ligne comme la mouvance \u00ab\u00a0incel\u00a0\u00bb (des hommes c\u00e9libataires qui reprochent aux femmes d\u2019\u00eatre responsables de leur situation), les \u00e9tablissements devront sensibiliser leurs \u00e9l\u00e8ves aux risques li\u00e9s \u00e0 l\u2019intelligence artificielle et aux \u00ab\u00a0deepfakes\u00a0\u00bb, ainsi qu\u2019aux liens entre <a href=\"https:\/\/www.20minutes.fr\/dossier\/pedopornographie\" class=\"color-ultramarine c-link\" target=\"_blank\" rel=\"noopener\">pornographie<\/a> et misogynie.<\/p>\n<p>Le gouvernement britannique invite coll\u00e8ges et lyc\u00e9es \u00e0 int\u00e9grer ces nouvelles directives d\u00e8s la rentr\u00e9e prochaine, en vue de s\u2019y conformer totalement d\u2019ici septembre\u00a02026. Quelque 54\u00a0% des 11-19 ans au <a href=\"https:\/\/www.20minutes.fr\/monde\/royaume-uni\/\" class=\"color-ultramarine c-link\" target=\"_blank\" rel=\"noopener\">Royaume-Uni<\/a> d\u00e9clarent avoir \u00e9t\u00e9 t\u00e9moins de commentaires sexistes, selon le minist\u00e8re de l\u2019\u00c9ducation.<\/p>\n<p>La s\u00e9rie \u00ab\u00a0Adolescence\u00a0\u00bb en exemple<\/p>\n<p>Le Parti travailliste avait promis, lors de sa campagne victorieuse de\u00a02024, de r\u00e9duire de moiti\u00e9 les violences faites aux femmes et aux filles en dix ans.<\/p>\n<p>Plus t\u00f4t cette ann\u00e9e, le Premier ministre Keir Starmer a annonc\u00e9 que la s\u00e9rie Netflix \u00ab\u00a0<a href=\"https:\/\/www.20minutes.fr\/arts-stars\/serie\/4144482-20250320-adolescence-netflix-devoile-making-of-serie-numero-1-france\" class=\"color-ultramarine c-link\" target=\"_blank\" rel=\"noopener\">Adolescence<\/a>\u00a0\u00bb, qui traite des ravages des contenus masculinistes des r\u00e9seaux sociaux sur les plus jeunes, sera diffus\u00e9e dans les \u00e9coles.<\/p>\n<p>Il a plus largement appel\u00e9 \u00e0 un d\u00e9bat sur les moyens d&rsquo;\u00a0 \u00ab emp\u00eacher que les jeunes gar\u00e7ons soient entra\u00een\u00e9s dans un tourbillon de haine et de misogynie\u00a0\u00bb.<\/p>\n<p>L\u2019\u00e9ducation \u00e0 la vie affective et \u00e0 la sexualit\u00e9 encore peu enseign\u00e9e en France<\/p>\n<p>En France, la ministre de l\u2019\u00c9ducation, <a href=\"https:\/\/www.20minutes.fr\/politique\/elisabeth-borne\/\" class=\"color-ultramarine c-link\" target=\"_blank\" rel=\"noopener\">Elisabeth Borne<\/a> a \u00e9galement annonc\u00e9 d\u00e9but juin que la s\u00e9rie sera propos\u00e9e comme support p\u00e9dagogique au coll\u00e8ge.<\/p>\n<p>Obligatoire en France depuis\u00a02001, l\u2019\u00e9ducation \u00e0 la vie affective et \u00e0 la sexualit\u00e9 est dans les faits peu enseign\u00e9e au grand dam de ses d\u00e9fenseurs qui y voient un outil crucial de lutte contre les violences sexistes et sexuelles.<\/p>\n","protected":false},"excerpt":{"rendered":"Le respect s\u2019apprend d\u00e8s le plus jeune \u00e2ge. Aussi, des cours pour lutter contre la misogynie seront obligatoires&hellip;\n","protected":false},"author":2,"featured_media":252850,"comment_status":"","ping_status":"","sticky":false,"template":"","format":"standard","meta":{"footnotes":""},"categories":[1588],"tags":[47,11,1124,1057,8054,5757,9614,1777,674,5072,2633,30301,74,127,12,473,1853,104,1851,1850,1852],"class_list":{"0":"post-252849","1":"post","2":"type-post","3":"status-publish","4":"format-standard","5":"has-post-thumbnail","7":"category-royaume-uni","8":"tag-actualite","9":"tag-actualites","10":"tag-college","11":"tag-education","12":"tag-egalite-homme-femme","13":"tag-elisabeth-borne","14":"tag-enseignement","15":"tag-eu","16":"tag-europe","17":"tag-grande-bretagne","18":"tag-lycee","19":"tag-misogynie","20":"tag-monde","21":"tag-netflix","22":"tag-news","23":"tag-royaume-uni","24":"tag-royaume-uni-de-grande-bretagne-et-dirlande-du-nord","25":"tag-societe","26":"tag-uk","27":"tag-united-kingdom","28":"tag-united-kingdom-of-great-britain-and-northern-ireland"},"share_on_mastodon":{"url":"https:\/\/pubeurope.com\/@fr\/114866321062475873","error":""},"_links":{"self":[{"href":"https:\/\/www.europesays.com\/fr\/wp-json\/wp\/v2\/posts\/252849","targetHints":{"allow":["GET"]}}],"collection":[{"href":"https:\/\/www.europesays.com\/fr\/wp-json\/wp\/v2\/posts"}],"about":[{"href":"https:\/\/www.europesays.com\/fr\/wp-json\/wp\/v2\/types\/post"}],"author":[{"embeddable":true,"href":"https:\/\/www.europesays.com\/fr\/wp-json\/wp\/v2\/users\/2"}],"replies":[{"embeddable":true,"href":"https:\/\/www.europesays.com\/fr\/wp-json\/wp\/v2\/comments?post=252849"}],"version-history":[{"count":0,"href":"https:\/\/www.europesays.com\/fr\/wp-json\/wp\/v2\/posts\/252849\/revisions"}],"wp:featuredmedia":[{"embeddable":true,"href":"https:\/\/www.europesays.com\/fr\/wp-json\/wp\/v2\/media\/252850"}],"wp:attachment":[{"href":"https:\/\/www.europesays.com\/fr\/wp-json\/wp\/v2\/media?parent=252849"}],"wp:term":[{"taxonomy":"category","embeddable":true,"href":"https:\/\/www.europesays.com\/fr\/wp-json\/wp\/v2\/categories?post=252849"},{"taxonomy":"post_tag","embeddable":true,"href":"https:\/\/www.europesays.com\/fr\/wp-json\/wp\/v2\/tags?post=252849"}],"curies":[{"name":"wp","href":"https:\/\/api.w.org\/{rel}","templated":true}]}}