{"id":252851,"date":"2025-07-17T02:55:13","date_gmt":"2025-07-17T02:55:13","guid":{"rendered":"https:\/\/www.europesays.com\/fr\/252851\/"},"modified":"2025-07-17T02:55:13","modified_gmt":"2025-07-17T02:55:13","slug":"multimedia-le-chancelier-allemand-souligne-la-volonte-de-lue-de-repliquer-aux-droits-de-douane-americains-xinhua","status":"publish","type":"post","link":"https:\/\/www.europesays.com\/fr\/252851\/","title":{"rendered":"(Multim\u00e9dia) Le chancelier allemand souligne la volont\u00e9 de l&rsquo;UE de r\u00e9pliquer aux droits de douane am\u00e9ricains &#8211; Xinhua"},"content":{"rendered":"<p><img decoding=\"async\" controls=\"controls\" src=\"https:\/\/www.europesays.com\/fr\/wp-content\/uploads\/2025\/07\/2025071749886651d95046268d2994c2c14b5c14_XxjifrF007003_20250717_CBMFN0A001.JPG\"\/>Le pr\u00e9sident am\u00e9ricain Donald Trump accueille le chancelier allemand Friedrich Merz \u00e0 la Maison Blanche \u00e0 Washington D.C., aux Etats-Unis, le 5 juin 2025. (Xinhua\/Hu Yousong)<\/p>\n<p><strong>Le chancelier allemand Friedrich Merz a averti mardi que le gouvernement am\u00e9ricain ne devrait pas sous-estimer la volont\u00e9 de l&rsquo;Union europ\u00e9enne (UE) de prendre des mesures similaires en r\u00e9ponse aux droits de douane excessifs.<\/strong><\/p>\n<p>BERLIN, 16 juillet (Xinhua) &#8212; Le chancelier allemand Friedrich Merz a averti mardi que le gouvernement am\u00e9ricain ne devrait pas sous-estimer la volont\u00e9 de l&rsquo;Union europ\u00e9enne (UE) de prendre des mesures similaires en r\u00e9ponse aux droits de douane excessifs.<\/p>\n<p>Lors d&rsquo;une conf\u00e9rence de presse au c\u00f4t\u00e9 du ministre-pr\u00e9sident de Bavi\u00e8re, Markus S\u00f6der, il a indiqu\u00e9 que l&rsquo;UE \u00e9tait pr\u00eate \u00e0 prendre des contre-mesures, mais qu&rsquo;elle esp\u00e9rait toujours r\u00e9soudre le probl\u00e8me par la voie des n\u00e9gociations.<\/p>\n<p>M. Merz a dit rester en contact \u00e9troit avec le pr\u00e9sident am\u00e9ricain Donald Trump et la pr\u00e9sidente de la Commission europ\u00e9enne Ursula von der Leyen, avec l&rsquo;intention de parvenir rapidement \u00e0 une solution pour faciliter le commerce avec les Etats-Unis et r\u00e9tablir des niveaux de droits de douane plus bas.<\/p>\n<p>Il a estim\u00e9 que l&rsquo;UE avait encore le temps de n\u00e9gocier avec les Etats-Unis jusqu&rsquo;\u00e0 la fin du mois de juillet, mais que \u00ab\u00a0cela ne sera pas facile\u00a0\u00bb.<\/p>\n<p>Samedi dernier, M. Trump a annonc\u00e9 que son pays allait imposer des droits de douane de 30% sur les exportations de l&rsquo;UE \u00e0 partir du 1er ao\u00fbt. Mme Von der Leyen a r\u00e9pondu le m\u00eame jour que l&rsquo;UE prendrait des contre-mesures si n\u00e9cessaire.\u25a0<\/p>\n","protected":false},"excerpt":{"rendered":"Le pr\u00e9sident am\u00e9ricain Donald Trump accueille le chancelier allemand Friedrich Merz \u00e0 la Maison Blanche \u00e0 Washington D.C.,&hellip;\n","protected":false},"author":2,"featured_media":252852,"comment_status":"","ping_status":"","sticky":false,"template":"","format":"standard","meta":{"footnotes":""},"categories":[1587],"tags":[11,672,39334,1804,1805,1803,1777,674,1801,12,1802],"class_list":{"0":"post-252851","1":"post","2":"type-post","3":"status-publish","4":"format-standard","5":"has-post-thumbnail","7":"category-allemagne","8":"tag-actualites","9":"tag-allemagne","10":"tag-allemagne-usa-tarifs","11":"tag-bundesrepublik-deutschland","12":"tag-de","13":"tag-deutschland","14":"tag-eu","15":"tag-europe","16":"tag-germany","17":"tag-news","18":"tag-republique-federale-dallemagne"},"share_on_mastodon":{"url":"https:\/\/pubeurope.com\/@fr\/114866325040763010","error":""},"_links":{"self":[{"href":"https:\/\/www.europesays.com\/fr\/wp-json\/wp\/v2\/posts\/252851","targetHints":{"allow":["GET"]}}],"collection":[{"href":"https:\/\/www.europesays.com\/fr\/wp-json\/wp\/v2\/posts"}],"about":[{"href":"https:\/\/www.europesays.com\/fr\/wp-json\/wp\/v2\/types\/post"}],"author":[{"embeddable":true,"href":"https:\/\/www.europesays.com\/fr\/wp-json\/wp\/v2\/users\/2"}],"replies":[{"embeddable":true,"href":"https:\/\/www.europesays.com\/fr\/wp-json\/wp\/v2\/comments?post=252851"}],"version-history":[{"count":0,"href":"https:\/\/www.europesays.com\/fr\/wp-json\/wp\/v2\/posts\/252851\/revisions"}],"wp:featuredmedia":[{"embeddable":true,"href":"https:\/\/www.europesays.com\/fr\/wp-json\/wp\/v2\/media\/252852"}],"wp:attachment":[{"href":"https:\/\/www.europesays.com\/fr\/wp-json\/wp\/v2\/media?parent=252851"}],"wp:term":[{"taxonomy":"category","embeddable":true,"href":"https:\/\/www.europesays.com\/fr\/wp-json\/wp\/v2\/categories?post=252851"},{"taxonomy":"post_tag","embeddable":true,"href":"https:\/\/www.europesays.com\/fr\/wp-json\/wp\/v2\/tags?post=252851"}],"curies":[{"name":"wp","href":"https:\/\/api.w.org\/{rel}","templated":true}]}}