{"id":252860,"date":"2025-07-17T03:00:12","date_gmt":"2025-07-17T03:00:12","guid":{"rendered":"https:\/\/www.europesays.com\/fr\/252860\/"},"modified":"2025-07-17T03:00:12","modified_gmt":"2025-07-17T03:00:12","slug":"tour-de-france-a-quelle-heure-et-sur-quelle-chaine-tv-suivre-la-12e-etape-entre-auch-et-hautacam","status":"publish","type":"post","link":"https:\/\/www.europesays.com\/fr\/252860\/","title":{"rendered":"Tour de France\u00a0: \u00e0 quelle heure et sur quelle cha\u00eene TV suivre la 12e \u00e9tape entre Auch et Hautacam\u00a0?"},"content":{"rendered":"<p class=\"paragraph text_align_left lp-f-body-02\">\u00c7a risque d\u2019attaquer s\u00e9v\u00e8re ! Pour la premi\u00e8re fois dans ce Tour de France, le peloton<a href=\"https:\/\/www.leparisien.fr\/sports\/cyclisme\/tour-de-france\/tour-de-france-2025-le-parcours-et-le-profil-de-la-letape-12-entre-auch-et-hautacam-02-07-2025-RBGHD6B46ND65H6AZ3N2OFDCN4.php\" target=\"_self\" rel=\"nofollow noopener\"> s\u2019attaquera \u00e0 de la haute montagne<\/a> ce jeudi 17 juillet entre Auch et Hautacam (180,6 km).<\/p>\n<p class=\"paragraph text_align_left lp-f-body-02\">Apr\u00e8s une portion plate pendant une centaine de kilom\u00e8tres, les grimpeurs pourront se mettre en \u00e9vidence dans la c\u00f4te de Labatmale, class\u00e9 en quatri\u00e8me cat\u00e9gorie, avant un final en apoth\u00e9ose avec deux mythes de la Grande Boucle : le col du Soulor (11,8 km \u00e0 7,3 %), puis les pentes d\u2019Hautacam (13,5 km \u00e0 7,8 %).<\/p>\n<p class=\"paragraph text_align_left lp-f-body-02\">Les favoris du g\u00e9n\u00e9ral, <a href=\"https:\/\/www.leparisien.fr\/sports\/cyclisme\/tour-de-france\/tour-de-france-tadej-pogacar-des-victoires-dingues-et-des-chiffres-fous-08-07-2025-DME7JPEZYZGLNG5WVGHF445OPA.php\" target=\"_self\" rel=\"nofollow noopener\">Tadej Pogacar<\/a>, Jonas Vingegaard ou encore Remco Evenepoel devraient commencer \u00e0 s\u2019expliquer dans les Pyr\u00e9n\u00e9es.<\/p>\n<p class=\"paragraph text_align_left lp-f-body-02\"><b>La 12e \u00e9tape entre Auch et Hautacam, ce jeudi 17 juillet, sera \u00e0 suivre \u00e0 partir de 12h55 sur les antennes de France T\u00e9l\u00e9visions (France 2 et France 3) et Eurosport 1 ainsi qu\u2019en direct comment\u00e9 sur notre site <\/b><a href=\"https:\/\/www.leparisien.fr\/\" target=\"_self\" rel=\"nofollow noopener\"><b>leparisien.fr<\/b><\/a><b>.<\/b><\/p>\n","protected":false},"excerpt":{"rendered":"\u00c7a risque d\u2019attaquer s\u00e9v\u00e8re ! Pour la premi\u00e8re fois dans ce Tour de France, le peloton s\u2019attaquera \u00e0&hellip;\n","protected":false},"author":2,"featured_media":252861,"comment_status":"","ping_status":"","sticky":false,"template":"","format":"standard","meta":{"footnotes":""},"categories":[4],"tags":[11,207,1011,27,12,25,60,210],"class_list":{"0":"post-252860","1":"post","2":"type-post","3":"status-publish","4":"format-standard","5":"has-post-thumbnail","7":"category-france","8":"tag-actualites","9":"tag-cyclisme","10":"tag-fr","11":"tag-france","12":"tag-news","13":"tag-republique-francaise","14":"tag-sports","15":"tag-tour-de-france"},"share_on_mastodon":{"url":"https:\/\/pubeurope.com\/@fr\/114866344630758121","error":""},"_links":{"self":[{"href":"https:\/\/www.europesays.com\/fr\/wp-json\/wp\/v2\/posts\/252860","targetHints":{"allow":["GET"]}}],"collection":[{"href":"https:\/\/www.europesays.com\/fr\/wp-json\/wp\/v2\/posts"}],"about":[{"href":"https:\/\/www.europesays.com\/fr\/wp-json\/wp\/v2\/types\/post"}],"author":[{"embeddable":true,"href":"https:\/\/www.europesays.com\/fr\/wp-json\/wp\/v2\/users\/2"}],"replies":[{"embeddable":true,"href":"https:\/\/www.europesays.com\/fr\/wp-json\/wp\/v2\/comments?post=252860"}],"version-history":[{"count":0,"href":"https:\/\/www.europesays.com\/fr\/wp-json\/wp\/v2\/posts\/252860\/revisions"}],"wp:featuredmedia":[{"embeddable":true,"href":"https:\/\/www.europesays.com\/fr\/wp-json\/wp\/v2\/media\/252861"}],"wp:attachment":[{"href":"https:\/\/www.europesays.com\/fr\/wp-json\/wp\/v2\/media?parent=252860"}],"wp:term":[{"taxonomy":"category","embeddable":true,"href":"https:\/\/www.europesays.com\/fr\/wp-json\/wp\/v2\/categories?post=252860"},{"taxonomy":"post_tag","embeddable":true,"href":"https:\/\/www.europesays.com\/fr\/wp-json\/wp\/v2\/tags?post=252860"}],"curies":[{"name":"wp","href":"https:\/\/api.w.org\/{rel}","templated":true}]}}