{"id":252862,"date":"2025-07-17T03:01:20","date_gmt":"2025-07-17T03:01:20","guid":{"rendered":"https:\/\/www.europesays.com\/fr\/252862\/"},"modified":"2025-07-17T03:01:20","modified_gmt":"2025-07-17T03:01:20","slug":"championnats-de-france-par-equipes-u16-saint-cloud-et-saint-nom-titres","status":"publish","type":"post","link":"https:\/\/www.europesays.com\/fr\/252862\/","title":{"rendered":"Championnats de France par \u00e9quipes U16\u00a0: Saint-Cloud et Saint-Nom titr\u00e9s"},"content":{"rendered":"<p>Le lundi f\u00e9ri\u00e9 du 14 juillet \u00e9tait l&rsquo;occasion de disputer les finales dans les diff\u00e9rentes divisions U16 Filles et Gar\u00e7ons, notamment les premi\u00e8res pour attribuer les titres nationaux.<\/p>\n<p>La premi\u00e8re division Filles \u00e9voluait ainsi au <strong>golf des Bordes<\/strong>, en Sologne, ce qui a donn\u00e9 l&rsquo;occasion d&rsquo;une confrontation entre <strong>Saint-Cloud <\/strong>et <strong>Aix-Marseille <\/strong>en finale. Dans une formule comprenant un foursome et deux simples, les Clodoaldiennes ont pris la main par la large victoire de <strong>Sixtine Charnelet <\/strong>et <strong>Romane Besnard <\/strong>dans le double, m\u00eame si <strong>Mila Tamisier <\/strong>a ramen\u00e9 les Proven\u00e7ales \u00e0 hauteur. Tout s&rsquo;est jou\u00e9 dans le duel entre <strong>Tiffany Kong-A-Siou <\/strong>et <strong>Alice Nguyen Wilbal<\/strong>, remport\u00e9 par la premi\u00e8re pour le plus grand bonheur du club francilien. Saint-Cloud remporte ainsi le <strong>troph\u00e9e Brigitte Varangot<\/strong>.<\/p>\n","protected":false},"excerpt":{"rendered":"Le lundi f\u00e9ri\u00e9 du 14 juillet \u00e9tait l&rsquo;occasion de disputer les finales dans les diff\u00e9rentes divisions U16 Filles&hellip;\n","protected":false},"author":2,"featured_media":252863,"comment_status":"","ping_status":"","sticky":false,"template":"","format":"standard","meta":{"footnotes":""},"categories":[1418],"tags":[1011,27,1472,60],"class_list":{"0":"post-252862","1":"post","2":"type-post","3":"status-publish","4":"format-standard","5":"has-post-thumbnail","7":"category-golf","8":"tag-fr","9":"tag-france","10":"tag-golf","11":"tag-sports"},"share_on_mastodon":{"url":"https:\/\/pubeurope.com\/@fr\/114866348520584103","error":""},"_links":{"self":[{"href":"https:\/\/www.europesays.com\/fr\/wp-json\/wp\/v2\/posts\/252862","targetHints":{"allow":["GET"]}}],"collection":[{"href":"https:\/\/www.europesays.com\/fr\/wp-json\/wp\/v2\/posts"}],"about":[{"href":"https:\/\/www.europesays.com\/fr\/wp-json\/wp\/v2\/types\/post"}],"author":[{"embeddable":true,"href":"https:\/\/www.europesays.com\/fr\/wp-json\/wp\/v2\/users\/2"}],"replies":[{"embeddable":true,"href":"https:\/\/www.europesays.com\/fr\/wp-json\/wp\/v2\/comments?post=252862"}],"version-history":[{"count":0,"href":"https:\/\/www.europesays.com\/fr\/wp-json\/wp\/v2\/posts\/252862\/revisions"}],"wp:featuredmedia":[{"embeddable":true,"href":"https:\/\/www.europesays.com\/fr\/wp-json\/wp\/v2\/media\/252863"}],"wp:attachment":[{"href":"https:\/\/www.europesays.com\/fr\/wp-json\/wp\/v2\/media?parent=252862"}],"wp:term":[{"taxonomy":"category","embeddable":true,"href":"https:\/\/www.europesays.com\/fr\/wp-json\/wp\/v2\/categories?post=252862"},{"taxonomy":"post_tag","embeddable":true,"href":"https:\/\/www.europesays.com\/fr\/wp-json\/wp\/v2\/tags?post=252862"}],"curies":[{"name":"wp","href":"https:\/\/api.w.org\/{rel}","templated":true}]}}