{"id":252864,"date":"2025-07-17T03:03:10","date_gmt":"2025-07-17T03:03:10","guid":{"rendered":"https:\/\/www.europesays.com\/fr\/252864\/"},"modified":"2025-07-17T03:03:10","modified_gmt":"2025-07-17T03:03:10","slug":"pourquoi-france-u20-a-interet-a-finir-3e-de-la-coupe-du-monde","status":"publish","type":"post","link":"https:\/\/www.europesays.com\/fr\/252864\/","title":{"rendered":"Pourquoi France U20 a int\u00e9r\u00eat \u00e0 finir 3e de la Coupe du monde"},"content":{"rendered":"<p>            Par<br \/>\n        <strong><br \/>\n            <a href=\"https:\/\/actu.fr\/auteur\/clement-mazella\" title=\"Consulter tous les articles de Cl\u00e9ment Mazella\" rel=\"nofollow noopener\" target=\"_blank\">Cl\u00e9ment Mazella<\/a><br \/>\n        <\/strong><\/p>\n<p>        Publi\u00e9 le<\/p>\n<p>            16 juil. 2025 \u00e0 17h57        <\/p>\n<p>\u00ab\u00a0C\u2019\u00e9tait dur de revoir cette demi-finale mercredi matin\u00a0\u00bb. L\u2019aveu est sign\u00e9 <a href=\"https:\/\/actu.fr\/sports\/rugby\/xv-de-france\/france-u20-mon-pere-me-donne-beaucoup-de-conseils-c-est-une-force-pour-moi_62268622.html\" rel=\"nofollow noopener\" target=\"_blank\">Baptiste Tilloles<\/a>. Et on compatit tr\u00e8s sinc\u00e8rement avec les joueurs de <strong>France U20<\/strong>, <a href=\"https:\/\/actu.fr\/sports\/rugby\/xv-de-france\/cela-n-a-pas-voulu-le-faire-pour-nous-l-immense-tristesse-de-france-u20-tombee-en-demi-finale_62910419.html\" rel=\"nofollow noopener\" target=\"_blank\">battus en demi-finale<\/a> lundi dernier par les Baby Blacks (26-34), \u00e0 l\u2019efficacit\u00e9 folle malgr\u00e9 un physique rapidement entam\u00e9. La d\u00e9ception \u00e9vacu\u00e9e, les Bleuets ont d\u00e9sormais une mission : <strong>aller chercher la 3e place<\/strong> face \u00e0 l\u2019Argentine. Une place que les hommes de C\u00e9dric Laborde ont plut\u00f4t int\u00e9r\u00eat \u00e0 d\u00e9crocher. Explications.<\/p>\n<p>France U20 : Finir 3e\u00a0<\/p>\n<p class=\" wall-content\">Lundi soir, le vestiaire tricolore \u00e9tait plong\u00e9 dans la peine. Les Bleuets ont tout donn\u00e9, ont \u00e9t\u00e9 16 fois dans la zone de marque, mais le r\u00e9alisme les a fuis le jour J. Tr\u00e8s vite, certains joueurs ont pris leurs responsabilit\u00e9s, et se sont adress\u00e9s au groupe. Le mot d\u2019ordre : aller chercher cette 3e place pour \u00ab\u00a0finir sur une bonne note, car ce groupe le m\u00e9rite\u00a0\u00bb.<\/p>\n<p class=\" wall-content\">\u00ab\u00a0Les leaders ou ceux qui \u00e9taient l\u00e0 l\u2019an pass\u00e9 ont su trouver les mots, m\u00eame si c\u2019\u00e9tait difficile \u00e0 chaud. OK, ce n\u2019est pas ce qu\u2019on voulait comme r\u00e9sultat, mais ils ont insist\u00e9 sur le fait qu\u2019on pouvait \u00eatre fier de notre attitude\u00a0\u00bb, d\u00e9voile le n\u00b09 de Bayonne Baptiste Tilloles.<\/p>\n<p class=\" wall-content\">\u00ab\u00a0L\u2019ambiance n\u2019\u00e9tait pas forc\u00e9ment plomb\u00e9e. Car cette Coupe du monde, c\u2019est une belle aventure depuis le d\u00e9but, et nous avons switch\u00e9 bien comme il faut\u00a0\u00bb, appuie Lorencio Boyer-Gallardo.\u00a0<\/p>\n<p>Une 3e place pas anodine<\/p>\n<p class=\" wall-content\">\u00ab\u00a0Nous avons r\u00e9ussi \u00e0 nous remobiliser d\u00e8s le lendemain de la d\u00e9faite contre les Baby Blacks, \u00e0 travailler sur nos points faibles pour switcher et aller chercher cette 3e place\u00a0\u00bb, rajoute le pilier de Perpignan. Quels points faibles ? \u00ab\u00a0On a manqu\u00e9 un peu d\u2019agressivit\u00e9, mais aussi de communication entre les joueurs\u00a0\u00bb, reconna\u00eet le Catalan.<\/p>\n<p class=\" wall-content\">Samedi 19 juillet, les Bleuets retrouveront l\u2019Argentine, qu\u2019ils avaient matraqu\u00e9e en poules (52-26). Et comptez sur les Tricolores pour ne pas finir les mains en haut du guidon. \u00ab\u00a0Ce n\u2019est pas l\u2019objectif que l\u2019on voulait, c\u2019est certain. Mais d\u2019avoir l\u2019opportunit\u00e9 de finir 3e, on ne peut pas y cracher dessus. On a tous envie d\u2019aller la chercher ensemble cette m\u00e9daille\u00a0\u00bb, assure Baptiste Tilloles.\u00a0<\/p>\n<p class=\" wall-content\">Cette 3e place, elle n\u2019est pas anodine. D\u00e9j\u00e0, permettre \u00e0 ce groupe \u00e0 la \u00ab\u00a0belle coh\u00e9sion\u00a0\u00bb de terminer sur du positif. Mais elle a aussi une incidence sur les poules de la Coupe du monde 2026. Celles-ci sont \u00e9tablies en fonction du classement de la Coupe du monde 2025. Et finir 3e permet d\u2019\u00eatre t\u00eate de s\u00e9rie. Sans oublier la gestion interne, comme le choix des h\u00f4tels : plus tu es haut dans le classement, mieux tu es servi. Loin d\u2019\u00eatre n\u00e9gligeable.<\/p>\n<p class=\" wall-content\">Suivez toute l\u2019actualit\u00e9 de vos villes et m\u00e9dias favoris en vous inscrivant \u00e0 <a href=\"https:\/\/moncompte.actu.fr\" title=\"D\u00e9couvez Mon Actu\" rel=\"nofollow noopener\" data-trk=\"{&quot;cta&quot;:{&quot;action&quot;:&quot;https:\\\/\\\/moncompte.actu.fr&quot;,&quot;category&quot;:&quot;mon compte&quot;,&quot;from&quot;:&quot;article footer&quot;,&quot;name&quot;:&quot;Mon actu&quot;,&quot;type&quot;:&quot;cta&quot;}}\" target=\"_blank\">Mon Actu<\/a>.<\/p>\n<ul class=\"ac-article-tag wall-content\">\n<li><a href=\"https:\/\/actu.fr\/tag\/coupe-du-monde\" data-trk=\"{&quot;cta&quot;:{&quot;action&quot;:&quot;Coupe du monde&quot;,&quot;category&quot;:&quot;tag&quot;,&quot;from&quot;:&quot;article footer&quot;,&quot;name&quot;:&quot;Coupe du monde&quot;,&quot;type&quot;:&quot;cta&quot;}}\" rel=\"nofollow noopener\" target=\"_blank\">#Coupe du monde<\/a><\/li>\n<li><a href=\"https:\/\/actu.fr\/tag\/xv-de-france\" data-trk=\"{&quot;cta&quot;:{&quot;action&quot;:&quot;XV de France&quot;,&quot;category&quot;:&quot;tag&quot;,&quot;from&quot;:&quot;article footer&quot;,&quot;name&quot;:&quot;XV de France&quot;,&quot;type&quot;:&quot;cta&quot;}}\" rel=\"nofollow noopener\" target=\"_blank\">#XV de France<\/a><\/li>\n<\/ul>\n","protected":false},"excerpt":{"rendered":"Par Cl\u00e9ment Mazella Publi\u00e9 le 16 juil. 2025 \u00e0 17h57 \u00ab\u00a0C\u2019\u00e9tait dur de revoir cette demi-finale mercredi matin\u00a0\u00bb.&hellip;\n","protected":false},"author":2,"featured_media":252865,"comment_status":"","ping_status":"","sticky":false,"template":"","format":"standard","meta":{"footnotes":""},"categories":[1416],"tags":[451,1011,27,479,1468,60,513],"class_list":{"0":"post-252864","1":"post","2":"type-post","3":"status-publish","4":"format-standard","5":"has-post-thumbnail","7":"category-rugby","8":"tag-coupe-du-monde","9":"tag-fr","10":"tag-france","11":"tag-rugby","12":"tag-rugby-football","13":"tag-sports","14":"tag-xv-de-france"},"share_on_mastodon":{"url":"https:\/\/pubeurope.com\/@fr\/114866356419475153","error":""},"_links":{"self":[{"href":"https:\/\/www.europesays.com\/fr\/wp-json\/wp\/v2\/posts\/252864","targetHints":{"allow":["GET"]}}],"collection":[{"href":"https:\/\/www.europesays.com\/fr\/wp-json\/wp\/v2\/posts"}],"about":[{"href":"https:\/\/www.europesays.com\/fr\/wp-json\/wp\/v2\/types\/post"}],"author":[{"embeddable":true,"href":"https:\/\/www.europesays.com\/fr\/wp-json\/wp\/v2\/users\/2"}],"replies":[{"embeddable":true,"href":"https:\/\/www.europesays.com\/fr\/wp-json\/wp\/v2\/comments?post=252864"}],"version-history":[{"count":0,"href":"https:\/\/www.europesays.com\/fr\/wp-json\/wp\/v2\/posts\/252864\/revisions"}],"wp:featuredmedia":[{"embeddable":true,"href":"https:\/\/www.europesays.com\/fr\/wp-json\/wp\/v2\/media\/252865"}],"wp:attachment":[{"href":"https:\/\/www.europesays.com\/fr\/wp-json\/wp\/v2\/media?parent=252864"}],"wp:term":[{"taxonomy":"category","embeddable":true,"href":"https:\/\/www.europesays.com\/fr\/wp-json\/wp\/v2\/categories?post=252864"},{"taxonomy":"post_tag","embeddable":true,"href":"https:\/\/www.europesays.com\/fr\/wp-json\/wp\/v2\/tags?post=252864"}],"curies":[{"name":"wp","href":"https:\/\/api.w.org\/{rel}","templated":true}]}}