{"id":252868,"date":"2025-07-17T03:05:22","date_gmt":"2025-07-17T03:05:22","guid":{"rendered":"https:\/\/www.europesays.com\/fr\/252868\/"},"modified":"2025-07-17T03:05:22","modified_gmt":"2025-07-17T03:05:22","slug":"elu-au-comite-directeur-de-la-federation-ladebiste-corentin-carne-veut-rendre-au-basket-ce-quil-lui-a-donne","status":"publish","type":"post","link":"https:\/\/www.europesays.com\/fr\/252868\/","title":{"rendered":"\u00e9lu au comit\u00e9 directeur de la F\u00e9d\u00e9ration, l\u2019Ad\u00e9biste Corentin Carne veut \u00ab\u00a0rendre au basket\u00a0\u00bb ce qu\u2019il lui a donn\u00e9"},"content":{"rendered":"<p>Ce samedi, la F\u00e9d\u00e9ration fran\u00e7aise de basket-ball va conna\u00eetre le nom de son nouveau pr\u00e9sident, ainsi que la composition du comit\u00e9 directeur pour la prochaine mandature, apr\u00e8s l\u2019assembl\u00e9e g\u00e9n\u00e9rale \u00e9lective. Avant m\u00eame l\u2019annonce des r\u00e9sultats officiels, quelques noms sont d\u2019ores et d\u00e9j\u00e0 connus, dont celui de Corentin Carne, l\u2019arri\u00e8re de l\u2019Adour Dax (N2), qui affronte Saint-M\u00e9dard-en-Jalles (N3) ce vendredi (21\u00a0heures) pour une place en 32es de finale du Troph\u00e9e Coupe de France.<\/p>\n<p>Copr\u00e9sident de la Cahn<\/p>\n<p>L\u2019ancien joueur professionnel pass\u00e9 par Pau, Charleville-M\u00e9zi\u00e8res, Antibes ou encore Aix-Maurienne, \u00e9lu copr\u00e9sident de la commission des athl\u00e8tes de haut niveau (Cahn) de la FFBB, s\u2019est vu confier le droit de si\u00e9ger dans la plus haute instance du basket fran\u00e7ais. Pourtant, il y a quelques mois de \u00e7a, rien ne l\u2019y pr\u00e9destinait. Tout est parti d\u2019un mail. \u00ab\u00a0Pour pouvoir si\u00e9ger dans la commission (cr\u00e9\u00e9e en 2013 \u00e0 la suite d\u2019une loi obligeant les f\u00e9d\u00e9rations fran\u00e7aises \u00e0 d\u00e9tenir une commission de sportifs de haut niveau, NDLR), il faut \u00eatre \u00e9ligible, c\u2019est-\u00e0-dire avoir \u00e9t\u00e9 sur la liste de sportifs de haut niveau de minist\u00e8re des Sport entre 2017 et cette ann\u00e9e. C\u2019est mon cas. Nous avons re\u00e7u un mail et \u00e7a m\u2019int\u00e9ressait. Je me suis donc pr\u00e9sent\u00e9 cet \u00e9t\u00e9\u00a0\u00bb, explique l\u2019heureux \u00e9lu.<\/p>\n<p>Aux c\u00f4t\u00e9s des anciennes internationales fran\u00e7aises Sarah Michel-Boury, Endy Miyem, Perrine Le Leuch et son ancien co\u00e9quipier au P\u00f4le Espoirs de Mont-de-Marsan Charly Pontens, l\u2019Ad\u00e9biste aura pour mission \u00ab\u00a0de recenser les besoins et les difficult\u00e9s des athl\u00e8tes de la discipline dans le but de promouvoir leurs int\u00e9r\u00eats aupr\u00e8s des instances dirigeantes\u00a0\u00bb, explique la f\u00e9d\u00e9ration. \u00ab\u00a0Je ne sais trop \u00e0 quoi m\u2019attendre car c\u2019est tout nouveau. On part d\u2019une page blanche. Ma volont\u00e9 est de d\u00e9couvrir toutes ces instances et rendre au basket tout ce qu\u2019il m\u2019a donn\u00e9 au cours de ma carri\u00e8re\u00a0\u00bb. La commission se r\u00e9unira pour la premi\u00e8re fois au mois de janvier. \u00ab\u00a0On sait que beaucoup de chantiers peuvent \u00eatre mis en place\u00a0\u00bb dont celui du \u00ab\u00a0statut des sportifs de haut niveau\u00a0\u00bb. Si les sujets sont vastes, les convictions sont certaines. \u00ab\u00a0L\u2019id\u00e9e est de repr\u00e9senter le plus de monde possible et ne pas se cantonner \u00e0 nos connaissances.\u00a0\u00bb<\/p>\n<p>    Le match<br \/>\nPour l\u2019heure, avant de s\u2019envoler pour Paris ce samedi dans la matin\u00e9e, Corentin Carne a une qualification \u00e0 aller chercher pour les 32e de finale du Troph\u00e9e Coupe de France avec l\u2019Adour Dax sur le parquet de Saint-M\u00e9dard-en-Jalles (N3), tombeur du GAB au tour pr\u00e9c\u00e9dent. \u00ab\u00a0C\u2019est un d\u00e9placement p\u00e9rilleux chez une \u00e9quipe dans le haut de tableau de son championnat. Elle a une raquette XXL avec des joueurs r\u00e9f\u00e9renc\u00e9s, des ext\u00e9rieurs qui ont clairement un niveau de N2.\u00a0\u00bb Mais l\u2019ADB est pr\u00eat. \u00ab\u00a0Avec l\u2019\u00e9limination en Coupe des Landes, cette comp\u00e9tition est importante pour nous, donc on s\u2019est pr\u00e9par\u00e9 comme un match de championnat et on y va pour gagner et continuer notre chemin sur la lanc\u00e9e de nos deux derniers matchs contre le GAB et aux JSA, qui ont \u00e9t\u00e9 deux belles performances.\u00a0\u00bb L\u2019objectif\u00a0: \u00ab\u00a0gagner\u00a0\u00bb et continuer \u00e0 r\u00eaver tout doucement \u00e0 2025.<\/p>\n<p>    Saint-M\u00e9dard-en-Jalles (N3, +\u00a07) &#8211; Adour Dax (N2)<br \/>\n<strong>Lieu<\/strong> Saint-M\u00e9dard-en-Jalles. <strong>Horaire<\/strong> Ce vendredi, \u00e0 21\u00a0heures. <strong>Arbitres<\/strong> MM. Cazenave et Koukou-Te.<br \/><strong>ADOUR DAX Le groupe<\/strong> Lageyre, S.\u00a0Dulouat, J.\u00a0Dulouat, Lifermann, Carne, D.\u00a0Dulouat, Mansar\u00e9, Gardesse, Ramassamy.<\/p>\n","protected":false},"excerpt":{"rendered":"Ce samedi, la F\u00e9d\u00e9ration fran\u00e7aise de basket-ball va conna\u00eetre le nom de son nouveau pr\u00e9sident, ainsi que la&hellip;\n","protected":false},"author":2,"featured_media":252869,"comment_status":"","ping_status":"","sticky":false,"template":"","format":"standard","meta":{"footnotes":""},"categories":[1414],"tags":[1465,1464,1011,27,60],"class_list":{"0":"post-252868","1":"post","2":"type-post","3":"status-publish","4":"format-standard","5":"has-post-thumbnail","7":"category-basket","8":"tag-basket","9":"tag-basketball","10":"tag-fr","11":"tag-france","12":"tag-sports"},"share_on_mastodon":{"url":"https:\/\/pubeurope.com\/@fr\/114866364260729808","error":""},"_links":{"self":[{"href":"https:\/\/www.europesays.com\/fr\/wp-json\/wp\/v2\/posts\/252868","targetHints":{"allow":["GET"]}}],"collection":[{"href":"https:\/\/www.europesays.com\/fr\/wp-json\/wp\/v2\/posts"}],"about":[{"href":"https:\/\/www.europesays.com\/fr\/wp-json\/wp\/v2\/types\/post"}],"author":[{"embeddable":true,"href":"https:\/\/www.europesays.com\/fr\/wp-json\/wp\/v2\/users\/2"}],"replies":[{"embeddable":true,"href":"https:\/\/www.europesays.com\/fr\/wp-json\/wp\/v2\/comments?post=252868"}],"version-history":[{"count":0,"href":"https:\/\/www.europesays.com\/fr\/wp-json\/wp\/v2\/posts\/252868\/revisions"}],"wp:featuredmedia":[{"embeddable":true,"href":"https:\/\/www.europesays.com\/fr\/wp-json\/wp\/v2\/media\/252869"}],"wp:attachment":[{"href":"https:\/\/www.europesays.com\/fr\/wp-json\/wp\/v2\/media?parent=252868"}],"wp:term":[{"taxonomy":"category","embeddable":true,"href":"https:\/\/www.europesays.com\/fr\/wp-json\/wp\/v2\/categories?post=252868"},{"taxonomy":"post_tag","embeddable":true,"href":"https:\/\/www.europesays.com\/fr\/wp-json\/wp\/v2\/tags?post=252868"}],"curies":[{"name":"wp","href":"https:\/\/api.w.org\/{rel}","templated":true}]}}