{"id":252870,"date":"2025-07-17T03:06:11","date_gmt":"2025-07-17T03:06:11","guid":{"rendered":"https:\/\/www.europesays.com\/fr\/252870\/"},"modified":"2025-07-17T03:06:11","modified_gmt":"2025-07-17T03:06:11","slug":"joyeux-anniversaire-johann-zarco","status":"publish","type":"post","link":"https:\/\/www.europesays.com\/fr\/252870\/","title":{"rendered":"Joyeux anniversaire Johann Zarco !"},"content":{"rendered":"<p>&#13;<\/p>\n<p><strong>N\u00e9 le 16 juillet 1990, Johann Zarco f\u00eate ses 35 ans ce mercredi. Toute la r\u00e9daction souhaite un excellent anniversaire au vainqueur du Grand Prix moto de France 2025 !<\/strong><\/p>\n<p>\u00c0 35 ans, Johann Zarco est le v\u00e9t\u00e9ran du championnat du monde MotoGP, mais aussi l&rsquo;un des pilotes les plus rapides. Il occupe la septi\u00e8me place du classement g\u00e9n\u00e9ral \u00e0 la mi-saison, et figure de loin comme le meilleur pilote Honda.<\/p>\n<p>&#13;<br \/>\n           &#13;<br \/>\n&#13;<br \/>\n    &#13;<br \/>\n    &#13;<\/p>\n","protected":false},"excerpt":{"rendered":"&#13; N\u00e9 le 16 juillet 1990, Johann Zarco f\u00eate ses 35 ans ce mercredi. Toute la r\u00e9daction souhaite&hellip;\n","protected":false},"author":2,"featured_media":252871,"comment_status":"","ping_status":"","sticky":false,"template":"","format":"standard","meta":{"footnotes":""},"categories":[1413],"tags":[1011,27,1457,1456,60],"class_list":{"0":"post-252870","1":"post","2":"type-post","3":"status-publish","4":"format-standard","5":"has-post-thumbnail","7":"category-moto","8":"tag-fr","9":"tag-france","10":"tag-moto","11":"tag-motocycle","12":"tag-sports"},"share_on_mastodon":{"url":"https:\/\/pubeurope.com\/@fr\/114866368309300522","error":""},"_links":{"self":[{"href":"https:\/\/www.europesays.com\/fr\/wp-json\/wp\/v2\/posts\/252870","targetHints":{"allow":["GET"]}}],"collection":[{"href":"https:\/\/www.europesays.com\/fr\/wp-json\/wp\/v2\/posts"}],"about":[{"href":"https:\/\/www.europesays.com\/fr\/wp-json\/wp\/v2\/types\/post"}],"author":[{"embeddable":true,"href":"https:\/\/www.europesays.com\/fr\/wp-json\/wp\/v2\/users\/2"}],"replies":[{"embeddable":true,"href":"https:\/\/www.europesays.com\/fr\/wp-json\/wp\/v2\/comments?post=252870"}],"version-history":[{"count":0,"href":"https:\/\/www.europesays.com\/fr\/wp-json\/wp\/v2\/posts\/252870\/revisions"}],"wp:featuredmedia":[{"embeddable":true,"href":"https:\/\/www.europesays.com\/fr\/wp-json\/wp\/v2\/media\/252871"}],"wp:attachment":[{"href":"https:\/\/www.europesays.com\/fr\/wp-json\/wp\/v2\/media?parent=252870"}],"wp:term":[{"taxonomy":"category","embeddable":true,"href":"https:\/\/www.europesays.com\/fr\/wp-json\/wp\/v2\/categories?post=252870"},{"taxonomy":"post_tag","embeddable":true,"href":"https:\/\/www.europesays.com\/fr\/wp-json\/wp\/v2\/tags?post=252870"}],"curies":[{"name":"wp","href":"https:\/\/api.w.org\/{rel}","templated":true}]}}