{"id":252879,"date":"2025-07-17T03:11:15","date_gmt":"2025-07-17T03:11:15","guid":{"rendered":"https:\/\/www.europesays.com\/fr\/252879\/"},"modified":"2025-07-17T03:11:15","modified_gmt":"2025-07-17T03:11:15","slug":"on-essaye-dapporter-quelque-chose-aux-gens-cet-artiste-anime-les-murs-pour-delivrer-des-messages-de-paix-et-dunite","status":"publish","type":"post","link":"https:\/\/www.europesays.com\/fr\/252879\/","title":{"rendered":"\u00ab\u00a0On essaye d\u2019apporter quelque chose aux gens\u00a0\u00bb\u00a0: cet artiste anime les murs pour d\u00e9livrer des messages de paix et d\u2019unit\u00e9"},"content":{"rendered":"<p>\n                                                                    l&rsquo;essentiel<br \/>\n                                                                Depuis d\u00e9but juillet, la rue Pav\u00e9e de Cransac-les-Thermes s\u2019est dot\u00e9e d\u2019une nouvelle fresque. Sign\u00e9e Arnaud de Jesus Gon\u00e7alves, alias Arkane, elle repr\u00e9sente une jeune femme dans un style m\u00e9di\u00e9val revisit\u00e9. Une \u0153uvre command\u00e9e par Decazeville Communaut\u00e9, qui poursuit le parcours permanent de street art lanc\u00e9 en 2019.\n                            <\/p>\n<p>Avec ses habits d\u2019inspiration m\u00e9di\u00e9vale et son cadrage serr\u00e9, la jeune femme d\u2019Arkane semble veiller sur la ville. Pos\u00e9e de face et le regard lointain, elle s\u2019impose comme une figure protectrice de Cransac-les-Thermes.\u00a0L\u2019artiste montpelli\u00e9rain, de son vrai nom\u00a0Arnaud de Jesus Gon\u00e7alves, r\u00e9alise des fresques depuis une quinzaine d\u2019ann\u00e9es. Cette fois-ci, il explique avoir puis\u00e9 son inspiration dans la\u00a0forme du b\u00e2timent\u00a0: \u00ab\u00a0Quand j\u2019ai vu le mur, \u00e7a m\u2019a rappel\u00e9 une forteresse. Je me suis inspir\u00e9 de \u00e7a, des vieilles b\u00e2tisses autour, de la nature derri\u00e8re. C\u2019\u00e9tait \u00e9vident.\u00a0\u00bb Un d\u00e9clic qui va permettre la naissance d\u2019un portrait, \u00e0 la\u00a0crois\u00e9e du m\u00e9di\u00e9val et du contemporain, avec un m\u00e9lange de symboles et de r\u00e9f\u00e9rences.<\/p>\n<p>        <img decoding=\"async\" class=\"std-img__img responsive-img\" src=\"https:\/\/www.europesays.com\/fr\/wp-content\/uploads\/2025\/07\/1752721874_495_image.jpg\" alt=\"La fresque d\u2019Arnaud de Jesus Gon\u00e7alves.\"\/><\/p>\n<p>                La fresque d\u2019Arnaud de Jesus Gon\u00e7alves.<br \/>\n                                    DDM &#8211; T.W.<\/p>\n<p>Connu pour ses portraits f\u00e9minins, Arkane tire son style d\u2019inspirations diverses\u00a0: peinture classique, photo de mode ou jeux vid\u00e9o\u2026 Mais toujours avec le m\u00eame objectif\u00a0: \u00ab\u00a0Ce que je cherche, c\u2019est que \u00e7a donne envie de lever les yeux, que \u00e7a fasse plaisir aux gens du quartier.\u00a0\u00bb Pour lui, le portrait est un moyen d\u2019y parvenir\u00a0: \u00ab\u00a0C\u2019est une fa\u00e7on de\u00a0parler aux gens, c\u2019est un style qui\u00a0reste accessible. L\u2019id\u00e9e, c\u2019est aussi de faire passer un message de paix et d\u2019amour, sans besoin d\u2019explication.\u00a0\u00bb<\/p>\n<p>Avant de se lancer sur le mur, il a r\u00e9alis\u00e9 une maquette num\u00e9rique en atelier pendant 14 jours. Il lui a ensuite fallu une semaine de travail, entre projection des contours au vid\u00e9oprojecteur, pr\u00e9paration d\u2019un nuancier d\u2019une cinquantaine de teintes, puis peinture. \u00ab\u00a0Je travaille \u00e0 l\u2019acrylique, je trouve \u00e7a plus vivant et plus chaleureux.\u00a0\u00bb<\/p>\n<p>Un art qui rassemble<\/p>\n<p>Install\u00e9e dans une ruelle calme, la fresque s\u2019inscrit dans un parcours qui compte aujourd\u2019hui plus d\u2019une trentaine d\u2019\u0153uvres sur le Bassin decazevillois. \u00ab\u00a0J\u2019ai eu carte blanche, ce qui est toujours valorisant. Quand on m\u2019appelle, c\u2019est qu\u2019on conna\u00eet d\u00e9j\u00e0 mon univers.\u00a0\u00bb<\/p>\n<p>        <img decoding=\"async\" class=\"std-img__img responsive-img\" src=\"https:\/\/www.europesays.com\/fr\/wp-content\/uploads\/2025\/07\/1752721875_552_image.jpg\" alt=\"L\u2019artiste, qui vit \u00e0 Montpellier, a \u00e0 c\u0153ur de mettre en avant les territoires oubli\u00e9s.\"\/><\/p>\n<p>                L\u2019artiste, qui vit \u00e0 Montpellier, a \u00e0 c\u0153ur de mettre en avant les territoires oubli\u00e9s.<br \/>\n                                    DDM &#8211; T.W.<\/p>\n<p>Mais pour l\u2019artiste, le street art est aussi un moyen de cr\u00e9er du lien social\u00a0: \u00ab\u00a0Au d\u00e9but, on le fait pour soi, m\u00eame pas pour les autres. Puis \u00e7a le devient parce que tu peins en ext\u00e9rieur. C\u2019est une mani\u00e8re de rendre les gens heureux, m\u00eame juste le temps de passer devant.\u00a0\u00bb<\/p>\n<p>Arkane a d\u00e9j\u00e0 peint aux quatre coins du monde\u00a0: New York, Belgrade, Mexique\u2026 \u00ab\u00a0\u00c0 23 ans, je suis parti \u00e0 l\u2019aveugle avec deux amis\u00a0\u00e0 New York, sans savoir si \u00e7a allait marcher. Les gens nous prenaient pour des fous, mais on a fini par peindre plusieurs murs et on est reparti avec 1\u00a0000\u00a0dollars\u00a0\u00bb. Une exp\u00e9rience fondatrice\u00a0: \u00ab\u00a0On essaye d\u2019apporter aussi quelque chose aux gens, d\u2019\u00e9gayer des lieux qui ne sont pas toujours valoris\u00e9s.\u00a0\u00bb<\/p>\n","protected":false},"excerpt":{"rendered":"l&rsquo;essentiel Depuis d\u00e9but juillet, la rue Pav\u00e9e de Cransac-les-Thermes s\u2019est dot\u00e9e d\u2019une nouvelle fresque. Sign\u00e9e Arnaud de Jesus&hellip;\n","protected":false},"author":2,"featured_media":252880,"comment_status":"","ping_status":"","sticky":false,"template":"","format":"standard","meta":{"footnotes":""},"categories":[1358],"tags":[1348,1384,1385,1386,58,59,1011,27],"class_list":{"0":"post-252879","1":"post","2":"type-post","3":"status-publish","4":"format-standard","5":"has-post-thumbnail","7":"category-arts-et-design","8":"tag-arts","9":"tag-arts-and-design","10":"tag-arts-et-design","11":"tag-design","12":"tag-divertissement","13":"tag-entertainment","14":"tag-fr","15":"tag-france"},"share_on_mastodon":{"url":"https:\/\/pubeurope.com\/@fr\/114866388139499909","error":""},"_links":{"self":[{"href":"https:\/\/www.europesays.com\/fr\/wp-json\/wp\/v2\/posts\/252879","targetHints":{"allow":["GET"]}}],"collection":[{"href":"https:\/\/www.europesays.com\/fr\/wp-json\/wp\/v2\/posts"}],"about":[{"href":"https:\/\/www.europesays.com\/fr\/wp-json\/wp\/v2\/types\/post"}],"author":[{"embeddable":true,"href":"https:\/\/www.europesays.com\/fr\/wp-json\/wp\/v2\/users\/2"}],"replies":[{"embeddable":true,"href":"https:\/\/www.europesays.com\/fr\/wp-json\/wp\/v2\/comments?post=252879"}],"version-history":[{"count":0,"href":"https:\/\/www.europesays.com\/fr\/wp-json\/wp\/v2\/posts\/252879\/revisions"}],"wp:featuredmedia":[{"embeddable":true,"href":"https:\/\/www.europesays.com\/fr\/wp-json\/wp\/v2\/media\/252880"}],"wp:attachment":[{"href":"https:\/\/www.europesays.com\/fr\/wp-json\/wp\/v2\/media?parent=252879"}],"wp:term":[{"taxonomy":"category","embeddable":true,"href":"https:\/\/www.europesays.com\/fr\/wp-json\/wp\/v2\/categories?post=252879"},{"taxonomy":"post_tag","embeddable":true,"href":"https:\/\/www.europesays.com\/fr\/wp-json\/wp\/v2\/tags?post=252879"}],"curies":[{"name":"wp","href":"https:\/\/api.w.org\/{rel}","templated":true}]}}