{"id":252881,"date":"2025-07-17T03:12:11","date_gmt":"2025-07-17T03:12:11","guid":{"rendered":"https:\/\/www.europesays.com\/fr\/252881\/"},"modified":"2025-07-17T03:12:11","modified_gmt":"2025-07-17T03:12:11","slug":"vosges-a-epinal-comme-le-veut-la-tradition-estivale-le-livre-prend-lair-au-parc-du-chateau","status":"publish","type":"post","link":"https:\/\/www.europesays.com\/fr\/252881\/","title":{"rendered":"Vosges. \u00c0 \u00c9pinal, comme le veut la tradition estivale, le livre prend l\u2019air au parc du ch\u00e2teau"},"content":{"rendered":"<p>C\u2019est une tradition inscrite dans le cadre de la manifestation nationale Partir en livre qui, depuis de nombreuses ann\u00e9es d\u00e9j\u00e0, trouve \u00e9cho dans le r\u00e9seau BMI de l\u2019agglom\u00e9ration d\u2019\u00c9pinal. Apr\u00e8s quelques ann\u00e9es d\u2019un rendez-vous donn\u00e9 au port, c\u2019est depuis quelques \u00e9ditions <a href=\"https:\/\/www.vosgesmatin.fr\/culture-loisirs\/2024\/08\/06\/le-parc-du-chateau-d-epinal-un-emplacement-plebiscite-sur-les-reseaux-sociaux\" target=\"_blank\" rel=\"noopener\">au parc du ch\u00e2teau<\/a> que l\u2019op\u00e9ration Le livre prend l\u2019air s\u2019installe (le mercredi et le samedi jusqu\u2019au 9 ao\u00fbt de 14 h 30 \u00e0 17 h). <\/p>\n<p>Ce contenu est bloqu\u00e9 car vous n&rsquo;avez pas accept\u00e9 les cookies et autres traceurs.<\/p>\n<p>En cliquant sur \u00ab J\u2019accepte \u00bb, les cookies et autres traceurs seront d\u00e9pos\u00e9s et vous pourrez visualiser les contenus  (<a href=\"\" class=\"consentModule_policy\" target=\"_blank\" title=\"Consulter la politique de protection des donn\u00e9es du fournisseur\">plus d&rsquo;informations<\/a>).<\/p>\n<p>En cliquant sur \u00ab J\u2019accepte tous les cookies \u00bb, vous autorisez des d\u00e9p\u00f4ts de cookies et autres traceurs pour le stockage de vos donn\u00e9es sur nos sites et applications \u00e0 des fins de personnalisation et de ciblage publicitaire.<\/p>\n<p class=\"consentModule_secondaryText\">Vous gardez la possibilit\u00e9 de retirer votre consentement \u00e0 tout moment en consultant notre <a href=\"https:\/\/www.vosgesmatin.fr\/protection-des-donnees\" target=\"_blank\" title=\"Consulter notre politique de protection des donn\u00e9es\" rel=\"noopener\">politique de protection des donn\u00e9es<\/a>. <br \/>&#13;<br \/>\n            <a href=\"https:\/\/www.vosgesmatin.fr\/culture-loisirs\/2025\/07\/17\/javascript:Didomi.notice.show()\" class=\"consentModule_cmp\" target=\"_blank\" rel=\"noopener\">G\u00e9rer mes choix<\/a>&#13;\n        <\/p>\n<p>&#13;<br \/>\n                        J&rsquo;accepte&#13;<br \/>\n            J&rsquo;accepte tous les cookies&#13;\n        <\/p>\n<p>  \u00c0 disposition<\/p>\n<p>Une premi\u00e8re journ\u00e9e, sous forme de <a href=\"https:\/\/www.vosgesmatin.fr\/culture-loisirs\/2024\/07\/15\/vosges-epinal-la-bmi-investit-le-parc-du-chateau-cet-ete-avec-le-livre-prend-l-air\" target=\"_blank\" rel=\"noopener\">coup d\u2019envoi de la saison,<\/a> s\u2019est finalement tenue dans les locaux de la BMI (c\u2019est le lieu de repli en cas de mauvais temps) qui trouvera de nouveau \u00e9cho ce samedi. C\u2019est une biblioth\u00e8que en mode estivale qui est propos\u00e9e lors de cette op\u00e9ration o\u00f9 le public, habitu\u00e9 ou de passage, peut profiter de petites tables et de chaises longues pour lire les ouvrages mis \u00e0 disposition : des romans, des magazines, des bandes dessin\u00e9es\u2026 <\/p>\n<p>C\u2019est, aussi, une occasion de rencontrer, d\u2019\u00e9changer et discuter pour tous les lecteurs, qu\u2019ils soient petits ou grands, en solo ou en famille. Le rendez-vous s\u2019accompagne \u00e9galement de diff\u00e9rentes animations et jeux propos\u00e9s autour du petit chalet, install\u00e9 pour l\u2019occasion dans le parc du ch\u00e2teau, \u00e0 proximit\u00e9 du point de d\u00e9part de la tyrolienne (et, toujours, avec repli dans les murs de la BMI en fonction de la m\u00e9t\u00e9o).<\/p>\n","protected":false},"excerpt":{"rendered":"C\u2019est une tradition inscrite dans le cadre de la manifestation nationale Partir en livre qui, depuis de nombreuses&hellip;\n","protected":false},"author":2,"featured_media":252882,"comment_status":"","ping_status":"","sticky":false,"template":"","format":"standard","meta":{"footnotes":""},"categories":[1357],"tags":[1379,1687,58,1796,59,778,19336,107,1011,27,1380,2410,774],"class_list":{"0":"post-252881","1":"post","2":"type-post","3":"status-publish","4":"format-standard","5":"has-post-thumbnail","7":"category-livres","8":"tag-books","9":"tag-culture-loisirs","10":"tag-divertissement","11":"tag-edition-epinal","12":"tag-entertainment","13":"tag-epinal","14":"tag-epinal-ville-88a","15":"tag-fil-info","16":"tag-fr","17":"tag-france","18":"tag-livres","19":"tag-livres-bd","20":"tag-vosges"},"share_on_mastodon":{"url":"https:\/\/pubeurope.com\/@fr\/114866391806871370","error":""},"_links":{"self":[{"href":"https:\/\/www.europesays.com\/fr\/wp-json\/wp\/v2\/posts\/252881","targetHints":{"allow":["GET"]}}],"collection":[{"href":"https:\/\/www.europesays.com\/fr\/wp-json\/wp\/v2\/posts"}],"about":[{"href":"https:\/\/www.europesays.com\/fr\/wp-json\/wp\/v2\/types\/post"}],"author":[{"embeddable":true,"href":"https:\/\/www.europesays.com\/fr\/wp-json\/wp\/v2\/users\/2"}],"replies":[{"embeddable":true,"href":"https:\/\/www.europesays.com\/fr\/wp-json\/wp\/v2\/comments?post=252881"}],"version-history":[{"count":0,"href":"https:\/\/www.europesays.com\/fr\/wp-json\/wp\/v2\/posts\/252881\/revisions"}],"wp:featuredmedia":[{"embeddable":true,"href":"https:\/\/www.europesays.com\/fr\/wp-json\/wp\/v2\/media\/252882"}],"wp:attachment":[{"href":"https:\/\/www.europesays.com\/fr\/wp-json\/wp\/v2\/media?parent=252881"}],"wp:term":[{"taxonomy":"category","embeddable":true,"href":"https:\/\/www.europesays.com\/fr\/wp-json\/wp\/v2\/categories?post=252881"},{"taxonomy":"post_tag","embeddable":true,"href":"https:\/\/www.europesays.com\/fr\/wp-json\/wp\/v2\/tags?post=252881"}],"curies":[{"name":"wp","href":"https:\/\/api.w.org\/{rel}","templated":true}]}}