{"id":252883,"date":"2025-07-17T03:13:28","date_gmt":"2025-07-17T03:13:28","guid":{"rendered":"https:\/\/www.europesays.com\/fr\/252883\/"},"modified":"2025-07-17T03:13:28","modified_gmt":"2025-07-17T03:13:28","slug":"david-boreanaz-revient-sur-ses-annees-dans-la-serie-seal-team","status":"publish","type":"post","link":"https:\/\/www.europesays.com\/fr\/252883\/","title":{"rendered":"David Boreanaz revient sur ses ann\u00e9es dans la s\u00e9rie SEAL Team"},"content":{"rendered":"<p>Apr\u00e8s Bones, David Boreanaz a rapidement su trouver un r\u00f4le de premier plan dans SEAL Team, dont il assurait aussi la production. Plus d&rsquo;un an apr\u00e8s sa fin sur la plateforme Paramount+, l&rsquo;acteur am\u00e9ricain a r\u00e9v\u00e9l\u00e9 \u00e0 quel point le tournage de la s\u00e9rie l&rsquo;avait physiquement \u00e9puis\u00e9.<\/p>\n<p>\u00c0 56 ans, David Boreanaz compte d\u00e9j\u00e0 plus d&rsquo;une vingtaine de films et s\u00e9ries \u00e0 son actif. Il a connu le succ\u00e8s dans les ann\u00e9es 1990 en int\u00e9grant le casting de Buffy contre les vampires, puis celui de son spin-off Angel. L&rsquo;acteur a ensuite vu sa notori\u00e9t\u00e9 grimper en fl\u00e8che lorsqu&rsquo;il <a href=\"https:\/\/www.programme-tv.net\/news\/evenement\/disney-plus-streaming\/379733-bones-ces-conseils-que-david-boreanaz-n-a-pas-ecoutes\/\" data-api-deeplink=\"teleloisirs:\/\/news\/379733\" rel=\"nofollow noopener\" target=\"_blank\">a accept\u00e9 le r\u00f4le de Seeley Booth dans Bones<\/a>. Un r\u00f4le qu&rsquo;il a tenu durant douze saisons, jusqu&rsquo;\u00e0 la fin de la s\u00e9rie en mars 2017. Peu apr\u00e8s la fin de la fiction polici\u00e8re, David Boreanaz a su rebondir gr\u00e2ce \u00e0 <a href=\"https:\/\/www.programme-tv.net\/news\/series-tv\/368017-jen-suis-tellement-fier-david-boreanaz-nous-revele-quel-personnage-il-a-prefere-jouer-dans-sa-carriere\/\" data-api-deeplink=\"teleloisirs:\/\/news\/368017\" rel=\"nofollow noopener\" target=\"_blank\">SEAL Team qu&rsquo;il a produite et dans laquelle il a interpr\u00e9t\u00e9 le premier r\u00f4le<\/a>. La s\u00e9rie, disponible en int\u00e9gralit\u00e9 sur <a href=\"https:\/\/www.programme-tv.net\/news\/series-tv\/304293-paramount-abonnement-prix-catalogue-tout-savoir-sur-la-plateforme-de-streaming\/\" data-api-deeplink=\"teleloisirs:\/\/news\/304293\" rel=\"nofollow noopener\" target=\"_blank\">Paramount+<\/a>, a rencontr\u00e9 un succ\u00e8s imm\u00e9diat aupr\u00e8s des t\u00e9l\u00e9spectateurs, mais le tournage, lui, n&rsquo;a pas \u00e9t\u00e9 une grande partie de plaisir pour son acteur principal.<\/p>\n<p>                        <b>\u00ab\u00a0Tr\u00e8s difficile\u00a0\u00bb<\/b><b> : le tournage de <\/b><b>SEAL Team<\/b><b> a \u00e9t\u00e9 assez \u00e9prouvant pour David Boreanaz<\/b><\/p>\n<p>Invit\u00e9 sur la sc\u00e8ne de la convention annuelle Calgary Expo, David Boreanaz a r\u00e9v\u00e9l\u00e9 \u00e0 quel point SEAL Team a \u00e9t\u00e9 particuli\u00e8rement \u00e9prouvant \u00e0 tourner. \u00ab\u00a0SEAL Team \u00e9tait vraiment&#8230; Mon corps en a bav\u00e9\u00a0\u00bb, a-t-il d&rsquo;abord d\u00e9clar\u00e9. Et de poursuivre sur ce qui a \u00e9t\u00e9 le plus difficile pour lui sur le tournage de cette s\u00e9rie qu&rsquo;il consid\u00e8re pourtant comme<a href=\"https:\/\/www.programme-tv.net\/news\/series-tv\/369294-david-boreanaz-voici-sa-serie-preferee-de-tous-les-temps-et-il-a-joue-dedans\/\" data-api-deeplink=\"teleloisirs:\/\/news\/369294\" rel=\"nofollow noopener\" target=\"_blank\"> sa pr\u00e9f\u00e9r\u00e9e de tous les temps <\/a>: \u00ab\u00a0L&rsquo;\u00e9quipement, la quantit\u00e9 d&rsquo;\u00e9quipement qu&rsquo;on devait tous porter, la fa\u00e7on dont on le portait, courir, sauter en h\u00e9licopt\u00e8re, d\u00e9coller, descendre des collines abruptes, escalader des montagnes&#8230; C&rsquo;\u00e9tait comme une folie documentaire en train d&rsquo;\u00eatre tourn\u00e9e. Physiquement, c&rsquo;\u00e9tait tr\u00e8s, tr\u00e8s \u00e9prouvant. Tr\u00e8s difficile\u00a0\u00bb.<\/p>\n<p>            <b>\u00ab\u00a0La quantit\u00e9 de cascades qu&rsquo;on a d\u00fb faire&#8230;\u00a0\u00bb<\/b><b> : David Boreanaz d\u00e9voile pourquoi cette s\u00e9rie fantastique n&rsquo;a pas \u00e9t\u00e9 si facile \u00e0 tourner<\/b><\/p>\n<p>SEAL Team n&rsquo;est pas la seule s\u00e9rie qui a \u00e9t\u00e9 difficile \u00e0 tourner pour David Boreanaz. Toujours sur la sc\u00e8ne de la Calgary Expo, l&rsquo;acteur a r\u00e9v\u00e9l\u00e9 que le tournage de la s\u00e9rie Angel n&rsquo;avait pas toujours \u00e9t\u00e9 une partie de plaisir. \u00ab\u00a0Angel a \u00e9t\u00e9 difficile, avec le tournage de nuit et la quantit\u00e9 de cascades qu&rsquo;on a d\u00fb faire, sauter d&rsquo;immeuble en immeuble et faire des bonds en trench-coat\u00a0\u00bb, a-t-il expliqu\u00e9, avant d&rsquo;ajouter en plaisantant : \u00ab\u00a0\u00c9videmment, je ne portais pas de maillot de bain. \u00c7a aurait \u00e9t\u00e9 une autre s\u00e9rie\u00a0\u00bb.<\/p>\n<p>Article \u00e9crit en collaboration avec 6M\u00e9dias<\/p>\n","protected":false},"excerpt":{"rendered":"Apr\u00e8s Bones, David Boreanaz a rapidement su trouver un r\u00f4le de premier plan dans SEAL Team, dont il&hellip;\n","protected":false},"author":2,"featured_media":252884,"comment_status":"","ping_status":"","sticky":false,"template":"","format":"standard","meta":{"footnotes":""},"categories":[1356],"tags":[244,39335,58,59,1011,27,5388,10395,39336,129,252,1364],"class_list":{"0":"post-252883","1":"post","2":"type-post","3":"status-publish","4":"format-standard","5":"has-post-thumbnail","7":"category-television","8":"tag-commentaire","9":"tag-david-boreanaz","10":"tag-divertissement","11":"tag-entertainment","12":"tag-fr","13":"tag-france","14":"tag-paramount-plus","15":"tag-pub-streaming","16":"tag-seal-team","17":"tag-svod","18":"tag-television","19":"tag-tv"},"share_on_mastodon":{"url":"https:\/\/pubeurope.com\/@fr\/114866396042686366","error":""},"_links":{"self":[{"href":"https:\/\/www.europesays.com\/fr\/wp-json\/wp\/v2\/posts\/252883","targetHints":{"allow":["GET"]}}],"collection":[{"href":"https:\/\/www.europesays.com\/fr\/wp-json\/wp\/v2\/posts"}],"about":[{"href":"https:\/\/www.europesays.com\/fr\/wp-json\/wp\/v2\/types\/post"}],"author":[{"embeddable":true,"href":"https:\/\/www.europesays.com\/fr\/wp-json\/wp\/v2\/users\/2"}],"replies":[{"embeddable":true,"href":"https:\/\/www.europesays.com\/fr\/wp-json\/wp\/v2\/comments?post=252883"}],"version-history":[{"count":0,"href":"https:\/\/www.europesays.com\/fr\/wp-json\/wp\/v2\/posts\/252883\/revisions"}],"wp:featuredmedia":[{"embeddable":true,"href":"https:\/\/www.europesays.com\/fr\/wp-json\/wp\/v2\/media\/252884"}],"wp:attachment":[{"href":"https:\/\/www.europesays.com\/fr\/wp-json\/wp\/v2\/media?parent=252883"}],"wp:term":[{"taxonomy":"category","embeddable":true,"href":"https:\/\/www.europesays.com\/fr\/wp-json\/wp\/v2\/categories?post=252883"},{"taxonomy":"post_tag","embeddable":true,"href":"https:\/\/www.europesays.com\/fr\/wp-json\/wp\/v2\/tags?post=252883"}],"curies":[{"name":"wp","href":"https:\/\/api.w.org\/{rel}","templated":true}]}}