{"id":252885,"date":"2025-07-17T03:14:17","date_gmt":"2025-07-17T03:14:17","guid":{"rendered":"https:\/\/www.europesays.com\/fr\/252885\/"},"modified":"2025-07-17T03:14:17","modified_gmt":"2025-07-17T03:14:17","slug":"niska-accuse-de-plagiat-sur-adriano-booba-le-recadre","status":"publish","type":"post","link":"https:\/\/www.europesays.com\/fr\/252885\/","title":{"rendered":"Niska accus\u00e9 de plagiat sur \u00ab\u00a0Adriano\u00a0\u00bb : Booba le recadre !"},"content":{"rendered":"<p data-start=\"103\" data-end=\"600\">D\u00e9j\u00e0 sacr\u00e9 <strong data-start=\"114\" data-end=\"131\">tube de l\u2019\u00e9t\u00e9<\/strong> par beaucoup, <a href=\"https:\/\/generations.fr\/video\/clip\/80111\/niska-sort-son-tube-de-l-ete-avec-adriano\" target=\"_blank\" rel=\"noopener nofollow\"><strong data-start=\"146\" data-end=\"155\">Niska<\/strong> fait un retour en force avec son dernier morceau <strong data-start=\"205\" data-end=\"218\">\u00ab\u00a0Adriano\u00a0\u00bb<\/strong>,<\/a> un clin d&rsquo;\u0153il assum\u00e9 \u00e0 la l\u00e9gende du <strong data-start=\"257\" data-end=\"279\">football br\u00e9silien<\/strong> au destin aussi glorieux que tragique. Port\u00e9 par un refrain percutant et une instru taill\u00e9e pour les festivals, le titre s\u2019impose partout \u2014 du streaming aux sc\u00e8nes d\u2019\u00e9t\u00e9. Actuellement en tourn\u00e9e avec <strong data-start=\"480\" data-end=\"489\">Ninho<\/strong>, le rappeur d\u2019\u00c9vry voit m\u00eame plus grand : <a href=\"https:\/\/generations.fr\/news\/musique\/80100\/niska-va-t-il-bientot-annoncer-un-stade-de-france\" target=\"_blank\" rel=\"noopener nofollow\">il vient de d\u00e9clarer \u00eatre <strong data-start=\"558\" data-end=\"599\">en discussion pour un Stade de France<\/strong>.<\/a><\/p>\n<p data-start=\"602\" data-end=\"1185\">Mais alors que tout semblait sourire \u00e0 l\u2019interpr\u00e8te de <strong data-start=\"657\" data-end=\"667\">\u00ab\u00a0Sal\u00e9\u00a0\u00bb<\/strong>, une <strong data-start=\"673\" data-end=\"698\">accusation de plagiat<\/strong> vient troubler la f\u00eate. Un jeune rappeur nomm\u00e9 <strong data-start=\"746\" data-end=\"756\">Polian<\/strong> a partag\u00e9 une vid\u00e9o sur <strong data-start=\"781\" data-end=\"794\">Instagram<\/strong>, o\u00f9 il compare le passage viral du morceau de Niska avec son propre son, <strong data-start=\"868\" data-end=\"885\">\u00ab\u00a0Banlieusard\u00a0\u00bb<\/strong>, extrait d\u2019un projet sorti <strong data-start=\"913\" data-end=\"935\">le 11 juin dernier<\/strong>. En voix off, on l\u2019entend dire :<\/p>\n<blockquote><p>&#13;<\/p>\n<p data-start=\"602\" data-end=\"1185\">\u00ab\u00a0Bon tout le monde a entendu cet extrait apparemment c\u2019est le tube de l\u2019\u00e9t\u00e9. Attends j\u2019ai sorti quoi moi il y a un mois ? \u00c7a ressemble un peu beaucoup quand m\u00eame. Bon apr\u00e8s c\u2019est pas grave Georges, tranquille.\u00a0\u00bb<\/p>\n<p>&#13;\n<\/p><\/blockquote>\n<blockquote class=\"instagram-media\" style=\"background: #FFF; border: 0; border-radius: 3px; box-shadow: 0 0 1px 0 rgba(0,0,0,0.5),0 1px 10px 0 rgba(0,0,0,0.15); margin: 1px; max-width: 540px; min-width: 326px; padding: 0; width: calc(100% - 2px);\" data-instgrm-captioned=\"\" data-instgrm-permalink=\"https:\/\/www.instagram.com\/reel\/DMGFCY_NrP-\/?utm_source=ig_embed&amp;utm_campaign=loading\" data-instgrm-version=\"14\"><p>&#13;<br \/>\n&#13;\n<\/p><\/blockquote>\n<p data-start=\"1187\" data-end=\"1618\">Une pique lanc\u00e9e avec ironie, mais qui n\u2019est pas pass\u00e9e inaper\u00e7ue. <a href=\"https:\/\/generations.fr\/news\/musique\/79762\/booba-attaque-niska-et-le-previent-dans-deux-trois-ans-tu-te-prostitue\" target=\"_blank\" rel=\"noopener nofollow\">Car un certain <strong data-start=\"1269\" data-end=\"1278\">Booba<\/strong> a saut\u00e9 sur l\u2019occasion pour <strong data-start=\"1307\" data-end=\"1323\">tacler Niska<\/strong>.<\/a> Sur son compte <strong data-start=\"1340\" data-end=\"1368\">X<\/strong>, le Duc de Boulogne a repost\u00e9 la vid\u00e9o, accompagn\u00e9 d\u2019un message cinglant :<\/p>\n<blockquote><p>&#13;<\/p>\n<p data-start=\"1187\" data-end=\"1618\">\u00ab\u00a0@Niska_Officiel il a dit \u00ab\u00a0c\u2019est pas grave Georges\u00a0\u00bb Au moins \u00e0 d\u00e9faut de produire et d\u2019aider les nouvelles g\u00e9n\u00e9rations t\u2019as mis la lumi\u00e8re sur lui gr\u00e2ce \u00e0 ton plagiat.\u00a0\u00bb<\/p>\n<p>&#13;\n<\/p><\/blockquote>\n<blockquote class=\"twitter-tweet\"><p>&#13;<\/p>\n<p dir=\"ltr\" lang=\"fr\">.<a href=\"https:\/\/twitter.com\/Niska_Officiel?ref_src=twsrc%5Etfw\" rel=\"nofollow noopener\" target=\"_blank\">@Niska_Officiel<\/a> il a dit \u00ab\u00a0c&rsquo;est pas grave Georges\u00a0\u00bb \ud83d\ude02 Au moins \u00e0 d\u00e9faut de produire et d&rsquo;aider les nouvelles g\u00e9n\u00e9rations t&rsquo;as mis la lumi\u00e8re sur lui gr\u00e2ce \u00e0 ton plagiat \ud83d\ude4c\ud83c\udffe <a href=\"https:\/\/t.co\/1ltOkSGI9b\" rel=\"nofollow\">https:\/\/t.co\/1ltOkSGI9b<\/a> <a href=\"https:\/\/t.co\/T9IuVU8WBP\" rel=\"nofollow\">pic.twitter.com\/T9IuVU8WBP<\/a><\/p>\n<p>&#13;<br \/>\n\u2014 Booba (@booba) <a href=\"https:\/\/twitter.com\/booba\/status\/1945244368928969040?ref_src=twsrc%5Etfw\" rel=\"nofollow noopener\" target=\"_blank\">July 15, 2025<\/a><\/p><\/blockquote>\n<p data-start=\"1620\" data-end=\"1761\">Un <strong data-start=\"1623\" data-end=\"1640\">revers public<\/strong> qui pourrait peser lourd dans la balance m\u00e9diatique, d\u2019autant plus que Niska <strong data-start=\"1718\" data-end=\"1742\">n\u2019a pas encore r\u00e9agi<\/strong> \u00e0 cette pol\u00e9mique.<\/p>\n<p data-start=\"1763\" data-end=\"2006\">Mais alors, <strong data-start=\"1775\" data-end=\"1808\">plagiat ou simple co\u00efncidence<\/strong> ? Il faut rappeler que <strong data-start=\"1832\" data-end=\"1876\">Niska avait teas\u00e9 le morceau d\u00e8s f\u00e9vrier<\/strong>, soit <strong data-start=\"1883\" data-end=\"1902\">cinq mois avant<\/strong> la sortie du projet de Polian. Un d\u00e9tail important qui pourrait totalement <strong data-start=\"1978\" data-end=\"2005\">d\u00e9samorcer l\u2019accusation<\/strong>.<\/p>\n<p>\t\t\t\t\t\t\t\t\t\t\t\t\t\t\t\t\t\t\t<script async src=\"https:\/\/platform.twitter.com\/widgets.js\" charset=\"utf-8\"><\/script><script async src=\"\/\/www.instagram.com\/embed.js\"><\/script><\/p>\n","protected":false},"excerpt":{"rendered":"D\u00e9j\u00e0 sacr\u00e9 tube de l\u2019\u00e9t\u00e9 par beaucoup, Niska fait un retour en force avec son dernier morceau \u00ab\u00a0Adriano\u00a0\u00bb,&hellip;\n","protected":false},"author":2,"featured_media":252886,"comment_status":"","ping_status":"","sticky":false,"template":"","format":"standard","meta":{"footnotes":""},"categories":[1355],"tags":[3627,3628,3626,3632,3631,3630,3629,3649,3634,3647,3663,3625,3623,3646,2163,3648,3645,58,59,3660,1011,27,3612,3620,3606,3607,3605,3608,3665,3657,3622,3613,3617,3615,3609,3614,3659,3654,3643,3653,3650,3641,3636,3642,3638,3651,3635,1361,873,12,3624,626,3639,2189,3658,1825,3618,3616,3661,3656,3619,3621,3662,3640,3664,3633,3644,3611,3610,3637,1863,2955,3655,3652],"class_list":{"0":"post-252885","1":"post","2":"type-post","3":"status-publish","4":"format-standard","5":"has-post-thumbnail","7":"category-musique","8":"tag-3627","9":"tag-3628","10":"tag-3626","11":"tag-3632","12":"tag-3631","13":"tag-3630","14":"tag-3629","15":"tag-al-peco","16":"tag-alibi","17":"tag-alpeco","18":"tag-b2o","19":"tag-banlieue","20":"tag-black","21":"tag-booba","22":"tag-chroniques","23":"tag-despo","24":"tag-diams","25":"tag-divertissement","26":"tag-entertainment","27":"tag-exclus","28":"tag-fr","29":"tag-france","30":"tag-freestyles","31":"tag-funk","32":"tag-generation","33":"tag-generation88-2","34":"tag-generations","35":"tag-generations88-2","36":"tag-generationslive","37":"tag-genratio","38":"tag-grime","39":"tag-hip","40":"tag-hip-hop","41":"tag-hiphop","42":"tag-hiphopsoul","43":"tag-hop","44":"tag-hotlist","45":"tag-james","46":"tag-k1fry","47":"tag-kerry","48":"tag-larsen","49":"tag-lim","50":"tag-lskadrille","51":"tag-mafia","52":"tag-mctyer","53":"tag-medine","54":"tag-montana","55":"tag-music","56":"tag-musique","57":"tag-news","58":"tag-noir","59":"tag-paris","60":"tag-parishiphop","61":"tag-photos","62":"tag-playlist","63":"tag-radio","64":"tag-ragga","65":"tag-rap","66":"tag-rap-francais","67":"tag-rapfr","68":"tag-reggae","69":"tag-rnb","70":"tag-roh2f","71":"tag-rue","72":"tag-ruskov-molotov","73":"tag-sefyu","74":"tag-sinik","75":"tag-sons","76":"tag-soul","77":"tag-tandem","78":"tag-us","79":"tag-videos","80":"tag-webradio","81":"tag-youssoupha"},"share_on_mastodon":{"url":"","error":"Validation failed: Text character limit of 500 exceeded"},"_links":{"self":[{"href":"https:\/\/www.europesays.com\/fr\/wp-json\/wp\/v2\/posts\/252885","targetHints":{"allow":["GET"]}}],"collection":[{"href":"https:\/\/www.europesays.com\/fr\/wp-json\/wp\/v2\/posts"}],"about":[{"href":"https:\/\/www.europesays.com\/fr\/wp-json\/wp\/v2\/types\/post"}],"author":[{"embeddable":true,"href":"https:\/\/www.europesays.com\/fr\/wp-json\/wp\/v2\/users\/2"}],"replies":[{"embeddable":true,"href":"https:\/\/www.europesays.com\/fr\/wp-json\/wp\/v2\/comments?post=252885"}],"version-history":[{"count":0,"href":"https:\/\/www.europesays.com\/fr\/wp-json\/wp\/v2\/posts\/252885\/revisions"}],"wp:featuredmedia":[{"embeddable":true,"href":"https:\/\/www.europesays.com\/fr\/wp-json\/wp\/v2\/media\/252886"}],"wp:attachment":[{"href":"https:\/\/www.europesays.com\/fr\/wp-json\/wp\/v2\/media?parent=252885"}],"wp:term":[{"taxonomy":"category","embeddable":true,"href":"https:\/\/www.europesays.com\/fr\/wp-json\/wp\/v2\/categories?post=252885"},{"taxonomy":"post_tag","embeddable":true,"href":"https:\/\/www.europesays.com\/fr\/wp-json\/wp\/v2\/tags?post=252885"}],"curies":[{"name":"wp","href":"https:\/\/api.w.org\/{rel}","templated":true}]}}