{"id":252899,"date":"2025-07-17T03:22:15","date_gmt":"2025-07-17T03:22:15","guid":{"rendered":"https:\/\/www.europesays.com\/fr\/252899\/"},"modified":"2025-07-17T03:22:15","modified_gmt":"2025-07-17T03:22:15","slug":"un-ouvrier-de-19-ans-meurt-apres-avoir-ete-enseveli-sous-du-goudron-a-200-degres","status":"publish","type":"post","link":"https:\/\/www.europesays.com\/fr\/252899\/","title":{"rendered":"un ouvrier de 19 ans meurt apr\u00e8s avoir \u00e9t\u00e9 enseveli sous du goudron \u00e0 200 degr\u00e9s"},"content":{"rendered":"<p>Un jeune homme de 19\u00a0ans a trouv\u00e9 la mort le matin du 15\u00a0juillet 2025 alors qu\u2019il travaillait sur une route de Sainte-Flaive-des-Loups (<a target=\"_self\" href=\"https:\/\/www.lanouvellerepublique.fr\/vendee\" rel=\"nofollow noopener\">Vend\u00e9e<\/a>). Avec ses coll\u00e8gues, il refaisait le rev\u00eatement d\u2019une chauss\u00e9e dans un lotissement lorsque le goudron bouillant contenu dans leur camion s\u2019est d\u00e9vers\u00e9 sur lui. L\u2019enrob\u00e9 \u00e9tait alors \u00e0 une temp\u00e9rature de 200\u00a0\u00b0C, d\u00e9taille <a target=\"_blank\" href=\"https:\/\/www.ouest-france.fr\/societe\/faits-divers\/enseveli-sous-de-lenrobe-un-jeune-de-19-ans-en-urgence-absolue-en-vendee-f0ca6d52-615e-11f0-8f64-6b27a5d8d9ae\" rel=\"nofollow noopener\">Ouest-France<\/a>.<\/p>\n<p>La victime a \u00e9t\u00e9 gri\u00e8vement br\u00fbl\u00e9e sur 60\u00a0% de la surface de son corps. Entre la vie et la mort, elle a \u00e9t\u00e9 h\u00e9liport\u00e9e vers le CHU de Nantes (Loire-Atlantique) o\u00f9 elle est finalement d\u00e9c\u00e9d\u00e9e quelques heures plus tard, a indiqu\u00e9 la gendarmerie, cit\u00e9e par <a target=\"_blank\" href=\"https:\/\/www.francebleu.fr\/infos\/faits-divers-justice\/vendee-jai-entendu-hurler-de-douleur-un-ouvrier-enseveli-sous-du-goudron-brulant-les-temoins-sous-le-choc-4220975\" rel=\"nofollow noopener\">ici Loire Oc\u00e9an<\/a>. Une enqu\u00eate a \u00e9t\u00e9 diligent\u00e9e afin de d\u00e9terminer les circonstances dans lesquelles le jeune homme a perdu la vie.<\/p>\n<p>Plusieurs types d\u2019investigations<\/p>\n<p><a target=\"_self\" href=\"https:\/\/www.lanouvellerepublique.fr\/poitiers\/on-a-des-accidents-du-travail-lies-a-la-chaleur-comment-l-inspection-du-travail-controle-dans-la-vienne-1751307690\" rel=\"nofollow noopener\">L\u2019inspection du travail<\/a> va \u00e9galement se pencher sur l\u2019accident. \u00ab\u00a0La porte du camion s\u2019est ouverte. Normalement c\u2019est juste une trappe de la remorque qui doit s\u2019ouvrir\u00a0\u00bb, a racont\u00e9 le maire de la commune Patrice Pageaud. Une habitante a expliqu\u00e9 que des coll\u00e8gues de la victime ont imm\u00e9diatement pris \u00ab\u00a0des pelles pour gratter le goudron et sortir au plus vite le jeune homme\u00a0\u00bb.<\/p>\n<p>Interrog\u00e9e par nos conf\u00e8res d\u2019ici Loire Oc\u00e9an, une riveraine aide-soignante et t\u00e9moin du drame a racont\u00e9 encore sous le choc\u00a0: \u00ab\u00a0J\u2019ai vu beaucoup de choses, mais l\u00e0, j\u2019ai encore du mal \u00e0 en parler. Je le voyais au loin, et il n\u2019y avait que sa t\u00eate qui sortait du bitume\u00a0\u00bb.<\/p>\n","protected":false},"excerpt":{"rendered":"Un jeune homme de 19\u00a0ans a trouv\u00e9 la mort le matin du 15\u00a0juillet 2025 alors qu\u2019il travaillait sur&hellip;\n","protected":false},"author":2,"featured_media":252900,"comment_status":"","ping_status":"","sticky":false,"template":"","format":"standard","meta":{"footnotes":""},"categories":[4],"tags":[328,11,1674,274,1011,27,329,12,25,2546],"class_list":{"0":"post-252899","1":"post","2":"type-post","3":"status-publish","4":"format-standard","5":"has-post-thumbnail","7":"category-france","8":"tag-a-la-une","9":"tag-actualites","10":"tag-communes","11":"tag-faits-divers-justice","12":"tag-fr","13":"tag-france","14":"tag-france-monde","15":"tag-news","16":"tag-republique-francaise","17":"tag-vendee"},"share_on_mastodon":{"url":"https:\/\/pubeurope.com\/@fr\/114866431169867697","error":""},"_links":{"self":[{"href":"https:\/\/www.europesays.com\/fr\/wp-json\/wp\/v2\/posts\/252899","targetHints":{"allow":["GET"]}}],"collection":[{"href":"https:\/\/www.europesays.com\/fr\/wp-json\/wp\/v2\/posts"}],"about":[{"href":"https:\/\/www.europesays.com\/fr\/wp-json\/wp\/v2\/types\/post"}],"author":[{"embeddable":true,"href":"https:\/\/www.europesays.com\/fr\/wp-json\/wp\/v2\/users\/2"}],"replies":[{"embeddable":true,"href":"https:\/\/www.europesays.com\/fr\/wp-json\/wp\/v2\/comments?post=252899"}],"version-history":[{"count":0,"href":"https:\/\/www.europesays.com\/fr\/wp-json\/wp\/v2\/posts\/252899\/revisions"}],"wp:featuredmedia":[{"embeddable":true,"href":"https:\/\/www.europesays.com\/fr\/wp-json\/wp\/v2\/media\/252900"}],"wp:attachment":[{"href":"https:\/\/www.europesays.com\/fr\/wp-json\/wp\/v2\/media?parent=252899"}],"wp:term":[{"taxonomy":"category","embeddable":true,"href":"https:\/\/www.europesays.com\/fr\/wp-json\/wp\/v2\/categories?post=252899"},{"taxonomy":"post_tag","embeddable":true,"href":"https:\/\/www.europesays.com\/fr\/wp-json\/wp\/v2\/tags?post=252899"}],"curies":[{"name":"wp","href":"https:\/\/api.w.org\/{rel}","templated":true}]}}