{"id":252905,"date":"2025-07-17T03:25:16","date_gmt":"2025-07-17T03:25:16","guid":{"rendered":"https:\/\/www.europesays.com\/fr\/252905\/"},"modified":"2025-07-17T03:25:16","modified_gmt":"2025-07-17T03:25:16","slug":"salon-du-chiot-au-parc-expo-de-saint-etienne","status":"publish","type":"post","link":"https:\/\/www.europesays.com\/fr\/252905\/","title":{"rendered":"SALON DU CHIOT AU PARC EXPO DE SAINT-\u00c9TIENNE"},"content":{"rendered":"<p>                <a href=\"https:\/\/cadenceradio.fr\" target=\"_blank\" aria-label=\"Banni\u00e8re Cadence 2025\" rel=\"nofollow noopener\"><img loading=\"lazy\" decoding=\"async\" src=\"https:\/\/www.europesays.com\/fr\/wp-content\/uploads\/2025\/07\/Banniere-Cadence-2025-scaled.jpg\" alt=\"\"   width=\"2560\" height=\"738\"\/><\/a><\/p>\n<p>Le Salon du Chiot 2025 transformera les halls du Parc Expo en v\u00e9ritable paradis canin durant tout un week-end. Cette manifestation sp\u00e9cialis\u00e9e promet de ravir les visiteurs de tous \u00e2ges, qu\u2019ils soient d\u00e9j\u00e0 propri\u00e9taires d\u2019animaux ou en recherche de leur futur compagnon.<\/p>\n<p>L\u2019\u00e9v\u00e9nement se d\u00e9roulera sur deux journ\u00e9es compl\u00e8tes, samedi 18 et dimanche 19 octobre, avec des horaires g\u00e9n\u00e9reux de 10h \u00e0 19h permettant aux familles de profiter pleinement de cette exp\u00e9rience unique.<\/p>\n<p>Des adoptions responsables au c\u0153ur de l\u2019\u00e9v\u00e9nement<\/p>\n<p>L\u2019un des objectifs principaux de ce salon consiste \u00e0 faciliter les rencontres entre chiots en recherche de foyer et familles d\u00e9sireuses d\u2019accueillir un nouvel ami. Ces adoptions s\u2019effectueront dans un cadre contr\u00f4l\u00e9 et responsable, garantissant le bien-\u00eatre des animaux.<\/p>\n<p>Au-del\u00e0 des adoptions, le salon mettra l\u2019accent sur la dimension \u00e9ducative avec la pr\u00e9sence d\u2019experts animaliers. Ces professionnels partageront leurs connaissances et prodigueront des conseils pr\u00e9cieux aux visiteurs.<\/p>\n<p>Le Salon du Chiot s\u2019annonce comme une sortie familiale id\u00e9ale, alliant plaisir de la d\u00e9couverte, dimension \u00e9ducative et possibilit\u00e9 d\u2019adoption responsable. Cette combinaison unique en fait un rendez-vous incontournable pour tous les amoureux des animaux.<\/p>\n<p>Les enfants d\u00e9couvriront diff\u00e9rentes races canines et apprendront les gestes appropri\u00e9s pour interagir avec les animaux, tandis que les adultes pourront s\u2019informer sur les aspects pratiques de la possession d\u2019un chien.<\/p>\n","protected":false},"excerpt":{"rendered":"Le Salon du Chiot 2025 transformera les halls du Parc Expo en v\u00e9ritable paradis canin durant tout un&hellip;\n","protected":false},"author":2,"featured_media":252906,"comment_status":"","ping_status":"","sticky":false,"template":"","format":"standard","meta":{"footnotes":""},"categories":[9653],"tags":[1111,11,2430,1777,674,1011,27,3367,12,39340,25,4001,39341],"class_list":{"0":"post-252905","1":"post","2":"type-post","3":"status-publish","4":"format-standard","5":"has-post-thumbnail","7":"category-saint-etienne","8":"tag-actu","9":"tag-actualites","10":"tag-auvergne-rhone-alpes","11":"tag-eu","12":"tag-europe","13":"tag-fr","14":"tag-france","15":"tag-loire","16":"tag-news","17":"tag-parc-exposition","18":"tag-republique-francaise","19":"tag-saint-etienne","20":"tag-salon-du-chiot"},"share_on_mastodon":{"url":"https:\/\/pubeurope.com\/@fr\/114866443038395871","error":""},"_links":{"self":[{"href":"https:\/\/www.europesays.com\/fr\/wp-json\/wp\/v2\/posts\/252905","targetHints":{"allow":["GET"]}}],"collection":[{"href":"https:\/\/www.europesays.com\/fr\/wp-json\/wp\/v2\/posts"}],"about":[{"href":"https:\/\/www.europesays.com\/fr\/wp-json\/wp\/v2\/types\/post"}],"author":[{"embeddable":true,"href":"https:\/\/www.europesays.com\/fr\/wp-json\/wp\/v2\/users\/2"}],"replies":[{"embeddable":true,"href":"https:\/\/www.europesays.com\/fr\/wp-json\/wp\/v2\/comments?post=252905"}],"version-history":[{"count":0,"href":"https:\/\/www.europesays.com\/fr\/wp-json\/wp\/v2\/posts\/252905\/revisions"}],"wp:featuredmedia":[{"embeddable":true,"href":"https:\/\/www.europesays.com\/fr\/wp-json\/wp\/v2\/media\/252906"}],"wp:attachment":[{"href":"https:\/\/www.europesays.com\/fr\/wp-json\/wp\/v2\/media?parent=252905"}],"wp:term":[{"taxonomy":"category","embeddable":true,"href":"https:\/\/www.europesays.com\/fr\/wp-json\/wp\/v2\/categories?post=252905"},{"taxonomy":"post_tag","embeddable":true,"href":"https:\/\/www.europesays.com\/fr\/wp-json\/wp\/v2\/tags?post=252905"}],"curies":[{"name":"wp","href":"https:\/\/api.w.org\/{rel}","templated":true}]}}