{"id":252907,"date":"2025-07-17T03:26:53","date_gmt":"2025-07-17T03:26:53","guid":{"rendered":"https:\/\/www.europesays.com\/fr\/252907\/"},"modified":"2025-07-17T03:26:53","modified_gmt":"2025-07-17T03:26:53","slug":"nancy-le-circuit-court-a-lhonneur-dans-un-nouveau-marche-parc-sainte-marie","status":"publish","type":"post","link":"https:\/\/www.europesays.com\/fr\/252907\/","title":{"rendered":"Nancy. Le circuit court \u00e0 l&rsquo;honneur dans un nouveau march\u00e9 parc Sainte-Marie"},"content":{"rendered":"<p>Au d\u00e9tour d\u2019une balade dans le parc Sainte-Marie, une odeur gourmande chatouillera votre nez avant m\u00eame d\u2019avoir aper\u00e7u le march\u00e9 des producteurs.<\/p>\n<p><a href=\"https:\/\/www.estrepublicain.fr\/encadres\/2025\/06\/06\/le-marche-du-parc-sainte-marie-a-ete-inaugure-ce-vendredi\" target=\"_blank\" rel=\"noopener\">Inaugur\u00e9 le 6\u00a0juin,<\/a> la nouveaut\u00e9 du quartier fait beaucoup parler d\u2019elle. On comprend l\u2019engouement\u00a0: chaque stand privil\u00e9gie le mod\u00e8le du circuit court.<\/p>\n<p>\u00c0 l\u2019entr\u00e9e de ce petit bout de nature, ce ne sont pas les producteurs qui manquent\u00a0: boucher, fromager, primeur, apiculteur, brasseur et m\u00eame artisan savonnier sont l\u00e0.<\/p>\n<p>Tous les vendredis, le march\u00e9 offre une parenth\u00e8se bien m\u00e9rit\u00e9e. L\u2019avantage est double\u00a0: consommer des produits de qualit\u00e9 dans un espace reposant. Le d\u00e9tour en vaut la peine.<\/p>\n<p class=\"note\">Horaires\u00a0: chaque vendredi de 16\u00a0h \u00e0 20\u00a0h<\/p>\n","protected":false},"excerpt":{"rendered":"Au d\u00e9tour d\u2019une balade dans le parc Sainte-Marie, une odeur gourmande chatouillera votre nez avant m\u00eame d\u2019avoir aper\u00e7u&hellip;\n","protected":false},"author":2,"featured_media":252908,"comment_status":"","ping_status":"","sticky":false,"template":"","format":"standard","meta":{"footnotes":""},"categories":[9635],"tags":[1111,11,1704,1777,674,1011,27,775,31022,6016,1702,1703,12,25],"class_list":{"0":"post-252907","1":"post","2":"type-post","3":"status-publish","4":"format-standard","5":"has-post-thumbnail","7":"category-nancy","8":"tag-actu","9":"tag-actualites","10":"tag-edition-nancy-et-agglomeration","11":"tag-eu","12":"tag-europe","13":"tag-fr","14":"tag-france","15":"tag-grand-est","16":"tag-le-guide-de-lete-lorraine","17":"tag-magazine-cuisine-et-vins","18":"tag-nancy","19":"tag-nancy-ville-54b","20":"tag-news","21":"tag-republique-francaise"},"share_on_mastodon":{"url":"https:\/\/pubeurope.com\/@fr\/114866450790437794","error":""},"_links":{"self":[{"href":"https:\/\/www.europesays.com\/fr\/wp-json\/wp\/v2\/posts\/252907","targetHints":{"allow":["GET"]}}],"collection":[{"href":"https:\/\/www.europesays.com\/fr\/wp-json\/wp\/v2\/posts"}],"about":[{"href":"https:\/\/www.europesays.com\/fr\/wp-json\/wp\/v2\/types\/post"}],"author":[{"embeddable":true,"href":"https:\/\/www.europesays.com\/fr\/wp-json\/wp\/v2\/users\/2"}],"replies":[{"embeddable":true,"href":"https:\/\/www.europesays.com\/fr\/wp-json\/wp\/v2\/comments?post=252907"}],"version-history":[{"count":0,"href":"https:\/\/www.europesays.com\/fr\/wp-json\/wp\/v2\/posts\/252907\/revisions"}],"wp:featuredmedia":[{"embeddable":true,"href":"https:\/\/www.europesays.com\/fr\/wp-json\/wp\/v2\/media\/252908"}],"wp:attachment":[{"href":"https:\/\/www.europesays.com\/fr\/wp-json\/wp\/v2\/media?parent=252907"}],"wp:term":[{"taxonomy":"category","embeddable":true,"href":"https:\/\/www.europesays.com\/fr\/wp-json\/wp\/v2\/categories?post=252907"},{"taxonomy":"post_tag","embeddable":true,"href":"https:\/\/www.europesays.com\/fr\/wp-json\/wp\/v2\/tags?post=252907"}],"curies":[{"name":"wp","href":"https:\/\/api.w.org\/{rel}","templated":true}]}}