{"id":252911,"date":"2025-07-17T03:29:09","date_gmt":"2025-07-17T03:29:09","guid":{"rendered":"https:\/\/www.europesays.com\/fr\/252911\/"},"modified":"2025-07-17T03:29:09","modified_gmt":"2025-07-17T03:29:09","slug":"lete-sera-show-avec-sanary-sous-les-etoiles","status":"publish","type":"post","link":"https:\/\/www.europesays.com\/fr\/252911\/","title":{"rendered":"L\u2019\u00e9t\u00e9 sera show avec Sanary sous les \u00e9toiles"},"content":{"rendered":"<p>D\u00e8s samedi, le festival \u00ab\u00a0Sanary sous les \u00e9toiles\u00a0\u00bb fera \u00e0 nouveau vibrer r\u00e9sidents et estivants avec une programmation musicale aussi p\u00e9tillante qu\u2019\u00e9clectique! Sur la sc\u00e8ne du Site des Festivit\u00e9s (parking de l\u2019Esplanade), la s\u00e9lection mitonn\u00e9e par l\u2019association Sanary Animations en partenariat avec la mairie, alternera les ambiances pop-rock, jazz, revue et classique, propices \u00e0 de multiples \u00e9motions et d\u00e9couvertes.<\/p>\n<p>Samedi, apr\u00e8s une premi\u00e8re partie assur\u00e9e par <b>Indylov<\/b>, le chanteur guitariste Fabien Ordonez emportera les auditeurs dans son Am\u00e9rique latine natale entre tangos, salsas et succ\u00e8s de Gainsbourg et Nougaro. Mardi 22, place aux twists des sixties avec les tubes mythiques des Chaussettes Noires, Claude Fran\u00e7ois ou Lucky Blondo revisit\u00e9s par <b>Monokini<\/b>.<\/p>\n<p>Jazz et salsa&#8230;<\/p>\n<p>Jeudi 24, les notes bleues du <b>Malcolm Potter Septet<\/b>, emmen\u00e9 par son chanteur et contrebassiste franco-britannique aux multiples talents, feront alterner cr\u00e9ations pop et standards de jazz r\u00e9arrang\u00e9s. Retour \u00e0 la musique latino samedi 26 avec les virevoltants <b>Siempre Salsa<\/b>, 11 musiciens professionnels qui r\u00e9inventent les succ\u00e8s pop de Brel, des Cure ou des Beatles en mode afro-cubain! Lundi 28, <b>la revue \u00ab\u00a0De Paris \u00e0 Vegas\u00a0\u00bb<\/b> fera revivre les grandes heures du cabaret avec Marilyn, Franck Sinatra et Elvis Presley \u00e0 travers d\u2019\u00e9blouissantes chor\u00e9graphies. Du 29 au 31, parenth\u00e8se th\u00e9\u00e2trale avec le <b>Festival de Th\u00e9\u00e2tre<\/b> de Sanary, cinq spectacles \u00e0 l\u2019affiche avec Pierre Arditi en invit\u00e9 d\u2019honneur, qui d\u00e9voilera sur la sc\u00e8ne du th\u00e9\u00e2tre Galli ses textes pr\u00e9f\u00e9r\u00e9s&#8230;<\/p>\n<p>What Elle\u2019s?<\/p>\n<p>Samedi 2 ao\u00fbt, le <b>Middle Jazz Orchestra<\/b> mettra les musiciens sanaryens \u00e0 l\u2019honneur, sous la baguette du chef Didier Huot, qui a dirig\u00e9 de grands noms du jazz comme Michel Portal. Dimanche 3, la pianiste virtuose <b>Sarah Coponat<\/b> emm\u00e8nera les auditeurs dans l\u2019ambiance cosmique de son dernier album \u00ab\u00a0We are incandescent\u00a0\u00bb, m\u00e9lange unique de chant et de musiques du monde, classique et \u00e9lectro. Jeudi 7, le quartet <b>Moho Hands <\/b>m\u00ealera cr\u00e9ations et classiques du blues. Lundi 11, les <b>Divin\u2019Gospel Music<\/b>, fine fleur des solistes et choristes professionnels de gospel de la r\u00e9gion Sud, transmettront avec fougue les messages d\u2019espoir blues et negro-spirituals. Concert p\u00e9tillant mercredi 13 avec les miss du <b>sextet What Elle\u2019s<\/b>, qui mettront m\u00e9lomanes et n\u00e9ophytes d\u2019accord avec des standards jazz, swing, funk et rythm &amp; blues.<\/p>\n<p>Un jury en or<\/p>\n<p>Mi-ao\u00fbt, le <b>concours de chant du Disque d\u2019Or <\/b>mettra en lumi\u00e8re 45 talents, r\u00e9partis entre les 1re et 2de \u00e9liminatoires des 5 et 9. C\u2019est un jury exclusivement compos\u00e9 de professionnels du monde musical qui aura la d\u00e9licate mission de s\u00e9lectionner les 20 finalistes qui monteront sur sc\u00e8ne le 15 ao\u00fbt. Avec Bruno Berb\u00e8res, le directeur de casting de The Voice, comme jury d\u2019honneur, la pression sera \u00e0 son comble&#8230;<\/p>\n<p>Fin ao\u00fbt, les \u00e9toiles musicales continueront \u00e0 briller, cette fois \u00e0 travers les r\u00e9pertoires plus classiques de \u00ab\u00a0Sanary en musique\u00a0\u00bb (lire ci-dessous). Pour s\u2019enivrer de notes jusqu\u2019au bout de l\u2019\u00e9t\u00e9&#8230;<\/p>\n<p>            Fin ao\u00fbt, le classique pousse les murs&#8230;<\/p>\n<p>Avec Fran\u00e7oise Gn\u00e9ri, cr\u00e9atrice du Collectif Fractales, la musique classique se d\u00e9cloisonne et n\u2019h\u00e9site pas \u00e0 faire des incursions dans des r\u00e9pertoires inattendus. Le festival \u00ab Sanary en musique \u00bb 2025 ne d\u00e9rogera pas \u00e0 la r\u00e8gle avec le duo Duente, qui m\u00ealera le 17 ao\u00fbt chant et ukul\u00e9l\u00e9 ! Les 18 et 21, le trio Rackham invitera le public \u00e0 entrer dans le tourbillon des danses celtiques avec chants, guitares et cornemuses ! Le 19, carte blanche au violoniste Laurent Korcia, accompagn\u00e9 de Simone Tolom\u00e9o au bandon\u00e9on, de Marie Salvat au chant et violon, et de jeunes musiciens de Fractales. Laurent reviendra le 20 pour une soir\u00e9e consacr\u00e9e \u00e0 Tcha\u00efkovsky.<\/p>\n<p>Place \u00e0 Richard Strauss le 21 avec un concert de chambre autour des M\u00e9tamorphoses interpr\u00e9t\u00e9 par sept musiciens Fractales, une partition plus classique qui suivra les danses virevoltantes du trio Rackham. Les m\u00e9lomanes retrouveront avec bonheur le quatuor Van Dick le 22, avant le concert de cl\u00f4ture du 24 propos\u00e9 par les solistes Laurent Korcia et Coline Infante, et fera d\u00e9couvrir deux cr\u00e9ations de Simone Tolom\u00e9o. Du 19 ou 21, la saxophoniste Aina Font et la violoncelliste Manon Leroux (duo Nim) animeront rues et placettes de Sanary.<\/p>\n","protected":false},"excerpt":{"rendered":"D\u00e8s samedi, le festival \u00ab\u00a0Sanary sous les \u00e9toiles\u00a0\u00bb fera \u00e0 nouveau vibrer r\u00e9sidents et estivants avec une programmation&hellip;\n","protected":false},"author":2,"featured_media":252912,"comment_status":"","ping_status":"","sticky":false,"template":"","format":"standard","meta":{"footnotes":""},"categories":[9619],"tags":[1111,11,1777,674,7186,1011,27,12,882,25,2310],"class_list":{"0":"post-252911","1":"post","2":"type-post","3":"status-publish","4":"format-standard","5":"has-post-thumbnail","7":"category-toulon","8":"tag-actu","9":"tag-actualites","10":"tag-eu","11":"tag-europe","12":"tag-festivites","13":"tag-fr","14":"tag-france","15":"tag-news","16":"tag-provence-alpes-cote-dazur","17":"tag-republique-francaise","18":"tag-toulon"},"share_on_mastodon":{"url":"https:\/\/pubeurope.com\/@fr\/114866459230493346","error":""},"_links":{"self":[{"href":"https:\/\/www.europesays.com\/fr\/wp-json\/wp\/v2\/posts\/252911","targetHints":{"allow":["GET"]}}],"collection":[{"href":"https:\/\/www.europesays.com\/fr\/wp-json\/wp\/v2\/posts"}],"about":[{"href":"https:\/\/www.europesays.com\/fr\/wp-json\/wp\/v2\/types\/post"}],"author":[{"embeddable":true,"href":"https:\/\/www.europesays.com\/fr\/wp-json\/wp\/v2\/users\/2"}],"replies":[{"embeddable":true,"href":"https:\/\/www.europesays.com\/fr\/wp-json\/wp\/v2\/comments?post=252911"}],"version-history":[{"count":0,"href":"https:\/\/www.europesays.com\/fr\/wp-json\/wp\/v2\/posts\/252911\/revisions"}],"wp:featuredmedia":[{"embeddable":true,"href":"https:\/\/www.europesays.com\/fr\/wp-json\/wp\/v2\/media\/252912"}],"wp:attachment":[{"href":"https:\/\/www.europesays.com\/fr\/wp-json\/wp\/v2\/media?parent=252911"}],"wp:term":[{"taxonomy":"category","embeddable":true,"href":"https:\/\/www.europesays.com\/fr\/wp-json\/wp\/v2\/categories?post=252911"},{"taxonomy":"post_tag","embeddable":true,"href":"https:\/\/www.europesays.com\/fr\/wp-json\/wp\/v2\/tags?post=252911"}],"curies":[{"name":"wp","href":"https:\/\/api.w.org\/{rel}","templated":true}]}}