{"id":252915,"date":"2025-07-17T03:31:17","date_gmt":"2025-07-17T03:31:17","guid":{"rendered":"https:\/\/www.europesays.com\/fr\/252915\/"},"modified":"2025-07-17T03:31:17","modified_gmt":"2025-07-17T03:31:17","slug":"ciloa-annonce-un-traitement-revolutionnaire-contre-le-diabete-et-lobesite","status":"publish","type":"post","link":"https:\/\/www.europesays.com\/fr\/252915\/","title":{"rendered":"Ciloa annonce un traitement r\u00e9volutionnaire contre le diab\u00e8te et l\u2019ob\u00e9sit\u00e9"},"content":{"rendered":"<p>            Par<br \/>\n        <strong><br \/>\n            <a href=\"https:\/\/actu.fr\/auteur\/g-martin\" title=\"Consulter tous les articles de Gil Martin\" rel=\"nofollow noopener\" target=\"_blank\">Gil Martin<\/a><br \/>\n        <\/strong><\/p>\n<p>        Publi\u00e9 le<\/p>\n<p>            16 juil. 2025 \u00e0 8h41        <\/p>\n<p>Issue du CNRS et de l\u2019Universit\u00e9 de Montpellier, Ciloa est une <strong>jeune biotech pionni\u00e8re<\/strong> dans la bio-ing\u00e9nierie in vivo des <strong>v\u00e9sicules extracellulaires<\/strong> (ou EV) \u00e0 des fins <strong>th\u00e9rapeutiques et pr\u00e9ventives<\/strong>\u2026 Plus simplement, la chimie du corps humain fait que nos cellules s\u00e9cr\u00e8tent naturellement des v\u00e9sicules extracellulaires, ou \u00ab extracellular vesicles \u00bb qui agissent comme <strong>des messagers intercellulaires<\/strong>.<\/p>\n<p>Les EV pour transporter l\u2019adiponectine<\/p>\n<p class=\" wall-content\">Ciloa a d\u00e9velopp\u00e9 un projet de recherche, baptis\u00e9 \u00ab <strong>Diad\u00e8me<\/strong>\u00a0\u00bb, qui vise \u00e0 utiliser les capacit\u00e9s de \u00ab\u00a0transport\u00a0\u00bb de ces v\u00e9sicules extracellulaires pour d\u00e9velopper <strong>une nouvelle g\u00e9n\u00e9ration de solutions th\u00e9rapeutiques<\/strong>. La biotech a notamment d\u00e9velopp\u00e9 le biom\u00e9dicament APN-sEV qui permet de diffuser <strong>une hormone, l\u2019adiponectine<\/strong>, dans l\u2019organisme des personnes souffrant <strong>de diab\u00e8te et d\u2019ob\u00e9sit\u00e9<\/strong>. La capacit\u00e9 des EV permet de mieux diffuser l\u2019hormone \u00e0 toutes les cellules.<\/p>\n<blockquote class=\"ac-article-quote wall-content\">\n<p>\u00ab\u00a0Nous sommes les premiers \u00e0 r\u00e9ussir \u00e0 produire l\u2019adiponectine sous cette forme, en l\u2019associant aux petites v\u00e9sicules extracellulaires afin de r\u00e9aliser son haut potentiel th\u00e9rapeutique\u00a0\u00bb<\/p>\n<p>    <strong>Robert Mamoun<\/strong><br \/>\n        Directeur g\u00e9n\u00e9ral de Ciloa    <\/p><\/blockquote>\n<p class=\" wall-content\">\u00ab\u00a0Les premiers r\u00e9sultats ont confirm\u00e9 <strong>un potentiel th\u00e9rapeutique remarquable<\/strong> pour le traitement de plusieurs maladies m\u00e9taboliques touchant environ 2 milliards de patients dans le monde, en particulier le diab\u00e8te de type 2 et l\u2019ob\u00e9sit\u00e9\u00a0\u00bb, confirme <strong>Robert Mamoun, directeur g\u00e9n\u00e9ral de Ciloa <\/strong>et docteur en biologie mol\u00e9culaire. \u00ab\u00a0L\u2019adiponectine est une hormone reconnue comme l\u2019Ange gardien du m\u00e9tabolisme pour ses propri\u00e9t\u00e9s anti-inflammatoire, anti-stress-oxydatif, anti-apoptotique et insulino-sensibilisatrice. Elle pr\u00e9sente donc <strong>un potentiel th\u00e9rapeutique de premier plan<\/strong> dans plusieurs maladies m\u00e9taboliques comme le diab\u00e8te de type 2, les maladies cardiovasculaires et de la peau, plusieurs r\u00e9tinopathies (DMLA, r\u00e9tinopathie du pr\u00e9matur\u00e9 ou li\u00e9e au diab\u00e8te), des cancers hormonaux \u00bb.<\/p>\n<p>    <a href=\"https:\/\/www.google.com\/maps\/embed?pb=!1m18!1m12!1m3!1d2888.411480748859!2d3.8199915113096443!3d43.618793970983226!2m3!1f0!2f0!3f0!3m2!1i1024!2i768!4f13.1!3m3!1m2!1s0x12b6ac29a899e069%3A0x58b944bf91ab7787!2sCiloa!5e0!3m2!1sfr!2sfr!4v1752260065141!5m2!1sfr!2sfr\" title=\"Ouvrie le lien\" rel=\"nofollow noopener\" target=\"_blank\">Cliquez ici pour visualiser le contenu<\/a><\/p>\n<p>Vid\u00e9os : en ce moment sur Actu<br \/>\n    <img   decoding=\"async\" loading=\"lazy\" src=\"https:\/\/www.europesays.com\/fr\/wp-content\/uploads\/2025\/07\/photo-ciloa-robert-mamoun-960x640.jpg\" alt=\"Robert Mamoun, doctorat en biologie mol\u00e9culaire et dirigeant de la biotech Ciloa\" width=\"960\" height=\"640\"\/><br \/>\n    Robert Mamoun, docteur en biologie mol\u00e9culaire et dirigeant de la biotech montpelli\u00e9raine Ciloa (\u00a9Ciloa)Des r\u00e9sultats pr\u00e9-cliniques encourageants<\/p>\n<p class=\" wall-content\">Or, depuis plus de 20 ans, les travaux de d\u00e9veloppement de la production d\u2019adiponectine sous une forme stable et fonctionnelle ont \u00e9chou\u00e9. \u00ab\u00a0<strong>Nous sommes les premiers<\/strong> \u00e0 r\u00e9ussir \u00e0 produire l\u2019adiponectine sous cette forme, en l\u2019associant aux petites v\u00e9sicules extracellulaires afin de r\u00e9aliser son haut potentiel th\u00e9rapeutique \u00bb, affirme Robert Mamoun. Selon les r\u00e9sultats pr\u00e9-cliniques, l\u2019APN-sEV <strong>diminue fortement <\/strong>le surplus pond\u00e9ral, <strong>\u00e9limine le stockage de gras <\/strong>dans les organes test\u00e9s, <strong>augmente fortement<\/strong> la sensibilit\u00e9 \u00e0 l\u2019insuline et contribue <strong>\u00e0 la r\u00e9gulation du glucose<\/strong>. \u00ab De fa\u00e7on unique, l\u2019APN-sEV permet de pr\u00e9server toute la masse musculaire, y compris en co-traitement avec les anti-diab\u00e9tiques du march\u00e9 \u00bb, indique aussi Ciloa.<\/p>\n<p>Une aide de l\u2019\u00c9tat de 6,5 M\u20ac<\/p>\n<p class=\" wall-content\">Pour poursuivre ses recherches et obtenir la reconnaissance de son candidat m\u00e9dicament, Ciloa a d\u00e9croch\u00e9 <strong>un financement de l\u2019\u00c9tat de 6,5 M\u20ac<\/strong> du fonds \u00ab\u00a0<strong>Bioth\u00e9rapies et Bioproduction de Th\u00e9rapies Innovantes<\/strong>\u00a0\u00bb du programme national France 2030 : \u00ab Cette aide financi\u00e8re nous permettra de poursuivre le d\u00e9veloppement de notre biom\u00e9dicament APN-sEV, la seule forme recombinante, stable et fonctionnelle d\u2019adiponectine au monde \u00bb, souligne le directeur.<\/p>\n<blockquote class=\"ac-article-quote wall-content\">\n<p>\u00ab\u00a0La biotech lancera ensuite des essais cliniques de phase I (tol\u00e9rance) en 2027 et de phase II (efficacit\u00e9) en 2028\u00a0\u00bb<\/p>\n<p>    <strong\/>\n            <\/p><\/blockquote>\n<p class=\" wall-content\">\u00ab Nous avons d\u00e9montr\u00e9 que les propri\u00e9t\u00e9s de l\u2019APN-sEV r\u00e9sultaient de son action sur des voies m\u00e9taboliques sp\u00e9cifiques et diff\u00e9rentes de celles des anti-diab\u00e9tiques du march\u00e9, \u00bb ajoute <strong>Bernadette Trentin, directrice scientifique de Ciloa<\/strong>. \u00ab L\u2019APN-sEV est ainsi tr\u00e8s compl\u00e9mentaire de ces m\u00e9dicaments, <strong>ce qui permet d\u2019ouvrir la voie \u00e0 un traitement plus complet<\/strong>, plus s\u00fbr et durable de nombreuses maladies m\u00e9taboliques. \u00bb<\/p>\n<p>D\u00e9velopper un m\u00e9dicament<\/p>\n<p class=\" wall-content\">Les fonds obtenus via le projet \u00ab\u00a0Diad\u00e8me\u00a0\u00bb permettront \u00e0 Ciloa de d\u00e9velopper un m\u00e9dicament \u00ab\u00a0First-in-class\u00a0\u00bb et \u00ab\u00a0First-in-human\u00a0\u00bb compos\u00e9 d\u2019adiponectine pr\u00e9sent\u00e9e par les petites v\u00e9sicules extracellulaires. La biotech doit mettre en place la production du candidat m\u00e9dicament APN-sEV et r\u00e9aliser <strong>les \u00e9tudes pr\u00e9cliniques<\/strong> r\u00e8glementaires n\u00e9cessaires afin de s\u2019assurer de la s\u00e9curit\u00e9 du traitement. La biotech lancera ensuite <strong>des essais cliniques<\/strong> de phase I (tol\u00e9rance) en 2027 et de phase II (efficacit\u00e9) en 2028.<\/p>\n<p class=\" wall-content\">Suivez toute l\u2019actualit\u00e9 de vos villes et m\u00e9dias favoris en vous inscrivant \u00e0 <a href=\"https:\/\/moncompte.actu.fr\" title=\"D\u00e9couvez Mon Actu\" rel=\"nofollow noopener\" data-trk=\"{&quot;cta&quot;:{&quot;action&quot;:&quot;https:\\\/\\\/moncompte.actu.fr&quot;,&quot;category&quot;:&quot;mon compte&quot;,&quot;from&quot;:&quot;article footer&quot;,&quot;name&quot;:&quot;Mon actu&quot;,&quot;type&quot;:&quot;cta&quot;}}\" target=\"_blank\">Mon Actu<\/a>.<\/p>\n","protected":false},"excerpt":{"rendered":"Par Gil Martin Publi\u00e9 le 16 juil. 2025 \u00e0 8h41 Issue du CNRS et de l\u2019Universit\u00e9 de Montpellier,&hellip;\n","protected":false},"author":2,"featured_media":252916,"comment_status":"","ping_status":"","sticky":false,"template":"","format":"standard","meta":{"footnotes":""},"categories":[9599],"tags":[1111,11,1777,674,1011,27,2208,12,2680,25,2631],"class_list":{"0":"post-252915","1":"post","2":"type-post","3":"status-publish","4":"format-standard","5":"has-post-thumbnail","7":"category-montpellier","8":"tag-actu","9":"tag-actualites","10":"tag-eu","11":"tag-europe","12":"tag-fr","13":"tag-france","14":"tag-montpellier","15":"tag-news","16":"tag-occitanie","17":"tag-republique-francaise","18":"tag-sciences-technologie"},"share_on_mastodon":{"url":"https:\/\/pubeurope.com\/@fr\/114866466777437977","error":""},"_links":{"self":[{"href":"https:\/\/www.europesays.com\/fr\/wp-json\/wp\/v2\/posts\/252915","targetHints":{"allow":["GET"]}}],"collection":[{"href":"https:\/\/www.europesays.com\/fr\/wp-json\/wp\/v2\/posts"}],"about":[{"href":"https:\/\/www.europesays.com\/fr\/wp-json\/wp\/v2\/types\/post"}],"author":[{"embeddable":true,"href":"https:\/\/www.europesays.com\/fr\/wp-json\/wp\/v2\/users\/2"}],"replies":[{"embeddable":true,"href":"https:\/\/www.europesays.com\/fr\/wp-json\/wp\/v2\/comments?post=252915"}],"version-history":[{"count":0,"href":"https:\/\/www.europesays.com\/fr\/wp-json\/wp\/v2\/posts\/252915\/revisions"}],"wp:featuredmedia":[{"embeddable":true,"href":"https:\/\/www.europesays.com\/fr\/wp-json\/wp\/v2\/media\/252916"}],"wp:attachment":[{"href":"https:\/\/www.europesays.com\/fr\/wp-json\/wp\/v2\/media?parent=252915"}],"wp:term":[{"taxonomy":"category","embeddable":true,"href":"https:\/\/www.europesays.com\/fr\/wp-json\/wp\/v2\/categories?post=252915"},{"taxonomy":"post_tag","embeddable":true,"href":"https:\/\/www.europesays.com\/fr\/wp-json\/wp\/v2\/tags?post=252915"}],"curies":[{"name":"wp","href":"https:\/\/api.w.org\/{rel}","templated":true}]}}