{"id":252923,"date":"2025-07-17T03:37:55","date_gmt":"2025-07-17T03:37:55","guid":{"rendered":"https:\/\/www.europesays.com\/fr\/252923\/"},"modified":"2025-07-17T03:37:55","modified_gmt":"2025-07-17T03:37:55","slug":"apprenons-des-maintenant-a-faire-des-economies-deau-face-a-la-secheresse","status":"publish","type":"post","link":"https:\/\/www.europesays.com\/fr\/252923\/","title":{"rendered":"\u00ab Apprenons d\u00e8s maintenant \u00e0 faire des \u00e9conomies d&rsquo;eau face \u00e0 la s\u00e9cheresse \u00bb"},"content":{"rendered":"<p>            Par<br \/>\n        <strong><br \/>\n            <a href=\"https:\/\/actu.fr\/auteur\/manuel-rodriguez\" title=\"Consulter tous les articles de Manuel Rodriguez\" target=\"_blank\" rel=\"noopener\">Manuel Rodriguez<\/a><br \/>\n        <\/strong><\/p>\n<p>        Publi\u00e9 le<\/p>\n<p>            15 juil. 2025 \u00e0 18h28        <\/p>\n<p>De vigilance \u00e0 <b>alerte<\/b>. Depuis vendredi 11\u00a0juillet, <b>l\u2019Ille-et-Vilaine<\/b> a atteint le niveau 2, sur 4, de la <a href=\"https:\/\/actu.fr\/bretagne\/saint-malo_35288\/lille-et-vilaine-placee-en-alerte-secheresse-des-restrictions-et-interdictions-annoncees_62904616.html\" target=\"_blank\" rel=\"noopener\">s\u00e9cheresse<\/a>. Un seuil qui induit des interdictions et des restrictions de consommation de l\u2019<b>eau potable. <\/b><\/p>\n<p class=\" wall-content\">C\u2019est aussi l\u2019occasion de se questionner sur nos (mauvaises) habitudes au quotidien. Et de trouver des sources d\u2019\u00e9conomies.<\/p>\n<p>Pourquoi en est-on l\u00e0 ?<\/p>\n<p class=\" wall-content\">Certains s\u2019en \u00e9meuvent, ne comprennent pas. On voit r\u00e9guli\u00e8rement fleurir des commentaires du style : \u00ab Il y pleut presque 8 mois de l\u2019ann\u00e9e, comment c\u2019est possible ? \u00bb<\/p>\n<p class=\" wall-content\">R\u00e9ponse : il y a eu un d\u00e9ficit pluviom\u00e9trique au printemps. Au moment le plus important pour la recharge des nappes.<\/p>\n<blockquote class=\"ac-article-quote wall-content\">\n<p>Les mois de f\u00e9vrier, mars et avril 2025 sont les plus secs qu\u2019on ait eu depuis longtemps. On est \u00e0 50 % de pluviom\u00e9trie en moins par rapport \u00e0 une ann\u00e9e moyenne.<\/p>\n<p>Joseph Boivent, pr\u00e9sident du Syndicat eau du pays de Foug\u00e8res<\/p><\/blockquote>\n<p class=\" wall-content\">S\u2019ajoutent deux autres ph\u00e9nom\u00e8nes.<\/p>\n<p>Vid\u00e9os : en ce moment sur Actu<\/p>\n<p class=\" wall-content\">G\u00e9ologique tout d\u2019abord : \u00ab Notre sous-sol stocke peu \u00e0 cause de nappes \u00e0 faible capacit\u00e9 \u00bb, r\u00e9sume Joseph Boivent.<\/p>\n<p class=\" wall-content\">Climatique, ensuite : \u00ab Nous sommes \u00e0 une <b>hausse des temp\u00e9ratures <\/b>de 2,2\u00b0. Cons\u00e9quence, l\u2019<b>\u00e9vapotranspiration<\/b> est plus importante \u00bb, r\u00e9sume <b>Diana Lefeuvre<\/b>, adjointe au maire de Foug\u00e8res en charge de la transition \u00e9cologique et \u00e9nerg\u00e9tique.<\/p>\n<p class=\" wall-content\">Elle pr\u00e9cise que les averses orageuses en \u00e9t\u00e9 n\u2019inversent pas les courbes : \u00ab \u00c7a ne nourrit pas les nappes car la v\u00e9g\u00e9tation, en demande \u00e0 cette p\u00e9riode, capte l\u2019essentiel de l\u2019eau. \u00c7a reverdit la surface, pas en profondeur \u00bb.<\/p>\n<p>Quelles obligations ?<\/p>\n<p class=\" wall-content\">L\u2019\u00e9tat d\u2019alerte dans lequel la pr\u00e9fecture a fait basculer le d\u00e9partement implique des <b>restrictions<\/b> :<\/p>\n<ul class=\" wall-content\">\n<li>l\u2019arrosage des jardins et pelouses est interdit entre 8 h et 20 h ;<\/li>\n<li>l\u2019arrosage des potagers est interdit entre 10 h et 20 h ;<\/li>\n<li>le remplissage et la vidange des piscines sont interdits (sauf mise en eau) ;<\/li>\n<li>le lavage des v\u00e9hicules se fait uniquement dans les stations autoris\u00e9es ;<\/li>\n<li>lavage des b\u00e2timents interdit.<\/li>\n<\/ul>\n<p class=\" wall-content\">\u00ab L\u2019eau a \u00e9t\u00e9 coup\u00e9e au cimeti\u00e8re. Les usagers devront apporter leur propre eau r\u00e9cup\u00e9r\u00e9e \u00bb, ajoute Diana Lefeuvre.<\/p>\n<p class=\" wall-content\">Tout est sp\u00e9cifi\u00e9, secteur par secteur sur le<a href=\"https:\/\/vigieau.gouv.fr\/\" target=\"_blank\" rel=\"noopener\"> site vigieau.gouv.fr.<\/a><\/p>\n<p>Quels gestes adopter ?<\/p>\n<p class=\" wall-content\">\u00ab Apprenons d\u00e8s maintenant \u00e0 faire des <b>\u00e9conomies<\/b> face \u00e0 la s\u00e9cheresse, \u00e0 travailler sur la <b>sobri\u00e9t\u00e9<\/b> \u00bb insiste Joseph Boivent, avant de rappeler que \u00ab 80 % de la consommation d\u2019eau potable est le fait de nous, les citoyens \u00bb.<\/p>\n<p class=\" wall-content\">Lui et Diana Lefeuvre en sont persuad\u00e9s : la capacit\u00e9 \u00e0 agir est \u00e9norme. \u00ab On doit prendre conscience de la valeur de l\u2019eau, que chaque litre doit servir \u00bb.<\/p>\n<p class=\" wall-content\">Ils font donc la promotion des <b>\u00e9cogestes,<\/b> \u00ab un bon moyen de pr\u00e9server les ressources en eau et d\u2019\u00e9viter que la situation s\u2019aggrave \u00bb.<\/p>\n<p class=\" wall-content\">Quelques exemples de bonnes habitudes \u00e0 prendre \u00e0 l\u2019\u00e9chelle individuelle : limiter le temps sous la douche (moins de quatre minutes), ne pas laisser couler l\u2019eau quand on se lave les mains.\u00a0Installer des mousseurs d\u2019eau sur un robinet en r\u00e9duit de 50 % la consommation. Idem avec une douchette \u00e9conome dans la salle de bain.<\/p>\n<p class=\" wall-content\">Quant aux chasses d\u2019eau modernes, elles permettent \u00e9galement de grosses \u00e9conomies d\u2019eau. \u00ab Et en plus, c\u2019est bon, aussi, pour le portefeuille \u00bb, conclut Joseph Boivent<\/p>\n<p>Quid des risques de feux de for\u00eat ?<\/p>\n<p class=\" wall-content\">Dans ce contexte de forte s\u00e9cheresse, la Ville et le syndicat eau lancent un appel \u00e0 la vigilance face aux <b>incendies<\/b>. Les risques sont tr\u00e8s \u00e9lev\u00e9s dans les <b>massifs forestiers.<\/b><\/p>\n<p class=\" wall-content\">Y compris en for\u00eat de Foug\u00e8res, tr\u00e8s fr\u00e9quent\u00e9e en p\u00e9riode estivale. \u00ab Il ne faut plus une cigarette, ni un barbecue en for\u00eat l\u2019\u00e9t\u00e9 \u00bb, insiste Diana Lefeuvre avant de donner un chiffre : \u00ab Depuis le d\u00e9but de l\u2019\u00e9t\u00e9, les pompiers d\u2019Ille-et-Vilaine sont mobilis\u00e9s chaque jour par dix feux d\u2019espaces naturels \u00bb.<\/p>\n<p class=\" wall-content\">Suivez toute l\u2019actualit\u00e9 de vos villes et m\u00e9dias favoris en vous inscrivant \u00e0 <a href=\"https:\/\/moncompte.actu.fr\" title=\"D\u00e9couvez Mon Actu\" rel=\"nofollow noopener\" data-trk=\"{&quot;cta&quot;:{&quot;action&quot;:&quot;https:\\\/\\\/moncompte.actu.fr&quot;,&quot;category&quot;:&quot;mon compte&quot;,&quot;from&quot;:&quot;article footer&quot;,&quot;name&quot;:&quot;Mon actu&quot;,&quot;type&quot;:&quot;cta&quot;}}\" target=\"_blank\">Mon Actu<\/a>.<\/p>\n<ul class=\"ac-article-tag wall-content\">\n<li><a href=\"https:\/\/actu.fr\/tag\/foret-de-fougeres\" data-trk=\"{&quot;cta&quot;:{&quot;action&quot;:&quot;For\\u00eat de Foug\\u00e8res&quot;,&quot;category&quot;:&quot;tag&quot;,&quot;from&quot;:&quot;article footer&quot;,&quot;name&quot;:&quot;For\\u00eat de Foug\\u00e8res&quot;,&quot;type&quot;:&quot;cta&quot;}}\" target=\"_blank\" rel=\"noopener\">#For\u00eat de Foug\u00e8res<\/a><\/li>\n<li><a href=\"https:\/\/actu.fr\/tag\/secheresse\" data-trk=\"{&quot;cta&quot;:{&quot;action&quot;:&quot;S\\u00e9cheresse&quot;,&quot;category&quot;:&quot;tag&quot;,&quot;from&quot;:&quot;article footer&quot;,&quot;name&quot;:&quot;S\\u00e9cheresse&quot;,&quot;type&quot;:&quot;cta&quot;}}\" target=\"_blank\" rel=\"noopener\">#S\u00e9cheresse<\/a><\/li>\n<\/ul>\n","protected":false},"excerpt":{"rendered":"Par Manuel Rodriguez Publi\u00e9 le 15 juil. 2025 \u00e0 18h28 De vigilance \u00e0 alerte. Depuis vendredi 11\u00a0juillet, l\u2019Ille-et-Vilaine&hellip;\n","protected":false},"author":2,"featured_media":252924,"comment_status":"","ping_status":"","sticky":false,"template":"","format":"standard","meta":{"footnotes":""},"categories":[2821],"tags":[1111,11,829,1777,674,39342,1011,27,12,52,584,25,12817],"class_list":{"0":"post-252923","1":"post","2":"type-post","3":"status-publish","4":"format-standard","5":"has-post-thumbnail","7":"category-rennes","8":"tag-actu","9":"tag-actualites","10":"tag-bretagne","11":"tag-eu","12":"tag-europe","13":"tag-foret-de-fougeres","14":"tag-fr","15":"tag-france","16":"tag-news","17":"tag-planete","18":"tag-rennes","19":"tag-republique-francaise","20":"tag-secheresse"},"share_on_mastodon":{"url":"https:\/\/pubeurope.com\/@fr\/114866494253112082","error":""},"_links":{"self":[{"href":"https:\/\/www.europesays.com\/fr\/wp-json\/wp\/v2\/posts\/252923","targetHints":{"allow":["GET"]}}],"collection":[{"href":"https:\/\/www.europesays.com\/fr\/wp-json\/wp\/v2\/posts"}],"about":[{"href":"https:\/\/www.europesays.com\/fr\/wp-json\/wp\/v2\/types\/post"}],"author":[{"embeddable":true,"href":"https:\/\/www.europesays.com\/fr\/wp-json\/wp\/v2\/users\/2"}],"replies":[{"embeddable":true,"href":"https:\/\/www.europesays.com\/fr\/wp-json\/wp\/v2\/comments?post=252923"}],"version-history":[{"count":0,"href":"https:\/\/www.europesays.com\/fr\/wp-json\/wp\/v2\/posts\/252923\/revisions"}],"wp:featuredmedia":[{"embeddable":true,"href":"https:\/\/www.europesays.com\/fr\/wp-json\/wp\/v2\/media\/252924"}],"wp:attachment":[{"href":"https:\/\/www.europesays.com\/fr\/wp-json\/wp\/v2\/media?parent=252923"}],"wp:term":[{"taxonomy":"category","embeddable":true,"href":"https:\/\/www.europesays.com\/fr\/wp-json\/wp\/v2\/categories?post=252923"},{"taxonomy":"post_tag","embeddable":true,"href":"https:\/\/www.europesays.com\/fr\/wp-json\/wp\/v2\/tags?post=252923"}],"curies":[{"name":"wp","href":"https:\/\/api.w.org\/{rel}","templated":true}]}}