{"id":252925,"date":"2025-07-17T03:39:08","date_gmt":"2025-07-17T03:39:08","guid":{"rendered":"https:\/\/www.europesays.com\/fr\/252925\/"},"modified":"2025-07-17T03:39:08","modified_gmt":"2025-07-17T03:39:08","slug":"que-faire-a-rennes-cet-ete-retrouvez-gratuitement-notre-guide-2025-2","status":"publish","type":"post","link":"https:\/\/www.europesays.com\/fr\/252925\/","title":{"rendered":"Que faire \u00e0 Rennes cet \u00e9t\u00e9\u00a0? Retrouvez gratuitement notre guide 2025"},"content":{"rendered":"<p>Rennes. On y vient en train \u00e0 grande vitesse, 1\u00a0h\u00a030 depuis Paris. 308\u00a0petits kilom\u00e8tres m\u00e8nent jusqu\u2019ici, dans cette grande ville qui tient \u00e0 cultiver les atouts d\u2019une petite, peinte du vert des parcs et du bleu des rivi\u00e8res.<\/p>\n<p>Vue du ciel, la capitale bretonne compte 25\u00a0% de couverture arbor\u00e9e, ce qui fait d\u2019elle la cinqui\u00e8me ville de plus de 200\u00a0000\u00a0habitants la plus \u00ab\u00a0verte\u00a0\u00bb du pays. <a href=\"https:\/\/www.ouest-france.fr\/tourisme\/un-tour-de-rennes-a-velo-pour-visiter-autrement-la-ville-et-ses-parcs-613939f6-fa2d-11ed-a003-8290333685fd\" target=\"_self\" rel=\"noopener\">On s\u2019y balade \u00e0 v\u00e9lo<\/a>, on s\u2019y prom\u00e8ne en bateau sur ses canaux. On y fl\u00e2ne, on y vagabonde, car tout peut s\u2019y faire \u00e0 pied ou presque. Si on est fatigu\u00e9, on y prend le m\u00e9tro. On y aime les vieilles pierres et les maisons \u00e0 pans-de-bois. On y fait la f\u00eate, car Rennes la Bretonne sait s\u2019agiter, les festivals y pleuvent et ensoleillent l\u2019\u00e9t\u00e9. On y mange aussi, et bien, car <a href=\"https:\/\/rennes.maville.com\/actu\/actudet_-rennes-capitale-de-la-gastronomie-bretonne-suivez-notre-balade-culinaire-a-travers-la-ville-_7-6587786_actu.Htm\" target=\"_self\" rel=\"noopener\">la sc\u00e8ne culinaire rennaise est inventive, go\u00fbt\u00e9e<\/a>\u2026 et pas que de la galette-saucisse, tr\u00e9sor du Pays gallo qui se d\u00e9vore les jours de march\u00e9.<\/p>\n<p><strong>Lire aussi\u00a0:<\/strong> <a href=\"https:\/\/rennes.maville.com\/actu\/actudet_-nos-guides-de-l-ete-a-l-ouest-sont-disponibles-gratuitement-_4-6896270_actu.Htm\" target=\"_self\" rel=\"noopener\">Nos guides de l\u2019\u00e9t\u00e9 \u00c0 l\u2019Ouest sont disponibles gratuitement<\/a><\/p>\n<p>L\u2019expo Pinault au c\u0153ur de l\u2019\u00e9t\u00e9<\/p>\n<p>On y cultive un art de vivre \u00ab\u00a0\u00e0 la rennaise\u00a0\u00bb. Et l\u2019art tout court. Du 14\u00a0juin au 14\u00a0septembre, on peut y d\u00e9couvrir 90\u00a0\u0153uvres de la collection Pinault sur le th\u00e8me du portrait. On peut aborder cette ville en 24\u00a0heures chrono ou <a href=\"https:\/\/rennes.maville.com\/actu\/actudet_-un-week-end-a-rennes-la-ville-bretonne-pour-tous-les-gouts-_7-6737846_actu.Htm\" target=\"_self\" rel=\"noopener\">le temps d\u2019un week-end<\/a>. On peut viser les incontournables ou prendre des chemins d\u00e9tourn\u00e9s. On peut y rester. Et en repartir le temps de cligner les yeux. Porte d\u2019entr\u00e9e de la Bretagne, Rennes est un hub pour Saint-Malo, la for\u00eat de Broc\u00e9liande, le Mont-Saint-Michel, Foug\u00e8res, Vitr\u00e9 et leur ch\u00e2teau, Redon et tant d\u2019autres destinations\u2026 Comment se d\u00e9placer, s\u2019y rep\u00e9rer, o\u00f9 loger, que voir, o\u00f9 manger\u2026 Suivez le guide\u00a0!<\/p>\n<p>\t<img decoding=\"async\" src=\"https:\/\/www.europesays.com\/fr\/wp-content\/uploads\/2025\/07\/P35359192D6902468G_px_640_.jpg\" alt=\"photo le guide de vos vacances \u00e0 rennes est actuellement disponible en kiosque et magasin.  \u00a9  ouest-france\" width=\"640\" title=\" Le Guide de vos vacances \u00e0 Rennes est actuellement disponible en kiosque et magasin.   Ouest-France \"\/><\/p>\n<p class=\"elmt-legende\"> Le Guide de vos vacances \u00e0 Rennes est actuellement disponible en kiosque et magasin.   Ouest-France <\/p>\n<p>Le guide de l\u2019\u00e9t\u00e9 \u00c0 l\u2019Ouest sur Rennes est \u00e0 retrouver dans les Offices de tourisme comme dans les grands sites touristiques et <a href=\"https:\/\/www.ouest-france.fr\/premium\/journal\/journal-ouest-france\/2025-06-07\/?edition=rennes&amp;supplement=ille-et-vilaine&amp;popin=1\" target=\"_self\" rel=\"noopener\">en version liseuse num\u00e9rique \u00e0 t\u00e9l\u00e9charger gratuitement<\/a>.<\/p>\n<p>\u00a0<\/p>\n","protected":false},"excerpt":{"rendered":"Rennes. On y vient en train \u00e0 grande vitesse, 1\u00a0h\u00a030 depuis Paris. 308\u00a0petits kilom\u00e8tres m\u00e8nent jusqu\u2019ici, dans cette&hellip;\n","protected":false},"author":2,"featured_media":252422,"comment_status":"","ping_status":"","sticky":false,"template":"","format":"standard","meta":{"footnotes":""},"categories":[2821],"tags":[17,1111,11,829,2883,1777,674,4560,1011,27,19615,4463,12,584,25,3272],"class_list":{"0":"post-252925","1":"post","2":"type-post","3":"status-publish","4":"format-standard","5":"has-post-thumbnail","7":"category-rennes","8":"tag-17","9":"tag-actu","10":"tag-actualites","11":"tag-bretagne","12":"tag-ete","13":"tag-eu","14":"tag-europe","15":"tag-faire","16":"tag-fr","17":"tag-france","18":"tag-gratuitement","19":"tag-guide","20":"tag-news","21":"tag-rennes","22":"tag-republique-francaise","23":"tag-saint-nazaire"},"share_on_mastodon":{"url":"https:\/\/pubeurope.com\/@fr\/114866498112427532","error":""},"_links":{"self":[{"href":"https:\/\/www.europesays.com\/fr\/wp-json\/wp\/v2\/posts\/252925","targetHints":{"allow":["GET"]}}],"collection":[{"href":"https:\/\/www.europesays.com\/fr\/wp-json\/wp\/v2\/posts"}],"about":[{"href":"https:\/\/www.europesays.com\/fr\/wp-json\/wp\/v2\/types\/post"}],"author":[{"embeddable":true,"href":"https:\/\/www.europesays.com\/fr\/wp-json\/wp\/v2\/users\/2"}],"replies":[{"embeddable":true,"href":"https:\/\/www.europesays.com\/fr\/wp-json\/wp\/v2\/comments?post=252925"}],"version-history":[{"count":0,"href":"https:\/\/www.europesays.com\/fr\/wp-json\/wp\/v2\/posts\/252925\/revisions"}],"wp:featuredmedia":[{"embeddable":true,"href":"https:\/\/www.europesays.com\/fr\/wp-json\/wp\/v2\/media\/252422"}],"wp:attachment":[{"href":"https:\/\/www.europesays.com\/fr\/wp-json\/wp\/v2\/media?parent=252925"}],"wp:term":[{"taxonomy":"category","embeddable":true,"href":"https:\/\/www.europesays.com\/fr\/wp-json\/wp\/v2\/categories?post=252925"},{"taxonomy":"post_tag","embeddable":true,"href":"https:\/\/www.europesays.com\/fr\/wp-json\/wp\/v2\/tags?post=252925"}],"curies":[{"name":"wp","href":"https:\/\/api.w.org\/{rel}","templated":true}]}}