{"id":252930,"date":"2025-07-17T03:42:15","date_gmt":"2025-07-17T03:42:15","guid":{"rendered":"https:\/\/www.europesays.com\/fr\/252930\/"},"modified":"2025-07-17T03:42:15","modified_gmt":"2025-07-17T03:42:15","slug":"nice-des-colis-surprises-en-vente-dans-ce-centre-commercial-pendant-trois-jours","status":"publish","type":"post","link":"https:\/\/www.europesays.com\/fr\/252930\/","title":{"rendered":"Nice. Des colis surprises en vente dans ce centre commercial pendant trois jours"},"content":{"rendered":"<p>            Par<br \/>\n        <strong><br \/>\n            <a href=\"https:\/\/actu.fr\/auteur\/ugo-maillard\" title=\"Consulter tous les articles de Ugo Maillard\" rel=\"nofollow noopener\" target=\"_blank\">Ugo Maillard<\/a><br \/>\n        <\/strong><\/p>\n<p>        Publi\u00e9 le<\/p>\n<p>            16 juil. 2025 \u00e0 15h17        <\/p>\n<p>Une tendance qui continue de rencontrer un succ\u00e8s aupr\u00e8s des consommateurs. Depuis plusieurs ann\u00e9es, les <a href=\"https:\/\/actu.fr\/societe\/la-vente-de-colis-perdus-ou-mysteres-en-plein-boom-pourquoi-ce-phenomene-cartonne-en-france_60776878.html\" rel=\"nofollow noopener\" target=\"_blank\">ventes de colis<\/a> perdus ou jamais r\u00e9cup\u00e9r\u00e9s sont tr\u00e8s en vogue en France.<\/p>\n<p class=\" wall-content\">Du mercredi\u00a016 au samedi 19\u00a0juillet 2025, une <strong>vente de colis surprises<\/strong> est organis\u00e9e dans le centre commercial Lingosti\u00e8re \u00e0 l\u2019ouest de <a href=\"https:\/\/actu.fr\/nice\/\" rel=\"nofollow noopener\" target=\"_blank\">Nice<\/a>.<\/p>\n<p>    <a href=\"https:\/\/www.google.com\/maps\/embed?pb=!1m18!1m12!1m3!1d5766.098737496138!2d7.184232375917114!3d43.73030127109854!2m3!1f0!2f0!3f0!3m2!1i1024!2i768!4f13.1!3m3!1m2!1s0x12cdcff92805cf9b%3A0x8ad52ee13ead05f0!2sCentre%20commercial%20Carrefour%20Nice%20Lingosti%C3%A8re!5e0!3m2!1sfr!2sfr!4v1752666125621!5m2!1sfr!2sfr\" title=\"Ouvrie le lien\" rel=\"nofollow noopener\" target=\"_blank\">Cliquez ici pour visualiser le contenu<\/a><\/p>\n<p class=\" wall-content\">Voici comment en profiter.<\/p>\n<p>Dans la limite des stocks<\/p>\n<p class=\" wall-content\">L\u2019enseigne Tout en Colis organise cette vente de colis vendus au prix de leur poids permet d\u2019acqu\u00e9rir des v\u00eatements, gadgets, baskets ou encore des objets \u00e9lectroniques.<\/p>\n<p>Vid\u00e9os : en ce moment sur Actu<\/p>\n<p class=\" wall-content\">Les clients du centre commercial pourront profiter de cette vente de mercredi \u00e0 samedi de <strong>9h \u00e0 20h<\/strong>, jusqu\u2019\u00e0 \u00e9puisement des stocks.<\/p>\n<blockquote class=\"ac-article-quote wall-content\">\n<p>Nous sommes tr\u00e8s heureux de proposer aux clients du centre commercial cette vente \u00e0 l\u2019aveugle, \u00e0 la fois originale et tr\u00e8s ludique. Il s\u2019agit pour eux de vivre une v\u00e9ritable exp\u00e9rience shopping et de r\u00e9aliser de belles affaires.<\/p>\n<p>    <strong>Anthony Di Folco<\/strong><br \/>\n        Directeur du centre commercial    <\/p><\/blockquote>\n<p class=\" wall-content\">La vente est organis\u00e9e en face de la boutique Bouygues Telecom.<\/p>\n<p class=\" wall-content\">Suivez toute l\u2019actualit\u00e9 de vos villes et m\u00e9dias favoris en vous inscrivant \u00e0 <a href=\"https:\/\/moncompte.actu.fr\" title=\"D\u00e9couvez Mon Actu\" rel=\"nofollow noopener\" data-trk=\"{&quot;cta&quot;:{&quot;action&quot;:&quot;https:\\\/\\\/moncompte.actu.fr&quot;,&quot;category&quot;:&quot;mon compte&quot;,&quot;from&quot;:&quot;article footer&quot;,&quot;name&quot;:&quot;Mon actu&quot;,&quot;type&quot;:&quot;cta&quot;}}\" target=\"_blank\">Mon Actu<\/a>.<\/p>\n","protected":false},"excerpt":{"rendered":"Par Ugo Maillard Publi\u00e9 le 16 juil. 2025 \u00e0 15h17 Une tendance qui continue de rencontrer un succ\u00e8s&hellip;\n","protected":false},"author":2,"featured_media":252931,"comment_status":"","ping_status":"","sticky":false,"template":"","format":"standard","meta":{"footnotes":""},"categories":[2819],"tags":[1111,11,215,33,1777,674,1011,27,12,2401,882,25],"class_list":{"0":"post-252930","1":"post","2":"type-post","3":"status-publish","4":"format-standard","5":"has-post-thumbnail","7":"category-nice","8":"tag-actu","9":"tag-actualites","10":"tag-commerce","11":"tag-economie","12":"tag-eu","13":"tag-europe","14":"tag-fr","15":"tag-france","16":"tag-news","17":"tag-nice","18":"tag-provence-alpes-cote-dazur","19":"tag-republique-francaise"},"share_on_mastodon":{"url":"https:\/\/pubeurope.com\/@fr\/114866509804421743","error":""},"_links":{"self":[{"href":"https:\/\/www.europesays.com\/fr\/wp-json\/wp\/v2\/posts\/252930","targetHints":{"allow":["GET"]}}],"collection":[{"href":"https:\/\/www.europesays.com\/fr\/wp-json\/wp\/v2\/posts"}],"about":[{"href":"https:\/\/www.europesays.com\/fr\/wp-json\/wp\/v2\/types\/post"}],"author":[{"embeddable":true,"href":"https:\/\/www.europesays.com\/fr\/wp-json\/wp\/v2\/users\/2"}],"replies":[{"embeddable":true,"href":"https:\/\/www.europesays.com\/fr\/wp-json\/wp\/v2\/comments?post=252930"}],"version-history":[{"count":0,"href":"https:\/\/www.europesays.com\/fr\/wp-json\/wp\/v2\/posts\/252930\/revisions"}],"wp:featuredmedia":[{"embeddable":true,"href":"https:\/\/www.europesays.com\/fr\/wp-json\/wp\/v2\/media\/252931"}],"wp:attachment":[{"href":"https:\/\/www.europesays.com\/fr\/wp-json\/wp\/v2\/media?parent=252930"}],"wp:term":[{"taxonomy":"category","embeddable":true,"href":"https:\/\/www.europesays.com\/fr\/wp-json\/wp\/v2\/categories?post=252930"},{"taxonomy":"post_tag","embeddable":true,"href":"https:\/\/www.europesays.com\/fr\/wp-json\/wp\/v2\/tags?post=252930"}],"curies":[{"name":"wp","href":"https:\/\/api.w.org\/{rel}","templated":true}]}}