{"id":252934,"date":"2025-07-17T03:44:15","date_gmt":"2025-07-17T03:44:15","guid":{"rendered":"https:\/\/www.europesays.com\/fr\/252934\/"},"modified":"2025-07-17T03:44:15","modified_gmt":"2025-07-17T03:44:15","slug":"le-jeune-nantais-etoile-camille-saint-mleux-ouvre-son-restaurant-a-paris","status":"publish","type":"post","link":"https:\/\/www.europesays.com\/fr\/252934\/","title":{"rendered":"Le jeune Nantais \u00e9toil\u00e9 Camille Saint-M\u2019leux ouvre son restaurant \u00e0 Paris"},"content":{"rendered":"<p>Il y a deux ans, le chef de la Villa9Trois, \u00e0 Montreuil, d\u00e9crochait \u00e0 27\u00a0ans une premi\u00e8re \u00e9toile du guide Michelin. Nous avions alors parl\u00e9 dans ces colonnes <a href=\"https:\/\/nantes.maville.com\/actu\/actudet_-nantes.-quand-le-jeune-chef-etoile-faisait-son-stage-de-3e-a-l-atlantide-_52716-5666489_actu.Htm\" target=\"_self\" rel=\"noopener\">de ce jeune Nantais, ancien stagiaire de troisi\u00e8me chez Jean-Yves Gu\u00e9ho, chef de l\u2019Atlantide 1874, s<\/a>ur la butte Sainte-Anne, quartier Chantenay. C\u2019est \u00e0 ses c\u00f4t\u00e9s que Camille Saint-M\u2019leux s\u2019\u00e9tait \u00e9pris de gastronomie, d\u00e8s l\u2019adolescence, avant de se former chez Ferrandi, puis de s\u2019exercer \u00e0 des tables r\u00e9put\u00e9es de France et d\u2019ailleurs.<\/p>\n<p>Produits bretons<\/p>\n<p>Des nouvelles, donc, du jeune prodige de la cuisine\u00a0: le Nantais vient d\u2019ouvrir son premier restaurant dans le XVIe\u00a0arrondissement de Paris. Il s\u2019appelle Geo\u00e9lia, nom du voilier de ses grands-parents qui larguait les amarres dans le golfe du Morbihan. \u00c0 sa carte, des produits bretons, dont un beurre aux crevettes grises qui accompagne le repas. En 2023, le jeune chef ne cachait pas son objectif de d\u00e9crocher une deuxi\u00e8me r\u00e9compense au Michelin. La course aux \u00e9toiles ne fait que commencer.<\/p>\n<p>\u00a0<\/p>\n","protected":false},"excerpt":{"rendered":"Il y a deux ans, le chef de la Villa9Trois, \u00e0 Montreuil, d\u00e9crochait \u00e0 27\u00a0ans une premi\u00e8re \u00e9toile&hellip;\n","protected":false},"author":2,"featured_media":252935,"comment_status":"","ping_status":"","sticky":false,"template":"","format":"standard","meta":{"footnotes":""},"categories":[2818],"tags":[1111,11,16630,14723,1777,674,1011,27,3913,39344,4715,766,12,10102,626,2636,25,1340,39343],"class_list":{"0":"post-252934","1":"post","2":"type-post","3":"status-publish","4":"format-standard","5":"has-post-thumbnail","7":"category-nantes","8":"tag-actu","9":"tag-actualites","10":"tag-camille","11":"tag-etoile","12":"tag-eu","13":"tag-europe","14":"tag-fr","15":"tag-france","16":"tag-jeune","17":"tag-leux","18":"tag-nantais","19":"tag-nantes","20":"tag-news","21":"tag-ouvre","22":"tag-paris","23":"tag-pays-de-la-loire","24":"tag-republique-francaise","25":"tag-restaurant","26":"tag-saint-m"},"share_on_mastodon":{"url":"https:\/\/pubeurope.com\/@fr\/114866517975557006","error":""},"_links":{"self":[{"href":"https:\/\/www.europesays.com\/fr\/wp-json\/wp\/v2\/posts\/252934","targetHints":{"allow":["GET"]}}],"collection":[{"href":"https:\/\/www.europesays.com\/fr\/wp-json\/wp\/v2\/posts"}],"about":[{"href":"https:\/\/www.europesays.com\/fr\/wp-json\/wp\/v2\/types\/post"}],"author":[{"embeddable":true,"href":"https:\/\/www.europesays.com\/fr\/wp-json\/wp\/v2\/users\/2"}],"replies":[{"embeddable":true,"href":"https:\/\/www.europesays.com\/fr\/wp-json\/wp\/v2\/comments?post=252934"}],"version-history":[{"count":0,"href":"https:\/\/www.europesays.com\/fr\/wp-json\/wp\/v2\/posts\/252934\/revisions"}],"wp:featuredmedia":[{"embeddable":true,"href":"https:\/\/www.europesays.com\/fr\/wp-json\/wp\/v2\/media\/252935"}],"wp:attachment":[{"href":"https:\/\/www.europesays.com\/fr\/wp-json\/wp\/v2\/media?parent=252934"}],"wp:term":[{"taxonomy":"category","embeddable":true,"href":"https:\/\/www.europesays.com\/fr\/wp-json\/wp\/v2\/categories?post=252934"},{"taxonomy":"post_tag","embeddable":true,"href":"https:\/\/www.europesays.com\/fr\/wp-json\/wp\/v2\/tags?post=252934"}],"curies":[{"name":"wp","href":"https:\/\/api.w.org\/{rel}","templated":true}]}}