{"id":252936,"date":"2025-07-17T03:45:11","date_gmt":"2025-07-17T03:45:11","guid":{"rendered":"https:\/\/www.europesays.com\/fr\/252936\/"},"modified":"2025-07-17T03:45:11","modified_gmt":"2025-07-17T03:45:11","slug":"un-medecin-condamne-a-deux-ans-de-prison-avec-sursis-pour-la-delivrance-abusive-de-pregabaline-2","status":"publish","type":"post","link":"https:\/\/www.europesays.com\/fr\/252936\/","title":{"rendered":"Un m\u00e9decin condamn\u00e9 \u00e0 deux ans de prison avec sursis pour la d\u00e9livrance abusive de pr\u00e9gabaline"},"content":{"rendered":"<p>Le tribunal correctionnel de <a href=\"https:\/\/www.20minutes.fr\/nantes\/\" target=\"_blank\" class=\"color-ultramarine c-link\" rel=\"nofollow noopener\">Nantes<\/a> a condamn\u00e9 mercredi un <a href=\"https:\/\/www.20minutes.fr\/dossier\/medecin\" target=\"_blank\" class=\"color-ultramarine c-link\" rel=\"nofollow noopener\">m\u00e9decin<\/a> g\u00e9n\u00e9raliste de 62 ans \u00e0 deux ans de prison avec sursis, cinq ans d\u2019interdiction d\u2019exercer et 50.000 euros d\u2019amende. En cause\u00a0: la d\u00e9livrance abusive de pr\u00e9gabaline, un anti\u00e9pileptique connu sous le nom de Lyrica, d\u00e9tourn\u00e9 ces derni\u00e8res ann\u00e9es pour ses effets anxiolytiques et euphorisants.<\/p>\n<p>Entre\u00a02021 et\u00a02023, le praticien a r\u00e9dig\u00e9 541 ordonnances \u00e0 destination de 106 patients, souvent \u00e0 des doses largement sup\u00e9rieures aux recommandations m\u00e9dicales. Certaines prescriptions atteignaient le double de la posologie maximale, selon les conclusions de l\u2019<a href=\"https:\/\/www.20minutes.fr\/dossier\/enquete\" target=\"_blank\" class=\"color-ultramarine c-link\" rel=\"nofollow noopener\">enqu\u00eate<\/a>.<\/p>\n<p>Menac\u00e9 par certains patients<\/p>\n<p>Jug\u00e9 pour <a href=\"https:\/\/www.20minutes.fr\/dossier\/escroquerie\" target=\"_blank\" class=\"color-ultramarine c-link\" rel=\"nofollow noopener\">escroquerie<\/a>, mise en danger d\u2019autrui et prescription non conforme d\u2019un <a href=\"https:\/\/www.20minutes.fr\/dossier\/medicament\" target=\"_blank\" class=\"color-ultramarine c-link\" rel=\"nofollow noopener\">m\u00e9dicament<\/a> class\u00e9 comme <a href=\"https:\/\/www.20minutes.fr\/dossier\/stupefiant\" target=\"_blank\" class=\"color-ultramarine c-link\" rel=\"nofollow noopener\">stup\u00e9fiant<\/a>, le m\u00e9decin a tent\u00e9 de justifier sa pratique en \u00e9voquant un contexte de forte pression. A la barre, il a assur\u00e9 avoir voulu \u00e9viter un sevrage brutal, \u00ab\u00a0susceptible d\u2019entra\u00eener des crises convulsives\u00a0\u00bb. Il a aussi affirm\u00e9 avoir \u00e9t\u00e9 menac\u00e9 par certains patients.<\/p>\n<\/p>\n<p>Lors de l\u2019enqu\u00eate, plusieurs patients ont d\u00e9crit un usage <a href=\"https:\/\/www.20minutes.fr\/dossier\/addiction\" target=\"_blank\" class=\"color-ultramarine c-link\" rel=\"nofollow noopener\">addictif<\/a> de la pr\u00e9gabaline et expliqu\u00e9 avoir entendu parler du praticien par le bouche-\u00e0-oreille. D\u00e9j\u00e0 \u00e9pingl\u00e9 en\u00a02011 et\u00a02017 par le conseil de l\u2019Ordre pour des prescriptions probl\u00e9matiques d\u2019opio\u00efdes et de traitements de substitution \u00e0 l\u2019h\u00e9ro\u00efne, le m\u00e9decin avait \u00e9t\u00e9 identifi\u00e9 fin\u00a02023 par la <a href=\"https:\/\/www.20minutes.fr\/dossier\/cpam\" target=\"_blank\" class=\"color-ultramarine c-link\" rel=\"nofollow noopener\">CPAM<\/a> comme le plus gros prescripteur de pr\u00e9gabaline de la r\u00e9gion.<\/p>\n<p>Un m\u00e9dicament dans le collimateur des autorit\u00e9s<\/p>\n<p>Son avocat, Me Matthieu Creach, a plaid\u00e9 le contexte difficile dans lequel exer\u00e7ait son client, au service d\u2019une patient\u00e8le d\u00e9favoris\u00e9e dans un d\u00e9sert m\u00e9dical\u00a0: \u00ab\u00a0Ces 541 ordonnances repr\u00e9sentent une goutte d\u2019eau dans une pratique de g\u00e9n\u00e9raliste pr\u00e9sent quand les cr\u00e9neaux Doctolib sont pleins et les urgences satur\u00e9es.\u00a0\u00bb Il a pr\u00e9cis\u00e9 \u00e0 l\u2019AFP que son client se r\u00e9servait la possibilit\u00e9 de faire appel.<\/p>\n<p><a href=\"https:\/\/www.20minutes.fr\/nantes\/\" target=\"_blank\" class=\"c-link c-btn c-btn--primary\" rel=\"nofollow noopener\">Toute l&rsquo;actualit\u00e9 \u00e0 Nantes<\/a><\/p>\n<p>Mise sous ordonnance s\u00e9curis\u00e9e depuis mai\u00a02021 par l\u2019Agence nationale de s\u00e9curit\u00e9 du m\u00e9dicament (ANSM), la pr\u00e9gabaline est dans le collimateur des autorit\u00e9s de sant\u00e9 face \u00e0 la hausse des abus et des d\u00e9tournements.<\/p>\n","protected":false},"excerpt":{"rendered":"Le tribunal correctionnel de Nantes a condamn\u00e9 mercredi un m\u00e9decin g\u00e9n\u00e9raliste de 62 ans \u00e0 deux ans de&hellip;\n","protected":false},"author":2,"featured_media":252937,"comment_status":"","ping_status":"","sticky":false,"template":"","format":"standard","meta":{"footnotes":""},"categories":[2818],"tags":[1111,47,11,6654,4073,13431,3513,1777,674,1011,27,303,3047,6339,225,766,12,2636,25],"class_list":{"0":"post-252936","1":"post","2":"type-post","3":"status-publish","4":"format-standard","5":"has-post-thumbnail","7":"category-nantes","8":"tag-actu","9":"tag-actualite","10":"tag-actualites","11":"tag-addiction","12":"tag-condamnation","13":"tag-cpam","14":"tag-escroquerie","15":"tag-eu","16":"tag-europe","17":"tag-fr","18":"tag-france","19":"tag-justice","20":"tag-loire-atlantique","21":"tag-medecin","22":"tag-medicament","23":"tag-nantes","24":"tag-news","25":"tag-pays-de-la-loire","26":"tag-republique-francaise"},"share_on_mastodon":{"url":"https:\/\/pubeurope.com\/@fr\/114866521554205887","error":""},"_links":{"self":[{"href":"https:\/\/www.europesays.com\/fr\/wp-json\/wp\/v2\/posts\/252936","targetHints":{"allow":["GET"]}}],"collection":[{"href":"https:\/\/www.europesays.com\/fr\/wp-json\/wp\/v2\/posts"}],"about":[{"href":"https:\/\/www.europesays.com\/fr\/wp-json\/wp\/v2\/types\/post"}],"author":[{"embeddable":true,"href":"https:\/\/www.europesays.com\/fr\/wp-json\/wp\/v2\/users\/2"}],"replies":[{"embeddable":true,"href":"https:\/\/www.europesays.com\/fr\/wp-json\/wp\/v2\/comments?post=252936"}],"version-history":[{"count":0,"href":"https:\/\/www.europesays.com\/fr\/wp-json\/wp\/v2\/posts\/252936\/revisions"}],"wp:featuredmedia":[{"embeddable":true,"href":"https:\/\/www.europesays.com\/fr\/wp-json\/wp\/v2\/media\/252937"}],"wp:attachment":[{"href":"https:\/\/www.europesays.com\/fr\/wp-json\/wp\/v2\/media?parent=252936"}],"wp:term":[{"taxonomy":"category","embeddable":true,"href":"https:\/\/www.europesays.com\/fr\/wp-json\/wp\/v2\/categories?post=252936"},{"taxonomy":"post_tag","embeddable":true,"href":"https:\/\/www.europesays.com\/fr\/wp-json\/wp\/v2\/tags?post=252936"}],"curies":[{"name":"wp","href":"https:\/\/api.w.org\/{rel}","templated":true}]}}