{"id":252944,"date":"2025-07-17T03:49:10","date_gmt":"2025-07-17T03:49:10","guid":{"rendered":"https:\/\/www.europesays.com\/fr\/252944\/"},"modified":"2025-07-17T03:49:10","modified_gmt":"2025-07-17T03:49:10","slug":"interpellation-dun-militant-pro-palestinien-ayant-perturbe-larrivee-a-toulouse","status":"publish","type":"post","link":"https:\/\/www.europesays.com\/fr\/252944\/","title":{"rendered":"interpellation d\u2019un militant pro-palestinien ayant perturb\u00e9 l\u2019arriv\u00e9e \u00e0 Toulouse"},"content":{"rendered":"<p class=\"article-p mdl\">Mercredi 16 juillet, l\u2019arriv\u00e9e de la 11e \u00e9tape du Tour de France a \u00e9t\u00e9 perturb\u00e9e par un homme portant un tee-shirt sur lequel on pouvait lire <strong>\u00ab\u00a0Israel out of the Tour\u00a0\u00bb (\u00ab\u00a0Isra\u00ebl hors du Tour\u00a0\u00bb)<\/strong>. Ce dernier a \u00e9t\u00e9 interpell\u00e9.<\/p>\n<p class=\"article-p mdl\">L&rsquo;homme a r\u00e9ussi, malgr\u00e9 les barri\u00e8res de s\u00e9curit\u00e9, \u00e0 atteindre la chauss\u00e9e sur laquelle Jonas Abrahamsen, Mauro Schmid et Mathieu van der Poel se disputaient\u00a0<a class=\"link\" href=\"https:\/\/www.rtl.fr\/sport\/autres-sports\/tour-de-france-2025-11e-etape-a-toulouse-mercredi-16-juillet-7900523732\" title=\"Tour de France 2025 : 11e \u00e9tape \u00e0 Toulouse mercredi 16 juillet\" target=\"_blank\" rel=\"noopener\">la victoire d&rsquo;\u00e9tape<\/a>. Il tenait un keffieh palestinien en main, avant d&rsquo;\u00eatre <strong>intercept\u00e9 par un membre de l&rsquo;organisation<\/strong> en charge des arriv\u00e9es d&rsquo;\u00e9tape.<\/p>\n<p class=\"article-p mdl\">La pr\u00e9fecture a confirm\u00e9 cette interpellation, sans fournir d&rsquo;autres pr\u00e9cisions, tandis qu&rsquo;Extinction R\u00e9bellion (XR) Toulouse a revendiqu\u00e9 <strong>une \u00ab\u00a0action coup de poing pour la Palestine\u00a0\u00bb<\/strong>. Les organisateurs d&rsquo;ASO n&rsquo;ont pas voulu commenter l&rsquo;incident.<\/p>\n<p class=\"article-p mdl\">Dans son communiqu\u00e9, XR a <strong>demand\u00e9 l&rsquo;exclusion de l&rsquo;\u00e9quipe Israel Premier Tech<\/strong>, \u00ab\u00a0une \u00e9quipe cycliste s&rsquo;autoproclamant \u2018ambassadrice d&rsquo;Isra\u00ebl\u2019 (qui) a \u00e9t\u00e9 autoris\u00e9e \u00e0 participer au Tour de France\u00a0\u00bb.<\/p>\n<p class=\"article-p mdl\">Sur le Tour de France, plusieurs policiers sont d\u00e9di\u00e9s \u00e0 la protection de l&rsquo;\u00e9quipe Israel PT. Au d\u00e9part de chaque \u00e9tape, on peut distinguer des membres des forces de l&rsquo;ordre qui montent la garde devant le bus de la formation isra\u00e9lienne. Durant l\u2019int\u00e9gralit\u00e9 de l\u2019\u00e9preuve <strong>plusieurs policiers sont d\u00e9di\u00e9s \u00e0 la protection de cette \u00e9quipe<\/strong>. La mention \u00ab\u00a0Isra\u00ebl\u00a0\u00bb a \u00e9t\u00e9 retir\u00e9e des v\u00e9hicules et du maillot d\u2019entra\u00eenement.<\/p>\n<p>    La r\u00e9daction vous recommande<\/p>\n<p class=\"s-newsletter__title\">\n                L\u2019actualit\u00e9 par la r\u00e9daction de RTL dans votre bo\u00eete mail.\n            <\/p>\n<p class=\"s-newsletter__subtitle\">\n                Gr\u00e2ce \u00e0 votre compte RTL abonnez-vous \u00e0 la newsletter RTL info pour suivre toute l&rsquo;actualit\u00e9 au quotidien\n            <\/p>\n<p>\n                                    Lire la suite\n                                <\/p>\n","protected":false},"excerpt":{"rendered":"Mercredi 16 juillet, l\u2019arriv\u00e9e de la 11e \u00e9tape du Tour de France a \u00e9t\u00e9 perturb\u00e9e par un homme&hellip;\n","protected":false},"author":2,"featured_media":252945,"comment_status":"","ping_status":"","sticky":false,"template":"","format":"standard","meta":{"footnotes":""},"categories":[2816],"tags":[1111,11,3062,3259,1777,674,107,2619,1011,27,664,12,2680,3518,25,517,2312,210],"class_list":{"0":"post-252944","1":"post","2":"type-post","3":"status-publish","4":"format-standard","5":"has-post-thumbnail","7":"category-toulouse","8":"tag-actu","9":"tag-actualites","10":"tag-autres-sports","11":"tag-conflit-israelo-palestinien","12":"tag-eu","13":"tag-europe","14":"tag-fil-info","15":"tag-fil-sport","16":"tag-fr","17":"tag-france","18":"tag-israel","19":"tag-news","20":"tag-occitanie","21":"tag-palestine","22":"tag-republique-francaise","23":"tag-sport","24":"tag-toulouse","25":"tag-tour-de-france"},"share_on_mastodon":{"url":"https:\/\/pubeurope.com\/@fr\/114866537328575623","error":""},"_links":{"self":[{"href":"https:\/\/www.europesays.com\/fr\/wp-json\/wp\/v2\/posts\/252944","targetHints":{"allow":["GET"]}}],"collection":[{"href":"https:\/\/www.europesays.com\/fr\/wp-json\/wp\/v2\/posts"}],"about":[{"href":"https:\/\/www.europesays.com\/fr\/wp-json\/wp\/v2\/types\/post"}],"author":[{"embeddable":true,"href":"https:\/\/www.europesays.com\/fr\/wp-json\/wp\/v2\/users\/2"}],"replies":[{"embeddable":true,"href":"https:\/\/www.europesays.com\/fr\/wp-json\/wp\/v2\/comments?post=252944"}],"version-history":[{"count":0,"href":"https:\/\/www.europesays.com\/fr\/wp-json\/wp\/v2\/posts\/252944\/revisions"}],"wp:featuredmedia":[{"embeddable":true,"href":"https:\/\/www.europesays.com\/fr\/wp-json\/wp\/v2\/media\/252945"}],"wp:attachment":[{"href":"https:\/\/www.europesays.com\/fr\/wp-json\/wp\/v2\/media?parent=252944"}],"wp:term":[{"taxonomy":"category","embeddable":true,"href":"https:\/\/www.europesays.com\/fr\/wp-json\/wp\/v2\/categories?post=252944"},{"taxonomy":"post_tag","embeddable":true,"href":"https:\/\/www.europesays.com\/fr\/wp-json\/wp\/v2\/tags?post=252944"}],"curies":[{"name":"wp","href":"https:\/\/api.w.org\/{rel}","templated":true}]}}