{"id":252948,"date":"2025-07-17T03:51:11","date_gmt":"2025-07-17T03:51:11","guid":{"rendered":"https:\/\/www.europesays.com\/fr\/252948\/"},"modified":"2025-07-17T03:51:11","modified_gmt":"2025-07-17T03:51:11","slug":"prison-ferme-pour-un-jeune-majeur-reconnu-coupable-du-proxenetisme-de-deux-mineures","status":"publish","type":"post","link":"https:\/\/www.europesays.com\/fr\/252948\/","title":{"rendered":"prison ferme pour un jeune majeur reconnu coupable du prox\u00e9n\u00e9tisme de deux mineures"},"content":{"rendered":"<p>Un jeune homme \u00e2g\u00e9 de 18\u00a0ans est pass\u00e9 le 10\u00a0juillet 2025 en comparution imm\u00e9diate \u00e0 Lille (Nord). Le mis en cause, dont le casier judiciaire \u00e9tait vierge, a \u00e9t\u00e9 reconnu coupable de <a target=\"_self\" href=\"https:\/\/www.lanouvellerepublique.fr\/tours\/elles-sont-exposees-au-proxenetisme-a-tours-utopia-56-alerte-sur-le-sors-des-jeunes-filles-mineures-1750871650\" rel=\"nofollow noopener\">prox\u00e9n\u00e9tisme<\/a> et condamn\u00e9 \u00e0 trois ans de prison dont deux avec sursis. Il devra indemniser les victimes, qu\u2019il n\u2019a pas le droit d\u2019approcher, a d\u00e9taill\u00e9 <a target=\"_blank\" href=\"https:\/\/www.lavoixdunord.fr\/1606580\/article\/2025-07-15\/metropole-de-lille-18-ans-peine-il-est-condamne-pour-proxenetisme-sur-mineures\" rel=\"nofollow noopener\">La Voix du Nord<\/a> mercredi 15\u00a0juillet.<\/p>\n<p>Une rencontre \u00e0 la F\u00eate de la musique<\/p>\n<p>Les adolescentes prostitu\u00e9es par le jeune majeur, \u00e2g\u00e9es de 16 et 17\u00a0ans, \u00e9taient h\u00e9berg\u00e9es dans un foyer de l\u2019aide sociale dont elles fuguaient fr\u00e9quemment. Le mis en cause a racont\u00e9 les avoir rencontr\u00e9es lors de la F\u00eate de la musique et avoir lou\u00e9 un appartement sur une plateforme en ligne pour leur \u00e9viter de dormir dans la rue.<\/p>\n<p>L\u2019enqu\u00eate et les \u00e9coutes t\u00e9l\u00e9phoniques ont toutefois montr\u00e9 que les victimes se sont prostitu\u00e9es sous la pression du jeune homme \u00e0 Lille, Croix, Tourcoing, Loos et Roubaix (<a target=\"_self\" href=\"https:\/\/www.lanouvellerepublique.fr\/nord\" rel=\"nofollow noopener\">Nord<\/a>). \u00c0 l\u2019audience, les adolescentes ont d\u00e9fendu le mis en cause, affirmant lui avoir demand\u00e9 de les prot\u00e9ger et pr\u00e9cisant qu\u2019il ne s\u2019\u00e9tait jamais montr\u00e9 violent avec elles.<\/p>\n","protected":false},"excerpt":{"rendered":"Un jeune homme \u00e2g\u00e9 de 18\u00a0ans est pass\u00e9 le 10\u00a0juillet 2025 en comparution imm\u00e9diate \u00e0 Lille (Nord). Le&hellip;\n","protected":false},"author":2,"featured_media":252949,"comment_status":"","ping_status":"","sticky":false,"template":"","format":"standard","meta":{"footnotes":""},"categories":[2815],"tags":[1111,11,1674,1777,674,274,1011,27,811,1307,12,1308,25],"class_list":{"0":"post-252948","1":"post","2":"type-post","3":"status-publish","4":"format-standard","5":"has-post-thumbnail","7":"category-lille","8":"tag-actu","9":"tag-actualites","10":"tag-communes","11":"tag-eu","12":"tag-europe","13":"tag-faits-divers-justice","14":"tag-fr","15":"tag-france","16":"tag-hauts-de-france","17":"tag-lille","18":"tag-news","19":"tag-nord","20":"tag-republique-francaise"},"share_on_mastodon":{"url":"https:\/\/pubeurope.com\/@fr\/114866545180923578","error":""},"_links":{"self":[{"href":"https:\/\/www.europesays.com\/fr\/wp-json\/wp\/v2\/posts\/252948","targetHints":{"allow":["GET"]}}],"collection":[{"href":"https:\/\/www.europesays.com\/fr\/wp-json\/wp\/v2\/posts"}],"about":[{"href":"https:\/\/www.europesays.com\/fr\/wp-json\/wp\/v2\/types\/post"}],"author":[{"embeddable":true,"href":"https:\/\/www.europesays.com\/fr\/wp-json\/wp\/v2\/users\/2"}],"replies":[{"embeddable":true,"href":"https:\/\/www.europesays.com\/fr\/wp-json\/wp\/v2\/comments?post=252948"}],"version-history":[{"count":0,"href":"https:\/\/www.europesays.com\/fr\/wp-json\/wp\/v2\/posts\/252948\/revisions"}],"wp:featuredmedia":[{"embeddable":true,"href":"https:\/\/www.europesays.com\/fr\/wp-json\/wp\/v2\/media\/252949"}],"wp:attachment":[{"href":"https:\/\/www.europesays.com\/fr\/wp-json\/wp\/v2\/media?parent=252948"}],"wp:term":[{"taxonomy":"category","embeddable":true,"href":"https:\/\/www.europesays.com\/fr\/wp-json\/wp\/v2\/categories?post=252948"},{"taxonomy":"post_tag","embeddable":true,"href":"https:\/\/www.europesays.com\/fr\/wp-json\/wp\/v2\/tags?post=252948"}],"curies":[{"name":"wp","href":"https:\/\/api.w.org\/{rel}","templated":true}]}}