{"id":252961,"date":"2025-07-17T03:59:22","date_gmt":"2025-07-17T03:59:22","guid":{"rendered":"https:\/\/www.europesays.com\/fr\/252961\/"},"modified":"2025-07-17T03:59:22","modified_gmt":"2025-07-17T03:59:22","slug":"la-reponse-de-kylian-mbappe-apres-une-enquete-ouverte-par-ligpn","status":"publish","type":"post","link":"https:\/\/www.europesays.com\/fr\/252961\/","title":{"rendered":"la r\u00e9ponse de Kylian Mbapp\u00e9 apr\u00e8s une enqu\u00eate ouverte par l\u2019IGPN"},"content":{"rendered":"<p>Le capitaine de l\u2019\u00e9quipe de France, mis en cause dans un article du Canard Encha\u00een\u00e9, a tenu \u00e0 apporter sa version des faits au sujet du versement d\u2019une somme importante \u00e0 des policiers charg\u00e9s de la protection de la s\u00e9lection.<\/p>\n<p class=\"fig-paragraph\">Depuis une semaine et une \u00e9limination en demi-finale de la coupe du monde des clubs contre<a href=\"http:\/\/www.lefigaro.fr\/sports\/football\/coupe-du-monde\/psg-real-madrid-mbappe-et-les-stars-madrilenes-balayes-un-gout-de-deja-vu-20250710\" data-fig-type=\"NewsFlash\" data-gtm-custom-categorie=\"navigation\" data-gtm-custom-action=\"crossclick\" data-gtm-custom-label=\"Contextuel\" data-gtm-event=\"customEventSPE\" data-fig-domain=\"LEFIGARO\" target=\"_blank\" rel=\"noopener\">\u00a0le Paris SG (4-0)<\/a>,\u00a0<a href=\"http:\/\/www.lefigaro.fr\/sports\/football\/psg-galactique-meilleure-equipe-du-monde-coup-de-massue-pour-mbappe-et-le-real-madrid-la-presse-mondiale-salue-le-recital-parisien-20250710\" data-fig-type=\"NewsFlash\" data-gtm-custom-categorie=\"navigation\" data-gtm-custom-action=\"crossclick\" data-gtm-custom-label=\"Contextuel\" data-gtm-event=\"customEventSPE\" data-fig-domain=\"LEFIGARO\" target=\"_blank\" rel=\"noopener\">Kylian Mbapp\u00e9<\/a>\u00a0profite de ses vacances. Bien loin du football et d\u2019un calendrier infernal. Toutefois, la star du Real Madrid reste, comme toujours, dans l\u2019actualit\u00e9. Dans un article du\u00a0<a href=\"https:\/\/www.lecanardenchaine.fr\/police-justice\/51367-kylian-mbappe-se-paie-des-flics-ligpn-siffle-penalty\" target=\"_blank\" rel=\"sponsored noopener\" data-gtm-custom-categorie=\"navigation\" data-gtm-custom-action=\"crossclick\" data-gtm-custom-label=\"Contextuel\" data-gtm-event=\"customEventSPE\">Canard Encha\u00een\u00e9<\/a>, le capitaine des Bleus est vis\u00e9 par certaines accusations qui font l\u2019objet de l\u2019ouverture d\u2019une enqu\u00eate administrative apr\u00e8s un don effectu\u00e9 \u00e0 cinq membres des CRS en charge de la protection de l\u2019\u00e9quipe de France en 2023.<\/p>\n<p class=\"fig-paragraph\">Selon nos confr\u00e8res, l\u2019affaire a \u00e9t\u00e9 signal\u00e9e par un document de Tracfin, (service de renseignement fran\u00e7ais, charg\u00e9 de la lutte contre le blanchiment d\u2019argent, le financement du terrorisme mais aussi contre la fraude fiscale). Qu\u2019est-il reproch\u00e9 au champion du monde 2018\u00a0? Il aurait vers\u00e9 aux quatre brigadiers-chefs un ch\u00e8que de 30.000 euros et 60.300 euros \u00e0 leur sup\u00e9rieur, soit un total de 180.300 euros.<\/p>\n<p>                                    <a class=\"fig-a11y-skip a11y-hidden\" href=\"#fig-a11y-skip-main-inarticle\"><br \/>\n        Passer la publicit\u00e9<br \/>\n    <\/a><\/p>\n<p>Mbapp\u00e9 a revers\u00e9 l\u2019int\u00e9gralit\u00e9 de sa prime du Mondial 2022 \u00e0 des associations ainsi qu\u2019aux membres de la s\u00e9curit\u00e9 des Bleus<\/p>\n<p class=\"fig-paragraph\">L\u2019Inspection g\u00e9n\u00e9rale de la police nationale (IGPN), qui a ouvert une enqu\u00eate, s\u2019int\u00e9resse au r\u00f4le des diff\u00e9rents protagonistes, et notamment le commandant. Il est notamment question de la probit\u00e9 de ce dernier, entrevu aupr\u00e8s de l\u2019international fran\u00e7ais lors d\u2019un voyage au Cameroun. Kylian Mbapp\u00e9, dans une attestation sign\u00e9e de sa main, avait expliqu\u00e9 avoir revers\u00e9 l\u2019int\u00e9gralit\u00e9 de sa prime de participation \u00e0 la coupe du monde au Qatar \u00e0 des associations ainsi qu\u2019aux membres de l\u2019\u00e9quipe charg\u00e9e de la s\u00e9curit\u00e9 des joueurs fran\u00e7ais au Qatar. L\u2019entourage du joueur a tenu \u00e0 r\u00e9agir ce mercredi soir afin de \u00abclarifier les faits\u00bb qui lui sont reproch\u00e9s.<\/p>\n<blockquote class=\"fig-quote&#10;    \">\n<p class=\"fig-quote__text\">\u00ab Tous les membres du staff avaient per\u00e7u leur prime post-Mondial \u2014 sauf eux. Ce don a \u00e9t\u00e9 fait dans un esprit d\u2019\u00e9quit\u00e9, de reconnaissance du travail accompli, sans aucune contrepartie\u00a0\u00bb<\/p>\n<p>            L\u2019entourage de Kylian Mbapp\u00e9\n    <\/p><\/blockquote>\n<p class=\"fig-paragraph\">\u00abDepuis ses d\u00e9buts en \u00e9quipe de France, Kylian Mbapp\u00e9 a toujours choisi de reverser l\u2019int\u00e9gralit\u00e9 de ses primes de s\u00e9lection, avance le communiqu\u00e9. C\u2019est ce qu\u2019il a fait apr\u00e8s la Coupe du Monde 2022, en toute transparence\u00a0: une partie a \u00e9t\u00e9 vers\u00e9e \u00e0 des associations, comme Premiers de Cord\u00e9e, et l\u2019autre \u00e0 l\u2019ensemble des agents de s\u00e9curit\u00e9 qui ont accompagn\u00e9 l\u2019\u00e9quipe de France, soit huit personnes, dont plusieurs CRS d\u00e9tach\u00e9s aupr\u00e8s de la FFF. Tous les membres du staff avaient per\u00e7u leur prime post-Mondial \u2014 sauf eux. Ce don a \u00e9t\u00e9 fait dans un esprit d\u2019\u00e9quit\u00e9, de reconnaissance du travail accompli, sans aucune contrepartie.\u00bb<\/p>\n<p>Pour l\u2019entourage de Kylian Mbapp\u00e9, \u00abtout a \u00e9t\u00e9 fait dans le respect des r\u00e8gles\u00bb<\/p>\n<p class=\"fig-paragraph\">Sur la question du commandant, pr\u00e9sent au Cameroun \u00e0 ses c\u00f4t\u00e9s en juillet 2023, l\u2019entourage du joueur livre sa version des faits. \u00abLe commandant S., en particulier, n\u2019a jamais \u00e9t\u00e9 r\u00e9mun\u00e9r\u00e9 pour sa pr\u00e9sence aupr\u00e8s de Kylian, y compris lors de d\u00e9placements comme celui au Cameroun. Il agissait en tant que repr\u00e9sentant officiel de la R\u00e9publique et de la F\u00e9d\u00e9ration, comme il l\u2019avait d\u00e9j\u00e0 fait aux c\u00f4t\u00e9s d\u2019autres joueurs avant Kylian.\u00bb<\/p>\n<p class=\"fig-paragraph\">Face \u00e0 l\u2019ampleur de cette affaire, Kylian Mbapp\u00e9 et son entourage assurent que \u00abtout a \u00e9t\u00e9 fait dans le respect des r\u00e8gles\u00bb mais aussi \u00abdans l\u2019esprit de la loi qui autorise un joueur \u00e0 exprimer sa reconnaissance envers celles et ceux qui travaillent dans l\u2019ombre, avec loyaut\u00e9 et engagement\u00bb. Avant de conclure: \u00abCe lien de confiance entre les joueurs et les agents de s\u00e9curit\u00e9 m\u00e9rite d\u2019\u00eatre reconnu, pas d\u00e9valoris\u00e9.\u00bb<\/p>\n","protected":false},"excerpt":{"rendered":"Le capitaine de l\u2019\u00e9quipe de France, mis en cause dans un article du Canard Encha\u00een\u00e9, a tenu \u00e0&hellip;\n","protected":false},"author":2,"featured_media":252962,"comment_status":"","ping_status":"","sticky":false,"template":"","format":"standard","meta":{"footnotes":""},"categories":[1888],"tags":[1111,1928,11,1927,20532,64,1777,674,1011,27,6477,12,1926,626,1925,93,25],"class_list":{"0":"post-252961","1":"post","2":"type-post","3":"status-publish","4":"format-standard","5":"has-post-thumbnail","7":"category-paris","8":"tag-actu","9":"tag-actu-paris","10":"tag-actualites","11":"tag-actualites-paris","12":"tag-didier-deschamps","13":"tag-equipe-de-france","14":"tag-eu","15":"tag-europe","16":"tag-fr","17":"tag-france","18":"tag-kylian-mbappe","19":"tag-news","20":"tag-news-paris","21":"tag-paris","22":"tag-paris-news","23":"tag-psg","24":"tag-republique-francaise"},"share_on_mastodon":{"url":"https:\/\/pubeurope.com\/@fr\/114866576714023539","error":""},"_links":{"self":[{"href":"https:\/\/www.europesays.com\/fr\/wp-json\/wp\/v2\/posts\/252961","targetHints":{"allow":["GET"]}}],"collection":[{"href":"https:\/\/www.europesays.com\/fr\/wp-json\/wp\/v2\/posts"}],"about":[{"href":"https:\/\/www.europesays.com\/fr\/wp-json\/wp\/v2\/types\/post"}],"author":[{"embeddable":true,"href":"https:\/\/www.europesays.com\/fr\/wp-json\/wp\/v2\/users\/2"}],"replies":[{"embeddable":true,"href":"https:\/\/www.europesays.com\/fr\/wp-json\/wp\/v2\/comments?post=252961"}],"version-history":[{"count":0,"href":"https:\/\/www.europesays.com\/fr\/wp-json\/wp\/v2\/posts\/252961\/revisions"}],"wp:featuredmedia":[{"embeddable":true,"href":"https:\/\/www.europesays.com\/fr\/wp-json\/wp\/v2\/media\/252962"}],"wp:attachment":[{"href":"https:\/\/www.europesays.com\/fr\/wp-json\/wp\/v2\/media?parent=252961"}],"wp:term":[{"taxonomy":"category","embeddable":true,"href":"https:\/\/www.europesays.com\/fr\/wp-json\/wp\/v2\/categories?post=252961"},{"taxonomy":"post_tag","embeddable":true,"href":"https:\/\/www.europesays.com\/fr\/wp-json\/wp\/v2\/tags?post=252961"}],"curies":[{"name":"wp","href":"https:\/\/api.w.org\/{rel}","templated":true}]}}