{"id":252967,"date":"2025-07-17T04:02:20","date_gmt":"2025-07-17T04:02:20","guid":{"rendered":"https:\/\/www.europesays.com\/fr\/252967\/"},"modified":"2025-07-17T04:02:20","modified_gmt":"2025-07-17T04:02:20","slug":"cette-nouvelle-strategie-de-la-russie-seme-la-peur-en-ukraine","status":"publish","type":"post","link":"https:\/\/www.europesays.com\/fr\/252967\/","title":{"rendered":"Cette nouvelle strat\u00e9gie de la Russie s\u00e8me la peur en Ukraine"},"content":{"rendered":"<p><img decoding=\"async\" src=\"https:\/\/www.europesays.com\/fr\/wp-content\/uploads\/2025\/07\/4489707065564919.webp\" fetchpriority=\"high\" width=\"2000\" height=\"1280\" alt=\"L'utilisation des drones \u00e0 des fins de guerre psychologique continue de s'amplifier en Ukraine.\" data-image-id=\"4489707065564919\" class=\"watson-snippet__image bg-grey-10 block h-auto w-full \"\/><\/p>\n<p>L&rsquo;utilisation des drones \u00e0 des fins de guerre psychologique continue de s&rsquo;amplifier en Ukraine.Image: watson<\/p>\n<p>Les attaques russes contre les centres de recrutement deviennent un instrument de guerre psychologique, d&rsquo;autant plus que la mobilisation est un sujet d\u00e9licat au sein de la population ukrainienne.<\/p>\n<p>17.07.2025, 05:2817.07.2025, 05:28<\/p>\n<p>Denis Trubetskoy \/ CH media<\/p>\n<p>Plus de \u00abInternational\u00bb<\/p>\n<p class=\"watson-snippet__text my-6 text-[16px] lg:text-[18px] leading-normal md:w-3\/5\">Un dimanche \u00e0 Samar, dans l\u2019est de l\u2019<a target=\"_blank\" rel=\"nofollow noopener\" href=\"https:\/\/www.watson.ch\/fr\/ukraine\/\">Ukraine<\/a>. Un drone frappe le centre de recrutement local. En pleine journ\u00e9e, comme cela s\u2019est d\u00e9j\u00e0 produit dans des villes telles que Kharkiv, Odessa ou Zaporijia. Ces attaques suivent une logique bien \u00e9tablie. <\/p>\n<p>Un message cynique est inscrit sur le <a target=\"_blank\" rel=\"nofollow noopener\" href=\"https:\/\/www.watson.ch\/fr\/drone\/\" class=\"\">drone<\/a>, en ukrainien:<\/p>\n<p>\u00abPour le centre de recrutement, de la part des habitants reconnaissants de la ville de Samar\u00bb<\/p>\n<p class=\"watson-snippet__text my-6 text-[16px] lg:text-[18px] leading-normal md:w-3\/5\">Des inscriptions similaires ont r\u00e9cemment \u00e9t\u00e9 observ\u00e9es sur d\u2019autres drones dirig\u00e9s depuis la <a target=\"_blank\" rel=\"nofollow noopener\" href=\"https:\/\/www.watson.ch\/fr\/russie\/\">Russie<\/a> vers diverses localit\u00e9s.<\/p>\n<p class=\"watson-snippet__text my-6 text-[16px] lg:text-[18px] leading-normal md:w-3\/5\">Depuis le d\u00e9but de la guerre en f\u00e9vrier 2022, <a target=\"_blank\" rel=\"nofollow noopener\" href=\"https:\/\/www.watson.ch\/fr\/moscou\/\">Moscou<\/a> tente de perturber le processus de mobilisation en Ukraine. Derni\u00e8rement, on a observ\u00e9 une forte augmentation des incendies criminels visant les centres de recrutement de l\u2019arm\u00e9e. Les auteurs seraient souvent des Ukrainiens de tout \u00e2ge, attir\u00e9s par une r\u00e9mun\u00e9ration facile ou contraints par des menaces. Jusqu\u2019\u00e0 pr\u00e9sent, ces actes n\u2019ont eu qu\u2019un effet limit\u00e9.<\/p>\n<p class=\"watson-snippet__text my-6 text-[16px] lg:text-[18px] leading-normal md:w-3\/5\">Mais aujourd&rsquo;hui, la situation est diff\u00e9rente: la Russie a lanc\u00e9 une vaste campagne de d\u00e9nigrement, principalement en ligne, contre la mobilisation ukrainienne. Certes, des cas de mobilisation forc\u00e9e et violente ont \u00e9t\u00e9 signal\u00e9s en Ukraine. Mais la Russie en exag\u00e8re fortement l\u2019ampleur du ph\u00e9nom\u00e8ne dans sa propagande, dans le but de semer le doute au sein de la population.<\/p>\n<p><img decoding=\"async\" src=\"https:\/\/www.europesays.com\/fr\/wp-content\/uploads\/2025\/07\/6604951151677903.webp\" loading=\"lazy\" width=\"2000\" height=\"1335\" alt=\"Le centre de recrutement de Poltava apr\u00e8s une attaque de drone russe d\u00e9but juillet : deux personnes sont mortes dans l'attaque et onze ont \u00e9t\u00e9 bless\u00e9es.\" data-image-id=\"6604951151677903\" class=\"watson-snippet__image bg-grey-10 block h-auto w-full \"\/><\/p>\n<p>Le centre de recrutement de Poltava apr\u00e8s une attaque de drone russe d\u00e9but juillet: deux personnes sont mortes dans l&rsquo;attaque et onze ont \u00e9t\u00e9 bless\u00e9es.Image: Getty<\/p>\n<p>La peur des drones russes s&rsquo;immisce dans les esprits<\/p>\n<p class=\"watson-snippet__text my-6 text-[16px] lg:text-[18px] leading-normal md:w-3\/5\">Cette propagande semble porter ses fruits. La peur de la mobilisation augmente chez les hommes, d\u2019autant plus que la guerre se prolonge et que les drones russes deviennent de plus en plus dangereux. Le fait que la Russie cible d\u00e9sormais intentionnellement les centres de recrutement ukrainiens avec des drones et des missiles constitue une nouveaut\u00e9 dans ce conflit.<\/p>\n<p class=\"watson-snippet__text my-6 text-[16px] lg:text-[18px] leading-normal md:w-3\/5\">Vitaliy Sarantsev, porte-parole des forces terrestres ukrainiennes responsables des centres de recrutement, d\u00e9clare:<\/p>\n<p>\u00abLes attaques russes contre les centres de recrutement sont une tentative de perturber la mobilisation en Ukraine.\u00bb<\/p>\n<p class=\"watson-snippet__text my-6 text-[16px] lg:text-[18px] leading-normal md:w-3\/5\">Selon lui, d\u2019autres attaques de ce type sont in\u00e9vitables, mais les Russes ne parviendront pas \u00e0 stopper la mobilisation, qui se poursuivra sans interruption.<\/p>\n<p><img decoding=\"async\" src=\"https:\/\/www.europesays.com\/fr\/wp-content\/uploads\/2025\/07\/6034111259338169.webp\" loading=\"lazy\" width=\"2000\" height=\"1333\" alt=\"Un drone kamikaze russe lors d'une attaque sur Kiev.\" data-image-id=\"6034111259338169\" class=\"watson-snippet__image bg-grey-10 block h-auto w-full \"\/><\/p>\n<p>Un drone kamikaze russe lors d&rsquo;une attaque sur Kiev.Image: Efrem Lukatsky \/ AP<\/p>\n<p class=\"watson-snippet__text my-6 text-[16px] lg:text-[18px] leading-normal md:w-3\/5\">Apr\u00e8s trois ans et demi de guerre, l&rsquo;enr\u00f4lement de nouveaux soldats est devenu l\u2019un des plus grands d\u00e9fis pour l\u2019arm\u00e9e ukrainienne, notamment en raison de l\u2019\u00e9cart d\u00e9mographique avec la Russie. Pourtant, rien n&rsquo;indique que l\u2019Ukraine pourrait \u00e9chouer par manque de personnel militaire, d\u2019autant que les avanc\u00e9es russes lors de la campagne d\u2019\u00e9t\u00e9 restent limit\u00e9es.<\/p>\n<p class=\"watson-snippet__text my-6 text-[16px] lg:text-[18px] leading-normal md:w-3\/5\">Il est donc peu probable que la nouvelle strat\u00e9gie de <a target=\"_blank\" rel=\"nofollow noopener\" href=\"https:\/\/www.watson.ch\/fr\/poutine\/\">Poutine<\/a> change fondamentalement la donne. Tout d&rsquo;abord parce que l\u2019Ukraine dispose d\u2019un grand nombre de bureaux de recrutement. Ensuite, parce que les bases de donn\u00e9es n\u00e9cessaires ont \u00e9t\u00e9 beaucoup mieux num\u00e9ris\u00e9es qu\u2019auparavant. La bureaucratie sur place a donc moins d\u2019importance qu\u2019autrefois.<\/p>\n<p>User des r\u00e9seaux sociaux pour semer le doute<\/p>\n<p class=\"watson-snippet__text my-6 text-[16px] lg:text-[18px] leading-normal md:w-3\/5\">L\u2019objectif principal des attaques russes sur les centres de recrutement est avant tout d&rsquo;ordre psychologique. C\u2019est ce qu\u2019explique Ivan Tymotchko, chef de l\u2019association des r\u00e9servistes des forces terrestres. Le but est de provoquer un conflit ouvert entre les civils et les militaires. La Russie esp\u00e8re ainsi attiser l\u2019opposition \u00e0 la mobilisation en Ukraine.<\/p>\n<p class=\"watson-snippet__text my-6 text-[16px] lg:text-[18px] leading-normal md:w-3\/5\">Pour ce faire, Moscou mise de plus en plus sur les <a target=\"_blank\" rel=\"nofollow noopener\" href=\"https:\/\/www.watson.ch\/fr\/reseaux-sociaux\/\" class=\"\">r\u00e9seaux sociaux<\/a> ukrainiens. Sur Telegram notamment, une vague de commentaires soi-disant ukrainiens se r\u00e9jouissant des attaques contre les centres de recrutement s\u2019est r\u00e9pandue ces derniers jours.<\/p>\n<p class=\"watson-snippet__text my-6 text-[16px] lg:text-[18px] leading-normal md:w-3\/5\">Ces commentaires reprennent des r\u00e9cits connus, comme l\u2019id\u00e9e que les d\u00e9put\u00e9s et leurs fils devraient \u00eatre mobilis\u00e9s en premier, ou que la guerre continuerait parce que les dirigeants ukrainiens en profiteraient financi\u00e8rement.<\/p>\n<p class=\"watson-snippet__text my-6 text-[16px] lg:text-[18px] leading-normal md:w-3\/5\">Mais le fait que la plupart de ces messages proviennent en r\u00e9alit\u00e9 de Russie est \u00e9vident, notamment \u00e0 cause des potentielles cons\u00e9quences juridiques pour les citoyens ukrainiens. Le Kremlin touche n\u00e9anmoins un point sensible: l&rsquo;h\u00e9sitation de nombreux hommes ukrainiens \u00e0 rejoindre la mobilisation.<\/p>\n<p>Une strat\u00e9gie revue pour r\u00e9pandre la peur<\/p>\n<p class=\"watson-snippet__text my-6 text-[16px] lg:text-[18px] leading-normal md:w-3\/5\">D\u2019un c\u00f4t\u00e9, la poursuite de la mobilisation est n\u00e9cessaire \u00e0 la d\u00e9fense contre la Russie. De l\u2019autre, la peur augmente chez les potentielles recrues, parce que le front est devenu de plus en plus mortel, surtout \u00e0 cause des drones russes. <\/p>\n<p class=\"watson-snippet__text my-6 text-[16px] lg:text-[18px] leading-normal md:w-3\/5\">Cette nouvelle tactique russe est plus dangereuse pour la coh\u00e9sion de la population ukrainienne que les attaques contre les centrales \u00e9lectriques, par exemple, qui ont priv\u00e9 de nombreux Ukrainiens de chauffage et d\u2019\u00e9lectricit\u00e9 en hiver. La Russie s&rsquo;attendait \u00e0 des protestations au sein de la population, mais \u00e0 l&rsquo;inverse, ces attaques ont renforc\u00e9 l\u2019unit\u00e9 des Ukrainiens. Miser sur la mobilisation semble donc une strat\u00e9gie bien plus prometteuse pour la Russie.<\/p>\n<p class=\"watson-snippet__text my-6 text-[16px] lg:text-[18px] leading-normal md:w-3\/5\">Traduit de l&rsquo;allemand par Anne Castella<\/p>\n<p>Toute l&rsquo;actu&rsquo; br\u00fblante sur l&rsquo;Ukraine&#8230;<\/p>\n<p>Montrer tous les articles<\/p>\n<p>La guerre en Ukraine en images<\/p>\n<p>1 \/ 18<\/p>\n<p>La guerre en Ukraine en images<\/p>\n<p>Un b\u00e2timent en flammes apr\u00e8s un bombardement russe, Kiev. <\/p>\n<p><a href=\"\" target=\"_blank\" aria-label=\"partager sur Facebook\" class=\"watson-sharebar__panel__icons-fb mr-2\"><img decoding=\"async\" src=\"https:\/\/www.europesays.com\/fr\/wp-content\/uploads\/2025\/04\/facebook.png\" alt=\"partager sur Facebook\" width=\"20\" height=\"20\" loading=\"lazy\" class=\"h-5 w-auto lg:h-4\"\/><\/a><a href=\"\" target=\"_blank\" aria-label=\"partager sur X\" class=\"watson-sharebar__panel__icons-tw mr-2\"><img decoding=\"async\" src=\"https:\/\/www.watson.ch\/fr\/_watsui\/static\/img\/socialicons\/icon_filled_x.svg\" alt=\"partager sur X\" width=\"20\" height=\"20\" loading=\"lazy\" class=\"h-4 w-auto lg:h-3\"\/><\/a><\/p>\n<p>L&rsquo;Ukraine attaque une ville russe situ\u00e9e \u00e0 1300 km de ses fronti\u00e8res<\/p>\n<p>Video: watson<\/p>\n<p>Ceci pourrait \u00e9galement vous int\u00e9resser:<\/p>\n<p>        <a href=\"https:\/\/www.watson.ch\/fr\/international\/bresil\/120174862-bresil-lula-se-paie-la-tete-de-trump\" aria-label=\"L\u2019article\" class=\"watson-next-story__link absolute inset-0 z-10\" rel=\"nofollow noopener\" target=\"_blank\"><\/p>\n<p>L&rsquo;\u00abing\u00e9rence\u00bb de Donald Trump dans la politique br\u00e9silienne booste involontairement la cote de Lula et son discours d&rsquo;union, estime un expert. Le pr\u00e9sident br\u00e9silien s&rsquo;est m\u00eame permis d&rsquo;adresser une petite pique \u00e0 son homologue am\u00e9ricain.<\/p>\n<p>Le jabuticaba, un fruit embl\u00e9matique du Br\u00e9sil ressemblant au raisin noir, pour gu\u00e9rir de la \u00abmauvaise humeur\u00bb? C&rsquo;est l&rsquo;ironique suggestion faite par Lula \u00e0 Donald Trump, en pleine guerre commerciale lanc\u00e9e par les Etats-Unis. \u00abJe vais t&rsquo;apporter des jabuticabas, Trump\u00bb, dit le pr\u00e9sident br\u00e9silien de gauche, cueillant ces fruits dans une vid\u00e9o partag\u00e9e ce week-end sur les r\u00e9seaux sociaux par la premi\u00e8re dame, Rosangela da Silva, dite \u00abJanja\u00bb.<\/p>\n","protected":false},"excerpt":{"rendered":"L&rsquo;utilisation des drones \u00e0 des fins de guerre psychologique continue de s&rsquo;amplifier en Ukraine.Image: watson Les attaques russes&hellip;\n","protected":false},"author":2,"featured_media":252968,"comment_status":"","ping_status":"","sticky":false,"template":"","format":"standard","meta":{"footnotes":""},"categories":[1591],"tags":[11,1887,12,1885,1886,132],"class_list":{"0":"post-252967","1":"post","2":"type-post","3":"status-publish","4":"format-standard","5":"has-post-thumbnail","7":"category-russie","8":"tag-actualites","9":"tag-federation-de-russie","10":"tag-news","11":"tag-russia","12":"tag-russian-federation","13":"tag-russie"},"share_on_mastodon":{"url":"https:\/\/pubeurope.com\/@fr\/114866588702077283","error":""},"_links":{"self":[{"href":"https:\/\/www.europesays.com\/fr\/wp-json\/wp\/v2\/posts\/252967","targetHints":{"allow":["GET"]}}],"collection":[{"href":"https:\/\/www.europesays.com\/fr\/wp-json\/wp\/v2\/posts"}],"about":[{"href":"https:\/\/www.europesays.com\/fr\/wp-json\/wp\/v2\/types\/post"}],"author":[{"embeddable":true,"href":"https:\/\/www.europesays.com\/fr\/wp-json\/wp\/v2\/users\/2"}],"replies":[{"embeddable":true,"href":"https:\/\/www.europesays.com\/fr\/wp-json\/wp\/v2\/comments?post=252967"}],"version-history":[{"count":0,"href":"https:\/\/www.europesays.com\/fr\/wp-json\/wp\/v2\/posts\/252967\/revisions"}],"wp:featuredmedia":[{"embeddable":true,"href":"https:\/\/www.europesays.com\/fr\/wp-json\/wp\/v2\/media\/252968"}],"wp:attachment":[{"href":"https:\/\/www.europesays.com\/fr\/wp-json\/wp\/v2\/media?parent=252967"}],"wp:term":[{"taxonomy":"category","embeddable":true,"href":"https:\/\/www.europesays.com\/fr\/wp-json\/wp\/v2\/categories?post=252967"},{"taxonomy":"post_tag","embeddable":true,"href":"https:\/\/www.europesays.com\/fr\/wp-json\/wp\/v2\/tags?post=252967"}],"curies":[{"name":"wp","href":"https:\/\/api.w.org\/{rel}","templated":true}]}}